{"id":8758,"date":"2023-01-13T09:30:38","date_gmt":"2023-01-13T08:30:38","guid":{"rendered":"https:\/\/agora.xtec.cat\/iesrb4\/?p=8758"},"modified":"2023-02-08T09:40:27","modified_gmt":"2023-02-08T08:40:27","slug":"sortida-al-parlament-de-catalunya","status":"publish","type":"post","link":"https:\/\/agora.xtec.cat\/iesrb4\/batxillerat\/sortida-al-parlament-de-catalunya\/","title":{"rendered":"Sortida al Parlament de Catalunya"},"content":{"rendered":"<p style=\"text-align: center;\">\r\n\t<div class=\"slideshow_container slideshow_container_style-light\" style=\"height: 300px; \" data-slideshow-id=\"8764\" data-style-name=\"style-light\" data-style-version=\"2.3.1\" >\r\n\r\n\t\t\t\t\t<div class=\"slideshow_loading_icon\"><\/div>\r\n\t\t\r\n\t\t<div class=\"slideshow_content\" style=\"display: none;\">\r\n\r\n\t\t\t<div class=\"slideshow_view\">\r\n\t\t\t\t<div class=\"slideshow_slide slideshow_slide_image\">\r\n\t\t\t\t\t\t\t\t\t\t\t<img src=\"https:\/\/agora.xtec.cat\/iesrb4\/wp-content\/uploads\/usu434\/2023\/02\/1-1.jpg\" alt=\"1\" width=\"1349\" height=\"760\" \/>\r\n\t\t\t\t\t\t\t\t\t\t<div class=\"slideshow_description_box slideshow_transparent\">\r\n\t\t\t\t\t\t<div class=\"slideshow_title\">1<\/div>\t\t\t\t\t\t\t\t\t\t\t<\/div>\r\n\t\t\t\t<\/div>\r\n\r\n\t\t\t\t\t\t<div style=\"clear: both;\"><\/div><\/div><div class=\"slideshow_view\">\r\n\t\t\t\t<div class=\"slideshow_slide slideshow_slide_image\">\r\n\t\t\t\t\t\t\t\t\t\t\t<img src=\"https:\/\/agora.xtec.cat\/iesrb4\/wp-content\/uploads\/usu434\/2023\/02\/2-1.jpg\" alt=\"2\" width=\"1338\" height=\"750\" \/>\r\n\t\t\t\t\t\t\t\t\t\t<div class=\"slideshow_description_box slideshow_transparent\">\r\n\t\t\t\t\t\t<div class=\"slideshow_title\">2<\/div>\t\t\t\t\t\t\t\t\t\t\t<\/div>\r\n\t\t\t\t<\/div>\r\n\r\n\t\t\t\t\t\t<div style=\"clear: both;\"><\/div><\/div><div class=\"slideshow_view\">\r\n\t\t\t\t<div class=\"slideshow_slide slideshow_slide_image\">\r\n\t\t\t\t\t\t\t\t\t\t\t<img src=\"https:\/\/agora.xtec.cat\/iesrb4\/wp-content\/uploads\/usu434\/2023\/02\/3-1.jpg\" alt=\"3\" width=\"1339\" height=\"754\" \/>\r\n\t\t\t\t\t\t\t\t\t\t<div class=\"slideshow_description_box slideshow_transparent\">\r\n\t\t\t\t\t\t<div class=\"slideshow_title\">3<\/div>\t\t\t\t\t\t\t\t\t\t\t<\/div>\r\n\t\t\t\t<\/div>\r\n\r\n\t\t\t\t\t\t<div style=\"clear: both;\"><\/div><\/div><div class=\"slideshow_view\">\r\n\t\t\t\t<div class=\"slideshow_slide slideshow_slide_image\">\r\n\t\t\t\t\t\t\t\t\t\t\t<img src=\"https:\/\/agora.xtec.cat\/iesrb4\/wp-content\/uploads\/usu434\/2023\/02\/4-1.jpg\" alt=\"4\" width=\"422\" height=\"753\" \/>\r\n\t\t\t\t\t\t\t\t\t\t<div class=\"slideshow_description_box slideshow_transparent\">\r\n\t\t\t\t\t\t<div class=\"slideshow_title\">4<\/div>\t\t\t\t\t\t\t\t\t\t\t<\/div>\r\n\t\t\t\t<\/div>\r\n\r\n\t\t\t\t\t\t<div style=\"clear: both;\"><\/div><\/div>\r\n\t\t<\/div>\r\n\r\n\t\t<div class=\"slideshow_controlPanel slideshow_transparent\" style=\"display: none;\"><ul><li class=\"slideshow_togglePlay\" data-play-text=\"Visualitza\" data-pause-text=\"Pausa\"><\/li><\/ul><\/div>\r\n\r\n\t\t<div class=\"slideshow_button slideshow_previous slideshow_transparent\" role=\"button\" data-previous-text=\"Anterior\" style=\"display: none;\"><\/div>\r\n\t\t<div class=\"slideshow_button slideshow_next slideshow_transparent\" role=\"button\" data-next-text=\"Seg\u00fcent\" style=\"display: none;\"><\/div>\r\n\r\n\t\t<div class=\"slideshow_pagination\" style=\"display: none;\" data-go-to-text=\"V\u00e9s a la diapositiva\"><div class=\"slideshow_pagination_center\"><\/div><\/div>\r\n\r\n\t\t<!-- WordPress Slideshow Version 2.3.1 -->\r\n\r\n\t\t\t<\/div>\r\n\r\n<\/p>\n<p>L\u2019alumnat de 1r batxillerat de la mat\u00e8ria optativa de Ciutadania, Pol\u00edtica i Dret ha visitat el Parlament de Catalunya. El passat 12 de gener, els estudiants, que s\u00f3n de les modalitats de Ci\u00e8ncies Socials i el batxillerat Cient\u00edfic, van fer diverses activitats per con\u00e8ixer millor la pol\u00edtica i el dret.<\/p>\n<p><!--more--><\/p>\n<p>El primer que van fer va ser con\u00e8ixer la guia i organitzadora de les activitats. Seguidament els va portar a una sala on els va explicar la hist\u00f2ria de la instituci\u00f3 i del seu edifici \u2013el Palau del Parlament\u2013 , qu\u00e8 \u00e9s el Parlament, les seves funcions, el sistema electoral, com es fan les eleccions, etc.<\/p>\n<p>Despr\u00e9s van passar a fer una pr\u00e0ctica que consistia en qu\u00e8 els alumnes eren grups parlamentaris amb diversos diputats i un portaveu. Els nois i noies van disposar d\u2019un temps per negociar amb altres partits i veure quines propostes tenien en com\u00fa i aix\u00ed poder formar un sol grup format per dos o m\u00e9s. Aleshores s\u2019unien els nous grups i el que tingu\u00e9s m\u00e9s diputats era el seleccionat.<br \/>\nEn acabar l\u2019activitat la guia va acompanyar els estudiants a veure m\u00e9s del palau, explicant-los molts detalls de la instituci\u00f3.<\/p>\n<p>La sortida va acabar amb una activitat fora del Parlament organitzada pel professor, que consistia a posar-se en grups i respondre les preguntes i propostes: fer lleis que tothom hauria d\u2019acceptar, establir un govern, etc.<\/p>\n<p>En definitiva, va ser una jornada divertida i instructiva, ja que van poder experimentar en primera persona els temes tractats a classe.<\/p>\n<p>Cronista: Nohaila Ezzahraoui, alumna de 1r de batxillerat<\/p>\n<p>&nbsp;<\/p>\n","protected":false},"excerpt":{"rendered":"<p>\t\t\t\t\t\t1\t\t\t\t\t\t\t\t\t\t\t<\/p>\n<p>\t\t\t\t\t\t2\t\t\t\t\t\t\t\t\t\t\t<\/p>\n<p>\t\t\t\t\t\t3\t\t\t\t\t\t\t\t\t\t\t<\/p>\n<p>\t\t\t\t\t\t4\t\t\t\t\t\t\t\t\t\t\t<\/p>\n<ul>\n<li class=\"slideshow_togglePlay\" data-play-text=\"Visualitza\" data-pause-text=\"Pausa\"><\/li>\n<\/ul>\n<p>L\u2019alumnat de 1r batxillerat de la mat\u00e8ria optativa de Ciutadania, Pol\u00edtica i Dret ha visitat el Parlament de Catalunya. El passat 12 de gener, els estudiants, que s\u00f3n de les modalitats de Ci\u00e8ncies Socials i el batxillerat Cient\u00edfic, van fer diverses activitats&hellip;  <a href=\"https:\/\/agora.xtec.cat\/iesrb4\/batxillerat\/sortida-al-parlament-de-catalunya\/\" title=\"Read Sortida al Parlament de Catalunya\">Llegeix m\u00e9s\u00bb<\/a><\/p>\n","protected":false},"author":18,"featured_media":8759,"comment_status":"open","ping_status":"closed","sticky":false,"template":"","format":"standard","meta":{"_bbp_topic_count":0,"_bbp_reply_count":0,"_bbp_total_topic_count":0,"_bbp_total_reply_count":0,"_bbp_voice_count":0,"_bbp_anonymous_reply_count":0,"_bbp_topic_count_hidden":0,"_bbp_reply_count_hidden":0,"_bbp_forum_subforum_count":0,"footnotes":""},"categories":[8,29],"tags":[39],"class_list":["post-8758","post","type-post","status-publish","format-standard","has-post-thumbnail","hentry","category-batxillerat","category-portada","tag-sortides"],"post_mailing_queue_ids":[],"_links":{"self":[{"href":"https:\/\/agora.xtec.cat\/iesrb4\/wp-json\/wp\/v2\/posts\/8758","targetHints":{"allow":["GET"]}}],"collection":[{"href":"https:\/\/agora.xtec.cat\/iesrb4\/wp-json\/wp\/v2\/posts"}],"about":[{"href":"https:\/\/agora.xtec.cat\/iesrb4\/wp-json\/wp\/v2\/types\/post"}],"author":[{"embeddable":true,"href":"https:\/\/agora.xtec.cat\/iesrb4\/wp-json\/wp\/v2\/users\/18"}],"replies":[{"embeddable":true,"href":"https:\/\/agora.xtec.cat\/iesrb4\/wp-json\/wp\/v2\/comments?post=8758"}],"version-history":[{"count":3,"href":"https:\/\/agora.xtec.cat\/iesrb4\/wp-json\/wp\/v2\/posts\/8758\/revisions"}],"predecessor-version":[{"id":8766,"href":"https:\/\/agora.xtec.cat\/iesrb4\/wp-json\/wp\/v2\/posts\/8758\/revisions\/8766"}],"wp:featuredmedia":[{"embeddable":true,"href":"https:\/\/agora.xtec.cat\/iesrb4\/wp-json\/wp\/v2\/media\/8759"}],"wp:attachment":[{"href":"https:\/\/agora.xtec.cat\/iesrb4\/wp-json\/wp\/v2\/media?parent=8758"}],"wp:term":[{"taxonomy":"category","embeddable":true,"href":"https:\/\/agora.xtec.cat\/iesrb4\/wp-json\/wp\/v2\/categories?post=8758"},{"taxonomy":"post_tag","embeddable":true,"href":"https:\/\/agora.xtec.cat\/iesrb4\/wp-json\/wp\/v2\/tags?post=8758"}],"curies":[{"name":"wp","href":"https:\/\/api.w.org\/{rel}","templated":true}]}}