{"id":8639,"date":"2022-11-23T14:56:49","date_gmt":"2022-11-23T13:56:49","guid":{"rendered":"https:\/\/agora.xtec.cat\/iesrb4\/?p=8639"},"modified":"2022-12-15T15:03:39","modified_gmt":"2022-12-15T14:03:39","slug":"exposicio-fotografica-de-la-serralada-de-marina","status":"publish","type":"post","link":"https:\/\/agora.xtec.cat\/iesrb4\/batxillerat\/exposicio-fotografica-de-la-serralada-de-marina\/","title":{"rendered":"Exposici\u00f3 fotogr\u00e0fica de la Serralada de Marina"},"content":{"rendered":"\r\n\t<div class=\"slideshow_container slideshow_container_style-light\" style=\"height: 300px; \" data-slideshow-id=\"8641\" data-style-name=\"style-light\" data-style-version=\"2.3.1\" >\r\n\r\n\t\t\t\t\t<div class=\"slideshow_loading_icon\"><\/div>\r\n\t\t\r\n\t\t<div class=\"slideshow_content\" style=\"display: none;\">\r\n\r\n\t\t\t<div class=\"slideshow_view\">\r\n\t\t\t\t<div class=\"slideshow_slide slideshow_slide_image\">\r\n\t\t\t\t\t\t\t\t\t\t\t<img src=\"https:\/\/agora.xtec.cat\/iesrb4\/wp-content\/uploads\/usu434\/2022\/12\/Jan.jpg\" alt=\"Jan\" width=\"570\" height=\"815\" \/>\r\n\t\t\t\t\t\t\t\t\t\t<div class=\"slideshow_description_box slideshow_transparent\">\r\n\t\t\t\t\t\t<div class=\"slideshow_title\">Jan<\/div>\t\t\t\t\t\t\t\t\t\t\t<\/div>\r\n\t\t\t\t<\/div>\r\n\r\n\t\t\t\t\t\t<div style=\"clear: both;\"><\/div><\/div><div class=\"slideshow_view\">\r\n\t\t\t\t<div class=\"slideshow_slide slideshow_slide_image\">\r\n\t\t\t\t\t\t\t\t\t\t\t<img src=\"https:\/\/agora.xtec.cat\/iesrb4\/wp-content\/uploads\/usu434\/2022\/12\/Fotografia-Lucia-Rubio.jpg\" alt=\"Fotografia Lucia Rubio\" width=\"2016\" height=\"1512\" \/>\r\n\t\t\t\t\t\t\t\t\t\t<div class=\"slideshow_description_box slideshow_transparent\">\r\n\t\t\t\t\t\t<div class=\"slideshow_title\">Fotografia Lucia Rubio<\/div>\t\t\t\t\t\t\t\t\t\t\t<\/div>\r\n\t\t\t\t<\/div>\r\n\r\n\t\t\t\t\t\t<div style=\"clear: both;\"><\/div><\/div><div class=\"slideshow_view\">\r\n\t\t\t\t<div class=\"slideshow_slide slideshow_slide_image\">\r\n\t\t\t\t\t\t\t\t\t\t\t<img src=\"https:\/\/agora.xtec.cat\/iesrb4\/wp-content\/uploads\/usu434\/2022\/12\/Fotografia-Antonella-Torres.jpg\" alt=\"Fotografia Antonella Torres\" width=\"2000\" height=\"1500\" \/>\r\n\t\t\t\t\t\t\t\t\t\t<div class=\"slideshow_description_box slideshow_transparent\">\r\n\t\t\t\t\t\t<div class=\"slideshow_title\">Fotografia Antonella Torres<\/div>\t\t\t\t\t\t\t\t\t\t\t<\/div>\r\n\t\t\t\t<\/div>\r\n\r\n\t\t\t\t\t\t<div style=\"clear: both;\"><\/div><\/div>\r\n\t\t<\/div>\r\n\r\n\t\t<div class=\"slideshow_controlPanel slideshow_transparent\" style=\"display: none;\"><ul><li class=\"slideshow_togglePlay\" data-play-text=\"Visualitza\" data-pause-text=\"Pausa\"><\/li><\/ul><\/div>\r\n\r\n\t\t<div class=\"slideshow_button slideshow_previous slideshow_transparent\" role=\"button\" data-previous-text=\"Anterior\" style=\"display: none;\"><\/div>\r\n\t\t<div class=\"slideshow_button slideshow_next slideshow_transparent\" role=\"button\" data-next-text=\"Seg\u00fcent\" style=\"display: none;\"><\/div>\r\n\r\n\t\t<div class=\"slideshow_pagination\" style=\"display: none;\" data-go-to-text=\"V\u00e9s a la diapositiva\"><div class=\"slideshow_pagination_center\"><\/div><\/div>\r\n\r\n\t\t<!-- WordPress Slideshow Version 2.3.1 -->\r\n\r\n\t\t\t<\/div>\r\n\r\n\n<p>Enguany, amb motiu de la 28ena plantada i dins de la mat\u00e8ria de CULTURA AUDIOVISUAL els alumnes de segon curs del batxillerat art\u00edstic hem fet una exposici\u00f3 de fotografies al parc natural de la Serralada de Marina. En les fotografies, que podeu veure a la 1a planta de l&#8217;edifici B de l\u2019institut, hem defensat la relativitat d&#8217;establir els l\u00edmits de la simbiosi dels conceptes natura-artifici en relaci\u00f3 al paisatge.<\/p>\n<p><!--more--><\/p>\n<p>Comentaris dels alumnes: IRENE MART\u00cdNEZ I JORDI SALES, alumnes de 2n de batxillerat:<br \/>\nPodem dir que, en la minimalista fotografia de la Lucia Rubio, la petjada que dibuixa el tractor sobre la textura del terra es converteix en l&#8217;element principal per parlar-nos del rastre de l&#8217;\u00e9sser hum\u00e0 mecanitzat pel progr\u00e9s.<br \/>\nEn la fotografia de l\u2019Antonella Torres podem veure una imatge molt pict\u00f2rica que ens recorda els bodegons., Al centre de la composici\u00f3, podem observar una sabata desgastada i bella. Aqu\u00ed en el contrast entre l&#8217;element artificial i la natura pr\u00e0cticament ha desaparegut la natura. Aquesta mutaci\u00f3 refor\u00e7a l&#8217;\u00e0nima de l&#8217;objecte convertint-lo dins de l&#8217;escenari de la natura en el protagonista.<\/p>\n<p>Comentari de l\u2019alumne: JAN LOPEZ, alumne de 2n de batxillerat:<br \/>\nPer a fer aquest an\u00e0lisi m\u2019he apropiat d\u2019una de les meves fotografies. Vaig escollir una obra rom\u00e0ntica de Fiedrich &#8220;Caminant sobre un mar de n\u00favols&#8221; i vaig fer una analogia en l&#8217;espai de la Serralada de Marina.<\/p>\n<p>Fotografies:<br \/>\nLuc\u00eda Rubio, Antonella Torres i Jan L\u00f3pez, alumnes de 2n de batxillerat art\u00edstic.<\/p>\n","protected":false},"excerpt":{"rendered":"<p>\t\t\t\t\t\tJan\t\t\t\t\t\t\t\t\t\t\t<\/p>\n<p>\t\t\t\t\t\tFotografia Lucia Rubio\t\t\t\t\t\t\t\t\t\t\t<\/p>\n<p>\t\t\t\t\t\tFotografia Antonella Torres\t\t\t\t\t\t\t\t\t\t\t<\/p>\n<ul>\n<li class=\"slideshow_togglePlay\" data-play-text=\"Visualitza\" data-pause-text=\"Pausa\"><\/li>\n<\/ul>\n<p>Enguany, amb motiu de la 28ena plantada i dins de la mat\u00e8ria de CULTURA AUDIOVISUAL els alumnes de segon curs del batxillerat art\u00edstic hem fet una exposici\u00f3 de fotografies al parc natural de la Serralada de Marina. En&hellip;  <a href=\"https:\/\/agora.xtec.cat\/iesrb4\/batxillerat\/exposicio-fotografica-de-la-serralada-de-marina\/\" title=\"Read Exposici\u00f3 fotogr\u00e0fica de la Serralada de Marina\">Llegeix m\u00e9s\u00bb<\/a><\/p>\n","protected":false},"author":18,"featured_media":8644,"comment_status":"open","ping_status":"closed","sticky":false,"template":"","format":"standard","meta":{"_bbp_topic_count":0,"_bbp_reply_count":0,"_bbp_total_topic_count":0,"_bbp_total_reply_count":0,"_bbp_voice_count":0,"_bbp_anonymous_reply_count":0,"_bbp_topic_count_hidden":0,"_bbp_reply_count_hidden":0,"_bbp_forum_subforum_count":0,"footnotes":""},"categories":[8,29],"tags":[150],"class_list":["post-8639","post","type-post","status-publish","format-standard","has-post-thumbnail","hentry","category-batxillerat","category-portada","tag-serralada-de-marina"],"post_mailing_queue_ids":[],"_links":{"self":[{"href":"https:\/\/agora.xtec.cat\/iesrb4\/wp-json\/wp\/v2\/posts\/8639","targetHints":{"allow":["GET"]}}],"collection":[{"href":"https:\/\/agora.xtec.cat\/iesrb4\/wp-json\/wp\/v2\/posts"}],"about":[{"href":"https:\/\/agora.xtec.cat\/iesrb4\/wp-json\/wp\/v2\/types\/post"}],"author":[{"embeddable":true,"href":"https:\/\/agora.xtec.cat\/iesrb4\/wp-json\/wp\/v2\/users\/18"}],"replies":[{"embeddable":true,"href":"https:\/\/agora.xtec.cat\/iesrb4\/wp-json\/wp\/v2\/comments?post=8639"}],"version-history":[{"count":2,"href":"https:\/\/agora.xtec.cat\/iesrb4\/wp-json\/wp\/v2\/posts\/8639\/revisions"}],"predecessor-version":[{"id":8645,"href":"https:\/\/agora.xtec.cat\/iesrb4\/wp-json\/wp\/v2\/posts\/8639\/revisions\/8645"}],"wp:featuredmedia":[{"embeddable":true,"href":"https:\/\/agora.xtec.cat\/iesrb4\/wp-json\/wp\/v2\/media\/8644"}],"wp:attachment":[{"href":"https:\/\/agora.xtec.cat\/iesrb4\/wp-json\/wp\/v2\/media?parent=8639"}],"wp:term":[{"taxonomy":"category","embeddable":true,"href":"https:\/\/agora.xtec.cat\/iesrb4\/wp-json\/wp\/v2\/categories?post=8639"},{"taxonomy":"post_tag","embeddable":true,"href":"https:\/\/agora.xtec.cat\/iesrb4\/wp-json\/wp\/v2\/tags?post=8639"}],"curies":[{"name":"wp","href":"https:\/\/api.w.org\/{rel}","templated":true}]}}