{"id":6276,"date":"2020-12-10T12:01:34","date_gmt":"2020-12-10T11:01:34","guid":{"rendered":"http:\/\/agora.xtec.cat\/iesrb4\/?p=6276"},"modified":"2020-12-10T12:01:34","modified_gmt":"2020-12-10T11:01:34","slug":"estrena-documental-paula-els-dies-17-i-18-de-desembre","status":"publish","type":"post","link":"https:\/\/agora.xtec.cat\/iesrb4\/general\/estrena-documental-paula-els-dies-17-i-18-de-desembre\/","title":{"rendered":"Estrena documental &#8220;Paula&#8221; els dies 17 i 18 de desembre"},"content":{"rendered":"<pre>Webm\u00e0ster: Elena Jimeno<\/pre>\n<p>&nbsp;<\/p>\n<p>Hem participat en un taller juntament amb joves de Col\u00f2mbia per a fer el curtmetratge &#8220;Paula&#8221; amb l&#8217;entitat &#8220;Ojo al Sancocho&#8221;. Els encarregats de col\u00b7laborar-hi han estat els alumnes de 1r de Batxillerat amb la supervisi\u00f3 del professor de Cultura Audiovisual, Artur Rodr\u00edguez. Es tracta de realitzar un documental que potenci\u00ef la creaci\u00f3 de material audiovisual amb el recolzament de l&#8217;entitat, creant un projecte de cine comunitari a Ciutat Bol\u00edvar. Des de l&#8217;institut, els estudiants faran 5 entrevistes relacionades amb la seva tem\u00e0tica.<\/p>\n<p>L&#8217;estrena ser\u00e0 els propers 17 i 18 de desembre a les 18h fins a les 19.30h aproximadament. Es far\u00e0 a trav\u00e9s del ZOOM i es retransmetr\u00e0 tamb\u00e9 en streaming per les xarxes socials (Youtube \/ Facebook). El primer dia s&#8217;estrenar\u00e0 el curtmetratge i 3 entrevistes i al dia seg\u00fcent es tornar\u00e0 a emetre el curtmetratge juntament amb les dues entrevistes restants.<\/p>\n<p><a href=\"https:\/\/agora.xtec.cat\/iesrb4\/wp-content\/uploads\/usu434\/2020\/12\/b758395c0b27d1b6e688a169086a700c.jpg\"><img loading=\"lazy\" decoding=\"async\" class=\"wp-image-6277 aligncenter\" src=\"https:\/\/agora.xtec.cat\/iesrb4\/wp-content\/uploads\/usu434\/2020\/12\/b758395c0b27d1b6e688a169086a700c-300x212.jpg\" alt=\"\" width=\"457\" height=\"323\" srcset=\"https:\/\/agora.xtec.cat\/iesrb4\/wp-content\/uploads\/usu434\/2020\/12\/b758395c0b27d1b6e688a169086a700c-300x212.jpg 300w, https:\/\/agora.xtec.cat\/iesrb4\/wp-content\/uploads\/usu434\/2020\/12\/b758395c0b27d1b6e688a169086a700c.jpg 400w\" sizes=\"auto, (max-width: 457px) 100vw, 457px\" \/><\/a><\/p>\n<p>&nbsp;<\/p>\n","protected":false},"excerpt":{"rendered":"<p>Webm\u00e0ster: Elena Jimeno<br \/>\n&nbsp;<br \/>\nHem participat en un taller juntament amb joves de Col\u00f2mbia per a fer el curtmetratge &#8220;Paula&#8221; amb l&#8217;entitat &#8220;Ojo al Sancocho&#8221;. Els encarregats de col\u00b7laborar-hi han estat els alumnes de 1r de Batxillerat amb la supervisi\u00f3 del professor de Cultura Audiovisual, Artur Rodr\u00edguez.&hellip;  <a href=\"https:\/\/agora.xtec.cat\/iesrb4\/general\/estrena-documental-paula-els-dies-17-i-18-de-desembre\/\" title=\"Read Estrena documental &#8220;Paula&#8221; els dies 17 i 18 de desembre\">Llegeix m\u00e9s\u00bb<\/a><\/p>\n","protected":false},"author":1,"featured_media":6277,"comment_status":"open","ping_status":"closed","sticky":false,"template":"","format":"standard","meta":{"_bbp_topic_count":0,"_bbp_reply_count":0,"_bbp_total_topic_count":0,"_bbp_total_reply_count":0,"_bbp_voice_count":0,"_bbp_anonymous_reply_count":0,"_bbp_topic_count_hidden":0,"_bbp_reply_count_hidden":0,"_bbp_forum_subforum_count":0,"footnotes":""},"categories":[8,98,99,59,60,1,29,121,122,63,117,62],"tags":[],"class_list":["post-6276","post","type-post","status-publish","format-standard","has-post-thumbnail","hentry","category-batxillerat","category-batxillerat-escenic-2","category-batxillerat-plastic","category-cooperacio","category-entitats","category-general","category-portada","category-radio-tv-rb4","category-radiotv-rb4","category-servei-comunitari","category-videos","category-xarxa-collaborativa"],"post_mailing_queue_ids":[],"_links":{"self":[{"href":"https:\/\/agora.xtec.cat\/iesrb4\/wp-json\/wp\/v2\/posts\/6276","targetHints":{"allow":["GET"]}}],"collection":[{"href":"https:\/\/agora.xtec.cat\/iesrb4\/wp-json\/wp\/v2\/posts"}],"about":[{"href":"https:\/\/agora.xtec.cat\/iesrb4\/wp-json\/wp\/v2\/types\/post"}],"author":[{"embeddable":true,"href":"https:\/\/agora.xtec.cat\/iesrb4\/wp-json\/wp\/v2\/users\/1"}],"replies":[{"embeddable":true,"href":"https:\/\/agora.xtec.cat\/iesrb4\/wp-json\/wp\/v2\/comments?post=6276"}],"version-history":[{"count":1,"href":"https:\/\/agora.xtec.cat\/iesrb4\/wp-json\/wp\/v2\/posts\/6276\/revisions"}],"predecessor-version":[{"id":6278,"href":"https:\/\/agora.xtec.cat\/iesrb4\/wp-json\/wp\/v2\/posts\/6276\/revisions\/6278"}],"wp:featuredmedia":[{"embeddable":true,"href":"https:\/\/agora.xtec.cat\/iesrb4\/wp-json\/wp\/v2\/media\/6277"}],"wp:attachment":[{"href":"https:\/\/agora.xtec.cat\/iesrb4\/wp-json\/wp\/v2\/media?parent=6276"}],"wp:term":[{"taxonomy":"category","embeddable":true,"href":"https:\/\/agora.xtec.cat\/iesrb4\/wp-json\/wp\/v2\/categories?post=6276"},{"taxonomy":"post_tag","embeddable":true,"href":"https:\/\/agora.xtec.cat\/iesrb4\/wp-json\/wp\/v2\/tags?post=6276"}],"curies":[{"name":"wp","href":"https:\/\/api.w.org\/{rel}","templated":true}]}}