{"id":5913,"date":"2020-10-29T13:18:10","date_gmt":"2020-10-29T12:18:10","guid":{"rendered":"http:\/\/agora.xtec.cat\/iesrb4\/?p=5913"},"modified":"2020-10-29T13:18:57","modified_gmt":"2020-10-29T12:18:57","slug":"nou-taller-de-debats-escolars-cada-dimarts-a-les-16h","status":"publish","type":"post","link":"https:\/\/agora.xtec.cat\/iesrb4\/batxillerat\/nou-taller-de-debats-escolars-cada-dimarts-a-les-16h\/","title":{"rendered":"Nou taller de Debats Escolars cada dimarts a les 16h."},"content":{"rendered":"<h4>Per tercera vegada, participarem a la Lliga de debat escolars de la Xarxa Vives. Es tracta d\u2019un projecte que impulsem des de les mat\u00e8ries d\u2019Hist\u00f2ria del M\u00f3n Contemporani i de Filosofia i que arranca el proper \u00a03 de novembre amb el nou TALLER DE DEBATs que tindr\u00e0 lloc cada dimarts de 16 a 17.30h. Els interessats\/des us heu d\u2019adre\u00e7ar a Enrique Jimeno (<a href=\"mailto:ejimeno@rb4.xeill.net\">ejimeno@rb4.xeill.net<\/a> -no utilitzeu aquest correu per altres consultes-) indicant a assumpte \u201cdebats escolars\u201d).<\/h4>\n<h3>\u00a0 <a href=\"https:\/\/agora.xtec.cat\/iesrb4\/wp-content\/uploads\/usu434\/2020\/10\/20200227_153710_HDR.jpg\"><img loading=\"lazy\" decoding=\"async\" class=\"alignnone size-large wp-image-5916\" src=\"https:\/\/agora.xtec.cat\/iesrb4\/wp-content\/uploads\/usu434\/2020\/10\/20200227_153710_HDR-1024x576.jpg\" alt=\"\" width=\"1024\" height=\"576\" srcset=\"https:\/\/agora.xtec.cat\/iesrb4\/wp-content\/uploads\/usu434\/2020\/10\/20200227_153710_HDR-1024x576.jpg 1024w, https:\/\/agora.xtec.cat\/iesrb4\/wp-content\/uploads\/usu434\/2020\/10\/20200227_153710_HDR-300x169.jpg 300w, https:\/\/agora.xtec.cat\/iesrb4\/wp-content\/uploads\/usu434\/2020\/10\/20200227_153710_HDR-768x432.jpg 768w, https:\/\/agora.xtec.cat\/iesrb4\/wp-content\/uploads\/usu434\/2020\/10\/20200227_153710_HDR.jpg 1565w\" sizes=\"auto, (max-width: 1024px) 100vw, 1024px\" \/><\/a><\/h3>\n<p><a href=\"https:\/\/agora.xtec.cat\/iesrb4\/wp-content\/uploads\/usu434\/2020\/10\/20200227_153654.jpg\"><img loading=\"lazy\" decoding=\"async\" class=\"alignnone size-large wp-image-5914\" src=\"https:\/\/agora.xtec.cat\/iesrb4\/wp-content\/uploads\/usu434\/2020\/10\/20200227_153654-1024x576.jpg\" alt=\"\" width=\"1024\" height=\"576\" srcset=\"https:\/\/agora.xtec.cat\/iesrb4\/wp-content\/uploads\/usu434\/2020\/10\/20200227_153654-1024x576.jpg 1024w, https:\/\/agora.xtec.cat\/iesrb4\/wp-content\/uploads\/usu434\/2020\/10\/20200227_153654-300x169.jpg 300w, https:\/\/agora.xtec.cat\/iesrb4\/wp-content\/uploads\/usu434\/2020\/10\/20200227_153654-768x432.jpg 768w, https:\/\/agora.xtec.cat\/iesrb4\/wp-content\/uploads\/usu434\/2020\/10\/20200227_153654.jpg 1565w\" sizes=\"auto, (max-width: 1024px) 100vw, 1024px\" \/><\/a> <a href=\"https:\/\/agora.xtec.cat\/iesrb4\/wp-content\/uploads\/usu434\/2020\/10\/20200227_153659.jpg\"><img loading=\"lazy\" decoding=\"async\" class=\"alignnone size-large wp-image-5915\" src=\"https:\/\/agora.xtec.cat\/iesrb4\/wp-content\/uploads\/usu434\/2020\/10\/20200227_153659-1024x576.jpg\" alt=\"\" width=\"1024\" height=\"576\" srcset=\"https:\/\/agora.xtec.cat\/iesrb4\/wp-content\/uploads\/usu434\/2020\/10\/20200227_153659-1024x576.jpg 1024w, https:\/\/agora.xtec.cat\/iesrb4\/wp-content\/uploads\/usu434\/2020\/10\/20200227_153659-300x169.jpg 300w, https:\/\/agora.xtec.cat\/iesrb4\/wp-content\/uploads\/usu434\/2020\/10\/20200227_153659-768x432.jpg 768w, https:\/\/agora.xtec.cat\/iesrb4\/wp-content\/uploads\/usu434\/2020\/10\/20200227_153659.jpg 1565w\" sizes=\"auto, (max-width: 1024px) 100vw, 1024px\" \/><\/a><\/p>\n<h2 class=\"section-subtitle\">Lliga de Secund\u00e0ria i Batxillerat 2020<\/h2>\n<div class=\"left mr10 mt10\"><img decoding=\"async\" class=\"img-responsive\" src=\"https:\/\/www.uab.cat\/Imatge\/169\/958\/interior_ldsb_xvu.png\" alt=\"Lliga de Debat de Secund\u00e0ria i Batxillerat\" \/><\/div>\n<p>&nbsp;<\/p>\n<p>&nbsp;<\/p>\n<p>La fase local de la\u00a0<strong>VII Lliga de Debat de Secund\u00e0ria i Batxillerat<\/strong>\u00a0de la Xarxa Vives d\u2019Universitats a la Universitat Aut\u00f2noma de Barcelona es desenvolupar\u00e0 de manera telem\u00e0tica\u00a0el 16 de mar\u00e7 de 2021.<\/p>\n<p>La participaci\u00f3 dels estudiants de 4t d\u2019ESO i batxillerat en aquesta activitat permet treballar continguts de forma din\u00e0mica i participativa. En aquest sentit, les habilitats de comunicaci\u00f3 no verbal, la recerca d\u2019informaci\u00f3, l\u2019an\u00e0lisi d\u2019una tem\u00e0tica concreta i, sobretot, el treball en equip generen un espai de formaci\u00f3 i aprenentatge excepcional.<\/p>\n<p>El tema d\u2019aquesta sisena edici\u00f3 \u00e9s:\u00a0<strong><em>\u00c9s compatible el creixement global de l&#8217;economia amb el respecte al medi ambient?<\/em><\/strong><\/p>\n<p><strong>La fase final, on podran participar els equips guanyadors de les fases locals, ser\u00e0 entre el 13\u00a0i el 23\u00a0d\u2019abril de 2021.<\/strong><\/p>\n<p>Trobareu m\u00e9s informaci\u00f3 sobre la Lliga de Debat de Secund\u00e0ria i Batxillerat al lloc web de la\u00a0<a href=\"https:\/\/www.vives.org\/programes\/estudiants\/lliga-debat-secundaria-batxillerat\/#edicio2020\" target=\"_blank\" rel=\"noopener noreferrer\">Xarxa Vives d&#8217;Universitats<\/a>.<\/p>\n<p>&nbsp;<\/p>\n<p>&nbsp;<\/p>\n<p>&nbsp;<\/p>\n","protected":false},"excerpt":{"rendered":"<p>Per tercera vegada, participarem a la Lliga de debat escolars de la Xarxa Vives. Es tracta d\u2019un projecte que impulsem des de les mat\u00e8ries d\u2019Hist\u00f2ria del M\u00f3n Contemporani i de Filosofia i que arranca el proper \u00a03 de novembre amb el nou TALLER DE DEBATs&hellip;  <a href=\"https:\/\/agora.xtec.cat\/iesrb4\/batxillerat\/nou-taller-de-debats-escolars-cada-dimarts-a-les-16h\/\" title=\"Read Nou taller de Debats Escolars cada dimarts a les 16h.\">Llegeix m\u00e9s\u00bb<\/a><\/p>\n","protected":false},"author":1,"featured_media":5916,"comment_status":"open","ping_status":"closed","sticky":false,"template":"","format":"standard","meta":{"_bbp_topic_count":0,"_bbp_reply_count":0,"_bbp_total_topic_count":0,"_bbp_total_reply_count":0,"_bbp_voice_count":0,"_bbp_anonymous_reply_count":0,"_bbp_topic_count_hidden":0,"_bbp_reply_count_hidden":0,"_bbp_forum_subforum_count":0,"footnotes":""},"categories":[8,29],"tags":[115],"class_list":["post-5913","post","type-post","status-publish","format-standard","has-post-thumbnail","hentry","category-batxillerat","category-portada","tag-extraescolars"],"post_mailing_queue_ids":[],"_links":{"self":[{"href":"https:\/\/agora.xtec.cat\/iesrb4\/wp-json\/wp\/v2\/posts\/5913","targetHints":{"allow":["GET"]}}],"collection":[{"href":"https:\/\/agora.xtec.cat\/iesrb4\/wp-json\/wp\/v2\/posts"}],"about":[{"href":"https:\/\/agora.xtec.cat\/iesrb4\/wp-json\/wp\/v2\/types\/post"}],"author":[{"embeddable":true,"href":"https:\/\/agora.xtec.cat\/iesrb4\/wp-json\/wp\/v2\/users\/1"}],"replies":[{"embeddable":true,"href":"https:\/\/agora.xtec.cat\/iesrb4\/wp-json\/wp\/v2\/comments?post=5913"}],"version-history":[{"count":1,"href":"https:\/\/agora.xtec.cat\/iesrb4\/wp-json\/wp\/v2\/posts\/5913\/revisions"}],"predecessor-version":[{"id":5917,"href":"https:\/\/agora.xtec.cat\/iesrb4\/wp-json\/wp\/v2\/posts\/5913\/revisions\/5917"}],"wp:featuredmedia":[{"embeddable":true,"href":"https:\/\/agora.xtec.cat\/iesrb4\/wp-json\/wp\/v2\/media\/5916"}],"wp:attachment":[{"href":"https:\/\/agora.xtec.cat\/iesrb4\/wp-json\/wp\/v2\/media?parent=5913"}],"wp:term":[{"taxonomy":"category","embeddable":true,"href":"https:\/\/agora.xtec.cat\/iesrb4\/wp-json\/wp\/v2\/categories?post=5913"},{"taxonomy":"post_tag","embeddable":true,"href":"https:\/\/agora.xtec.cat\/iesrb4\/wp-json\/wp\/v2\/tags?post=5913"}],"curies":[{"name":"wp","href":"https:\/\/api.w.org\/{rel}","templated":true}]}}