{"id":10733,"date":"2024-11-19T21:59:44","date_gmt":"2024-11-19T20:59:44","guid":{"rendered":"https:\/\/agora.xtec.cat\/iesrb4\/?p=10733"},"modified":"2024-12-15T22:36:39","modified_gmt":"2024-12-15T21:36:39","slug":"teatre-el-licenciado-vidriera","status":"publish","type":"post","link":"https:\/\/agora.xtec.cat\/iesrb4\/batxillerat\/teatre-el-licenciado-vidriera\/","title":{"rendered":"Teatre: El Licenciado Vidriera"},"content":{"rendered":"<p><a href=\"https:\/\/agora.xtec.cat\/iesrb4\/wp-content\/uploads\/usu434\/2024\/12\/Teatre_Cervantes_1.heic\"><img decoding=\"async\" class=\"alignleft size-full wp-image-10735\" src=\"https:\/\/agora.xtec.cat\/iesrb4\/wp-content\/uploads\/usu434\/2024\/12\/Teatre_Cervantes_1.heic\" alt=\"\" \/><\/a><img loading=\"lazy\" decoding=\"async\" class=\"wp-image-10736 alignleft\" src=\"https:\/\/agora.xtec.cat\/iesrb4\/wp-content\/uploads\/usu434\/2024\/12\/Captura-de-pantalla-2024-12-15-a-las-22.00.48.png\" alt=\"\" width=\"408\" height=\"307\" srcset=\"https:\/\/agora.xtec.cat\/iesrb4\/wp-content\/uploads\/usu434\/2024\/12\/Captura-de-pantalla-2024-12-15-a-las-22.00.48.png 926w, https:\/\/agora.xtec.cat\/iesrb4\/wp-content\/uploads\/usu434\/2024\/12\/Captura-de-pantalla-2024-12-15-a-las-22.00.48-300x225.png 300w, https:\/\/agora.xtec.cat\/iesrb4\/wp-content\/uploads\/usu434\/2024\/12\/Captura-de-pantalla-2024-12-15-a-las-22.00.48-768x577.png 768w, https:\/\/agora.xtec.cat\/iesrb4\/wp-content\/uploads\/usu434\/2024\/12\/Captura-de-pantalla-2024-12-15-a-las-22.00.48-200x150.png 200w\" sizes=\"auto, (max-width: 408px) 100vw, 408px\" \/><\/p>\n<p>&nbsp;<\/p>\n<p>&nbsp;<\/p>\n<p>&nbsp;<\/p>\n<p>&nbsp;<\/p>\n<p>&nbsp;<\/p>\n<p>&nbsp;<\/p>\n<p style=\"text-align: justify;\">El 19 de novembre, els alumnes de literatura de primer i segon de batxillerat vam anar a veure una representaci\u00f3 de l\u2019obra El Licenciado Vidriera escrita per Miguel de Cervantes.<\/p>\n<p style=\"text-align: justify;\">Per viure aquesta aventura ens vam despla\u00e7ar fins al Teatreneu, a Barcelona. Vam poder gaudir de l&#8217;obra amb solament dos actors que canviaven cont\u00ednuament de personatges, a m\u00e9s d\u2019una posada en escena amb m\u00fasica que ens va fer l\u2019obra divertida i amena.<\/p>\n<p style=\"text-align: justify;\">La pe\u00e7a teatral ens conta la hist\u00f2ria de Tom\u00e0s Rodaja, un nen pobre el qual decideix anar a estudiar a Salamanca, on trobar\u00e0 persones i viur\u00e0 experi\u00e8ncies que l&#8217;ajudaran en la seva cerca per a ampliar els seus coneixements.Despr\u00e9s, una vegada acabats tots els seus estudis, en Tom\u00e0s ser\u00e0 enverinat per una dama que vol aconseguir el seu amor. <!--more-->Com a conseq\u00fc\u00e8ncia, es torna boig i acaba creient que est\u00e0 fet de vidre. La representaci\u00f3 tamb\u00e9 va tenir punts de com\u00e8dia i va introduir aspectes contemporanis i moderns que va facilitar la comprensi\u00f3 de la hist\u00f2ria.<\/p>\n<p style=\"text-align: justify;\">La valoraci\u00f3 de l\u2019experi\u00e8ncia ha estat molt positiva, la visualitzaci\u00f3 no es va fer avorrida i el seguiment de la trama va ser f\u00e0cil i entretingut.<\/p>\n<p style=\"text-align: justify;\"><strong>Cronistes: Claudia Mart\u00ednez, Erik L\u00f3pez i Emma Hidalgo, alumnes de 1r de batxillerat Human\u00edstic<\/strong><\/p>\n","protected":false},"excerpt":{"rendered":"<p><a href=\"https:\/\/agora.xtec.cat\/iesrb4\/wp-content\/uploads\/usu434\/2024\/12\/Teatre_Cervantes_1.heic\"><\/a><br \/>\n&nbsp;<br \/>\n&nbsp;<br \/>\n&nbsp;<br \/>\n&nbsp;<br \/>\n&nbsp;<br \/>\n&nbsp;<br \/>\nEl 19 de novembre, els alumnes de literatura de primer i segon de batxillerat vam anar a veure una representaci\u00f3 de l\u2019obra El Licenciado Vidriera escrita per Miguel de Cervantes.<br \/>\nPer viure aquesta aventura ens vam despla\u00e7ar fins al Teatreneu, a Barcelona. Vam poder gaudir&hellip;  <a href=\"https:\/\/agora.xtec.cat\/iesrb4\/batxillerat\/teatre-el-licenciado-vidriera\/\" title=\"Read Teatre: El Licenciado Vidriera\">Llegeix m\u00e9s\u00bb<\/a><\/p>\n","protected":false},"author":1,"featured_media":0,"comment_status":"open","ping_status":"closed","sticky":false,"template":"","format":"standard","meta":{"_bbp_topic_count":0,"_bbp_reply_count":0,"_bbp_total_topic_count":0,"_bbp_total_reply_count":0,"_bbp_voice_count":0,"_bbp_anonymous_reply_count":0,"_bbp_topic_count_hidden":0,"_bbp_reply_count_hidden":0,"_bbp_forum_subforum_count":0,"footnotes":""},"categories":[8,103,29],"tags":[],"class_list":["post-10733","post","type-post","status-publish","format-standard","hentry","category-batxillerat","category-batxillerat-humanistic","category-portada"],"post_mailing_queue_ids":[],"_links":{"self":[{"href":"https:\/\/agora.xtec.cat\/iesrb4\/wp-json\/wp\/v2\/posts\/10733","targetHints":{"allow":["GET"]}}],"collection":[{"href":"https:\/\/agora.xtec.cat\/iesrb4\/wp-json\/wp\/v2\/posts"}],"about":[{"href":"https:\/\/agora.xtec.cat\/iesrb4\/wp-json\/wp\/v2\/types\/post"}],"author":[{"embeddable":true,"href":"https:\/\/agora.xtec.cat\/iesrb4\/wp-json\/wp\/v2\/users\/1"}],"replies":[{"embeddable":true,"href":"https:\/\/agora.xtec.cat\/iesrb4\/wp-json\/wp\/v2\/comments?post=10733"}],"version-history":[{"count":6,"href":"https:\/\/agora.xtec.cat\/iesrb4\/wp-json\/wp\/v2\/posts\/10733\/revisions"}],"predecessor-version":[{"id":10765,"href":"https:\/\/agora.xtec.cat\/iesrb4\/wp-json\/wp\/v2\/posts\/10733\/revisions\/10765"}],"wp:attachment":[{"href":"https:\/\/agora.xtec.cat\/iesrb4\/wp-json\/wp\/v2\/media?parent=10733"}],"wp:term":[{"taxonomy":"category","embeddable":true,"href":"https:\/\/agora.xtec.cat\/iesrb4\/wp-json\/wp\/v2\/categories?post=10733"},{"taxonomy":"post_tag","embeddable":true,"href":"https:\/\/agora.xtec.cat\/iesrb4\/wp-json\/wp\/v2\/tags?post=10733"}],"curies":[{"name":"wp","href":"https:\/\/api.w.org\/{rel}","templated":true}]}}