{"id":10725,"date":"2024-11-20T18:45:11","date_gmt":"2024-11-20T17:45:11","guid":{"rendered":"https:\/\/agora.xtec.cat\/iesrb4\/?p=10725"},"modified":"2024-12-15T18:57:48","modified_gmt":"2024-12-15T17:57:48","slug":"17a-mostra-de-fotofilosofia-de-catalunya","status":"publish","type":"post","link":"https:\/\/agora.xtec.cat\/iesrb4\/batxillerat\/17a-mostra-de-fotofilosofia-de-catalunya\/","title":{"rendered":"17a Mostra de Fotofilosofia de Catalunya"},"content":{"rendered":"<p style=\"text-align: justify;\">\r\n\t<div class=\"slideshow_container slideshow_container_style-light\" style=\"height: 300px; \" data-slideshow-id=\"10727\" data-style-name=\"style-light\" data-style-version=\"2.3.1\" >\r\n\r\n\t\t\t\t\t<div class=\"slideshow_loading_icon\"><\/div>\r\n\t\t\r\n\t\t<div class=\"slideshow_content\" style=\"display: none;\">\r\n\r\n\t\t\t<div class=\"slideshow_view\">\r\n\t\t\t\t<div class=\"slideshow_slide slideshow_slide_image\">\r\n\t\t\t\t\t\t\t\t\t\t\t<img src=\"https:\/\/agora.xtec.cat\/iesrb4\/wp-content\/uploads\/usu434\/2024\/12\/Captura-de-pantalla-2024-12-31-a-las-12.37.09.png\" alt=\"Captura de pantalla 2024-12-31 a las 12.37.09\" width=\"889\" height=\"700\" \/>\r\n\t\t\t\t\t\t\t\t\t\t<div class=\"slideshow_description_box slideshow_transparent\">\r\n\t\t\t\t\t\t<div class=\"slideshow_title\">Captura de pantalla 2024-12-31 a las 12.37.09<\/div>\t\t\t\t\t\t\t\t\t\t\t<\/div>\r\n\t\t\t\t<\/div>\r\n\r\n\t\t\t\t\t\t<div style=\"clear: both;\"><\/div><\/div><div class=\"slideshow_view\">\r\n\t\t\t\t<div class=\"slideshow_slide slideshow_slide_image\">\r\n\t\t\t\t\t\t\t\t\t\t\t<img src=\"https:\/\/agora.xtec.cat\/iesrb4\/wp-content\/uploads\/usu434\/2024\/12\/Captura-de-pantalla-2024-12-31-a-las-12.36.58.png\" alt=\"Captura de pantalla 2024-12-31 a las 12.36.58\" width=\"515\" height=\"700\" \/>\r\n\t\t\t\t\t\t\t\t\t\t<div class=\"slideshow_description_box slideshow_transparent\">\r\n\t\t\t\t\t\t<div class=\"slideshow_title\">Captura de pantalla 2024-12-31 a las 12.36.58<\/div>\t\t\t\t\t\t\t\t\t\t\t<\/div>\r\n\t\t\t\t<\/div>\r\n\r\n\t\t\t\t\t\t<div style=\"clear: both;\"><\/div><\/div><div class=\"slideshow_view\">\r\n\t\t\t\t<div class=\"slideshow_slide slideshow_slide_image\">\r\n\t\t\t\t\t\t\t\t\t\t\t<img src=\"https:\/\/agora.xtec.cat\/iesrb4\/wp-content\/uploads\/usu434\/2024\/12\/Captura-de-pantalla-2024-12-31-a-las-12.36.43.png\" alt=\"Captura de pantalla 2024-12-31 a las 12.36.43\" width=\"977\" height=\"700\" \/>\r\n\t\t\t\t\t\t\t\t\t\t<div class=\"slideshow_description_box slideshow_transparent\">\r\n\t\t\t\t\t\t<div class=\"slideshow_title\">Captura de pantalla 2024-12-31 a las 12.36.43<\/div>\t\t\t\t\t\t\t\t\t\t\t<\/div>\r\n\t\t\t\t<\/div>\r\n\r\n\t\t\t\t\t\t<div style=\"clear: both;\"><\/div><\/div><div class=\"slideshow_view\">\r\n\t\t\t\t<div class=\"slideshow_slide slideshow_slide_image\">\r\n\t\t\t\t\t\t\t\t\t\t\t<img src=\"https:\/\/agora.xtec.cat\/iesrb4\/wp-content\/uploads\/usu434\/2024\/12\/Captura-de-pantalla-2024-12-31-a-las-12.36.27.png\" alt=\"Captura de pantalla 2024-12-31 a las 12.36.27\" width=\"968\" height=\"702\" \/>\r\n\t\t\t\t\t\t\t\t\t\t<div class=\"slideshow_description_box slideshow_transparent\">\r\n\t\t\t\t\t\t<div class=\"slideshow_title\">Captura de pantalla 2024-12-31 a las 12.36.27<\/div>\t\t\t\t\t\t\t\t\t\t\t<\/div>\r\n\t\t\t\t<\/div>\r\n\r\n\t\t\t\t\t\t<div style=\"clear: both;\"><\/div><\/div><div class=\"slideshow_view\">\r\n\t\t\t\t<div class=\"slideshow_slide slideshow_slide_image\">\r\n\t\t\t\t\t\t\t\t\t\t\t<img src=\"https:\/\/agora.xtec.cat\/iesrb4\/wp-content\/uploads\/usu434\/2024\/12\/Captura-de-pantalla-2024-12-31-a-las-12.36.03.png\" alt=\"Captura de pantalla 2024-12-31 a las 12.36.03\" width=\"536\" height=\"701\" \/>\r\n\t\t\t\t\t\t\t\t\t\t<div class=\"slideshow_description_box slideshow_transparent\">\r\n\t\t\t\t\t\t<div class=\"slideshow_title\">Captura de pantalla 2024-12-31 a las 12.36.03<\/div>\t\t\t\t\t\t\t\t\t\t\t<\/div>\r\n\t\t\t\t<\/div>\r\n\r\n\t\t\t\t\t\t<div style=\"clear: both;\"><\/div><\/div><div class=\"slideshow_view\">\r\n\t\t\t\t<div class=\"slideshow_slide slideshow_slide_image\">\r\n\t\t\t\t\t\t\t\t\t\t\t<img src=\"https:\/\/agora.xtec.cat\/iesrb4\/wp-content\/uploads\/usu434\/2024\/12\/Fotofilos1.jpeg\" alt=\"Fotofilos1\" width=\"1010\" height=\"401\" \/>\r\n\t\t\t\t\t\t\t\t\t\t<div class=\"slideshow_description_box slideshow_transparent\">\r\n\t\t\t\t\t\t<div class=\"slideshow_title\">Fotofilos1<\/div>\t\t\t\t\t\t\t\t\t\t\t<\/div>\r\n\t\t\t\t<\/div>\r\n\r\n\t\t\t\t\t\t<div style=\"clear: both;\"><\/div><\/div><div class=\"slideshow_view\">\r\n\t\t\t\t<div class=\"slideshow_slide slideshow_slide_image\">\r\n\t\t\t\t\t\t\t\t\t\t\t<img src=\"https:\/\/agora.xtec.cat\/iesrb4\/wp-content\/uploads\/usu434\/2024\/12\/Fotofilos2-scaled.jpeg\" alt=\"Fotofilos2\" width=\"2560\" height=\"2279\" \/>\r\n\t\t\t\t\t\t\t\t\t\t<div class=\"slideshow_description_box slideshow_transparent\">\r\n\t\t\t\t\t\t<div class=\"slideshow_title\">Fotofilos2<\/div>\t\t\t\t\t\t\t\t\t\t\t<\/div>\r\n\t\t\t\t<\/div>\r\n\r\n\t\t\t\t\t\t<div style=\"clear: both;\"><\/div><\/div><div class=\"slideshow_view\">\r\n\t\t\t\t<div class=\"slideshow_slide slideshow_slide_image\">\r\n\t\t\t\t\t\t\t\t\t\t\t<img src=\"https:\/\/agora.xtec.cat\/iesrb4\/wp-content\/uploads\/usu434\/2024\/12\/Laia-Pardo2.jpeg\" alt=\"Laia Pardo2\" width=\"1879\" height=\"979\" \/>\r\n\t\t\t\t\t\t\t\t\t\t<div class=\"slideshow_description_box slideshow_transparent\">\r\n\t\t\t\t\t\t<div class=\"slideshow_title\">Laia Pardo2<\/div>\t\t\t\t\t\t\t\t\t\t\t<\/div>\r\n\t\t\t\t<\/div>\r\n\r\n\t\t\t\t\t\t<div style=\"clear: both;\"><\/div><\/div><div class=\"slideshow_view\">\r\n\t\t\t\t<div class=\"slideshow_slide slideshow_slide_image\">\r\n\t\t\t\t\t\t\t\t\t\t\t<img src=\"https:\/\/agora.xtec.cat\/iesrb4\/wp-content\/uploads\/usu434\/2024\/12\/Toni-Castro2.jpeg\" alt=\"Toni Castro2\" width=\"1920\" height=\"1080\" \/>\r\n\t\t\t\t\t\t\t\t\t\t<div class=\"slideshow_description_box slideshow_transparent\">\r\n\t\t\t\t\t\t<div class=\"slideshow_title\">Toni Castro2<\/div>\t\t\t\t\t\t\t\t\t\t\t<\/div>\r\n\t\t\t\t<\/div>\r\n\r\n\t\t\t\t\t\t<div style=\"clear: both;\"><\/div><\/div>\r\n\t\t<\/div>\r\n\r\n\t\t<div class=\"slideshow_controlPanel slideshow_transparent\" style=\"display: none;\"><ul><li class=\"slideshow_togglePlay\" data-play-text=\"Visualitza\" data-pause-text=\"Pausa\"><\/li><\/ul><\/div>\r\n\r\n\t\t<div class=\"slideshow_button slideshow_previous slideshow_transparent\" role=\"button\" data-previous-text=\"Anterior\" style=\"display: none;\"><\/div>\r\n\t\t<div class=\"slideshow_button slideshow_next slideshow_transparent\" role=\"button\" data-next-text=\"Seg\u00fcent\" style=\"display: none;\"><\/div>\r\n\r\n\t\t<div class=\"slideshow_pagination\" style=\"display: none;\" data-go-to-text=\"V\u00e9s a la diapositiva\"><div class=\"slideshow_pagination_center\"><\/div><\/div>\r\n\r\n\t\t<!-- WordPress Slideshow Version 2.3.1 -->\r\n\r\n\t\t\t<\/div>\r\n\r\n<\/p>\n<p style=\"text-align: justify;\">El passat dimecres 20 de novembre, en el marc de les activitats que la Facultat de Filosofia organitza en motiu del Barcelona Pensa (festival de filosofia) l\u2019alumnat seleccionat de 1r i 2n de Batxillerat vam assistir a l\u2019acte de lliurament de diplomes de la Mostra de Fotofilosofia de Catalunya que va tenir lloc a l\u2019Aula Magna de la facultat de filosofia de la UB. L\u2019inici de l\u2019acte va comptar amb les intervencions de diferents personalitats relacionades amb el m\u00f3n acad\u00e8mic, i un professor de filosofia, Jordi Beltran, va comentar algunes de les fotografies presentades a la Mostra, detallant en quin sentit l\u2019havien ajudat a reflexionar sobre alguna q\u00fcesti\u00f3 i defensant la fotofilosofia com un g\u00e8nere que enriqueix el pensament. En acabar, es va lliurar el guard\u00f3 als autors i a les autores de les fotofilosofies premiades. <!--more-->En representaci\u00f3 del Ramon Berenguer IV vam assistir la Marta Toribio, la Maria Bueno, l\u2019 Al\u00edcia Moreno (de 2n de Batx.) la Laia Pardo, el Toni Castro, el Joan Castellv\u00ed, la Luna Franco i la Yar\u00eds Jim\u00e9nez (de 1r de Batx.).<\/p>\n<p style=\"text-align: justify;\">Despr\u00e9s d\u2019aquesta entrega, diferents companys, volunt\u00e0riament, tant del nostre institut com d\u2019altres, van poder defensar la seva fotografia, per poder compartir els interessos d\u2019aquesta pregunta, la seva il\u00b7lustraci\u00f3, qu\u00e8 transmet, etc. convertint-se un dels moments m\u00e9s interessants. Pel que fa al nostre centre, la Laia Pardo, amb la pregunta \u00abQui \u00e9s m\u00e9s perill\u00f3s, el geni o l\u2019ignorant?\u00bb i Toni Castro, amb la pregunta \u00abEns estem endinsant en la m\u00e9s profunda de les cavernes?, van explicar la motivaci\u00f3 de la seva proposta. Finalment, entre tot l&#8217;alumnat que hi havia present es va fer la lectura d\u2019un manifest en favor de la Filosofia. L&#8217;acte en conjunt va ser bastant interessant, gr\u00e0cies a les aportacions de les diferents personalitats d&#8217;aquest \u00e0mbit, ja que ens va fer comprendre des d&#8217;una perspectiva m\u00e9s personal la filosofia, a m\u00e9s d&#8217;assenyalar tot all\u00f2 que ultrapassa les nostres observacions i el que podem pensar o reflexionar, a banda del que principalment podem percebre. La part m\u00e9s interessant, des del meu punt de vista, va ser el moment en qu\u00e8 l&#8217;alumnat voluntari va poder tenir l&#8217;ocasi\u00f3 de poder argumentar la seva fotografia, explicar el seu raonament i fer-la una mica m\u00e9s personal, perqu\u00e8 amb moltes imatges de vegades et podies sentir identificat, i de forma indirecta podies contrastar les teves pr\u00f2pies opinions respecte a l&#8217;autor de la imatge.<\/p>\n<p><strong>Yaris Jim\u00e9nez Torres &#8211; 1 Batxillerat C<\/strong><\/p>\n","protected":false},"excerpt":{"rendered":"<p>\t\t\t\t\t\tCaptura de pantalla 2024-12-31 a las 12.37.09\t\t\t\t\t\t\t\t\t\t\t<\/p>\n<p>\t\t\t\t\t\tCaptura de pantalla 2024-12-31 a las 12.36.58\t\t\t\t\t\t\t\t\t\t\t<\/p>\n<p>\t\t\t\t\t\tCaptura de pantalla 2024-12-31 a las 12.36.43\t\t\t\t\t\t\t\t\t\t\t<\/p>\n<p>\t\t\t\t\t\tCaptura de pantalla 2024-12-31 a las 12.36.27\t\t\t\t\t\t\t\t\t\t\t<\/p>\n<p>\t\t\t\t\t\tCaptura de pantalla 2024-12-31 a las 12.36.03\t\t\t\t\t\t\t\t\t\t\t<\/p>\n<p>\t\t\t\t\t\tFotofilos1\t\t\t\t\t\t\t\t\t\t\t<\/p>\n<p>\t\t\t\t\t\tFotofilos2\t\t\t\t\t\t\t\t\t\t\t<\/p>\n<p>\t\t\t\t\t\tLaia Pardo2\t\t\t\t\t\t\t\t\t\t\t<\/p>\n<p>\t\t\t\t\t\tToni Castro2\t\t\t\t\t\t\t\t\t\t\t<\/p>\n<ul>\n<li class=\"slideshow_togglePlay\" data-play-text=\"Visualitza\" data-pause-text=\"Pausa\"><\/li>\n<\/ul>\n<p>El passat dimecres 20 de novembre, en el marc de&hellip;  <a href=\"https:\/\/agora.xtec.cat\/iesrb4\/batxillerat\/17a-mostra-de-fotofilosofia-de-catalunya\/\" title=\"Read 17a Mostra de Fotofilosofia de Catalunya\">Llegeix m\u00e9s\u00bb<\/a><\/p>\n","protected":false},"author":1,"featured_media":0,"comment_status":"open","ping_status":"closed","sticky":false,"template":"","format":"standard","meta":{"_bbp_topic_count":0,"_bbp_reply_count":0,"_bbp_total_topic_count":0,"_bbp_total_reply_count":0,"_bbp_voice_count":0,"_bbp_anonymous_reply_count":0,"_bbp_topic_count_hidden":0,"_bbp_reply_count_hidden":0,"_bbp_forum_subforum_count":0,"footnotes":""},"categories":[8,29],"tags":[],"class_list":["post-10725","post","type-post","status-publish","format-standard","hentry","category-batxillerat","category-portada"],"post_mailing_queue_ids":[],"_links":{"self":[{"href":"https:\/\/agora.xtec.cat\/iesrb4\/wp-json\/wp\/v2\/posts\/10725","targetHints":{"allow":["GET"]}}],"collection":[{"href":"https:\/\/agora.xtec.cat\/iesrb4\/wp-json\/wp\/v2\/posts"}],"about":[{"href":"https:\/\/agora.xtec.cat\/iesrb4\/wp-json\/wp\/v2\/types\/post"}],"author":[{"embeddable":true,"href":"https:\/\/agora.xtec.cat\/iesrb4\/wp-json\/wp\/v2\/users\/1"}],"replies":[{"embeddable":true,"href":"https:\/\/agora.xtec.cat\/iesrb4\/wp-json\/wp\/v2\/comments?post=10725"}],"version-history":[{"count":2,"href":"https:\/\/agora.xtec.cat\/iesrb4\/wp-json\/wp\/v2\/posts\/10725\/revisions"}],"predecessor-version":[{"id":10732,"href":"https:\/\/agora.xtec.cat\/iesrb4\/wp-json\/wp\/v2\/posts\/10725\/revisions\/10732"}],"wp:attachment":[{"href":"https:\/\/agora.xtec.cat\/iesrb4\/wp-json\/wp\/v2\/media?parent=10725"}],"wp:term":[{"taxonomy":"category","embeddable":true,"href":"https:\/\/agora.xtec.cat\/iesrb4\/wp-json\/wp\/v2\/categories?post=10725"},{"taxonomy":"post_tag","embeddable":true,"href":"https:\/\/agora.xtec.cat\/iesrb4\/wp-json\/wp\/v2\/tags?post=10725"}],"curies":[{"name":"wp","href":"https:\/\/api.w.org\/{rel}","templated":true}]}}