{"id":9988,"date":"2021-03-03T20:01:06","date_gmt":"2021-03-03T19:01:06","guid":{"rendered":"http:\/\/agora.xtec.cat\/iesramoncoll\/?p=9988"},"modified":"2025-04-10T00:47:15","modified_gmt":"2025-04-09T22:47:15","slug":"xxxiv-olimpiada-quimica-de-catalunya","status":"publish","type":"post","link":"https:\/\/agora.xtec.cat\/iesramoncoll\/general\/xxxiv-olimpiada-quimica-de-catalunya\/","title":{"rendered":"XXXIV Olimp\u00edada\u00a0Qu\u00edmica de Catalunya"},"content":{"rendered":"<p style=\"text-align: justify;\">Un any m\u00e9s l&#8217;alumnat del Coll i Rod\u00e9s participa de manera volunt\u00e0ria a l&#8217;<a href=\"https:\/\/olimpiacat.wixsite.com\/olimpiades-quimica\" target=\"_blank\" rel=\"noopener noreferrer\"><span style=\"color: #3366ff;\">Olimp\u00edada\u00a0 Qu\u00edmica de Catalunya<\/span><\/a>. Aquesta XXXIV edici\u00f3 s&#8217;ha vist alterada per la pand\u00e8mia i les proves s&#8217;han realitzat al propi institut i de manera simult\u00e0nia a tot Catalunya durant aquesta tarda.<\/p>\n<p style=\"text-align: right;\"><span style=\"color: #666699;\">Cristina Rupi\u00e0.<\/span><\/p>\n<p><a href=\"https:\/\/agora.xtec.cat\/iesramoncoll\/wp-content\/uploads\/usu536\/2021\/03\/0f50057c-25e7-4ef6-970e-1f1b28ff359c-1.jpg\"><img loading=\"lazy\" decoding=\"async\" class=\"aligncenter size-full wp-image-9989\" src=\"https:\/\/agora.xtec.cat\/iesramoncoll\/wp-content\/uploads\/usu536\/2021\/03\/0f50057c-25e7-4ef6-970e-1f1b28ff359c-1.jpg\" alt=\"\" width=\"1024\" height=\"768\" srcset=\"https:\/\/agora.xtec.cat\/iesramoncoll\/wp-content\/uploads\/usu536\/2021\/03\/0f50057c-25e7-4ef6-970e-1f1b28ff359c-1.jpg 1024w, https:\/\/agora.xtec.cat\/iesramoncoll\/wp-content\/uploads\/usu536\/2021\/03\/0f50057c-25e7-4ef6-970e-1f1b28ff359c-1-300x225.jpg 300w, https:\/\/agora.xtec.cat\/iesramoncoll\/wp-content\/uploads\/usu536\/2021\/03\/0f50057c-25e7-4ef6-970e-1f1b28ff359c-1-768x576.jpg 768w, https:\/\/agora.xtec.cat\/iesramoncoll\/wp-content\/uploads\/usu536\/2021\/03\/0f50057c-25e7-4ef6-970e-1f1b28ff359c-1-200x150.jpg 200w\" sizes=\"auto, (max-width: 1024px) 100vw, 1024px\" \/><\/a><\/p>\n","protected":false},"excerpt":{"rendered":"<p>Un any m\u00e9s l&#8217;alumnat del Coll i Rod\u00e9s participa de manera volunt\u00e0ria a l&#8217;<a href=\"https:\/\/olimpiacat.wixsite.com\/olimpiades-quimica\" target=\"_blank\" rel=\"noopener noreferrer\">Olimp\u00edada\u00a0 Qu\u00edmica de Catalunya<\/a>. Aquesta XXXIV edici\u00f3 s&#8217;ha vist alterada per la pand\u00e8mia i les proves s&#8217;han realitzat al propi institut i de manera simult\u00e0nia a tot Catalunya&hellip;  <a href=\"https:\/\/agora.xtec.cat\/iesramoncoll\/general\/xxxiv-olimpiada-quimica-de-catalunya\/\" title=\"Read XXXIV Olimp\u00edada\u00a0Qu\u00edmica de Catalunya\">Llegeix m\u00e9s\u00bb<\/a><\/p>\n","protected":false},"author":5,"featured_media":9989,"comment_status":"open","ping_status":"closed","sticky":false,"template":"","format":"standard","meta":{"_bbp_topic_count":0,"_bbp_reply_count":0,"_bbp_total_topic_count":0,"_bbp_total_reply_count":0,"_bbp_voice_count":0,"_bbp_anonymous_reply_count":0,"_bbp_topic_count_hidden":0,"_bbp_reply_count_hidden":0,"_bbp_forum_subforum_count":0,"footnotes":""},"categories":[324,8,101,253,1,29],"tags":[582,351],"class_list":["post-9988","post","type-post","status-publish","format-standard","has-post-thumbnail","hentry","category-bat-2","category-batxillerat","category-concursos","category-experimentals","category-general","category-portada","tag-olimpiada","tag-quimica"],"post_mailing_queue_ids":[],"_links":{"self":[{"href":"https:\/\/agora.xtec.cat\/iesramoncoll\/wp-json\/wp\/v2\/posts\/9988","targetHints":{"allow":["GET"]}}],"collection":[{"href":"https:\/\/agora.xtec.cat\/iesramoncoll\/wp-json\/wp\/v2\/posts"}],"about":[{"href":"https:\/\/agora.xtec.cat\/iesramoncoll\/wp-json\/wp\/v2\/types\/post"}],"author":[{"embeddable":true,"href":"https:\/\/agora.xtec.cat\/iesramoncoll\/wp-json\/wp\/v2\/users\/5"}],"replies":[{"embeddable":true,"href":"https:\/\/agora.xtec.cat\/iesramoncoll\/wp-json\/wp\/v2\/comments?post=9988"}],"version-history":[{"count":1,"href":"https:\/\/agora.xtec.cat\/iesramoncoll\/wp-json\/wp\/v2\/posts\/9988\/revisions"}],"predecessor-version":[{"id":9990,"href":"https:\/\/agora.xtec.cat\/iesramoncoll\/wp-json\/wp\/v2\/posts\/9988\/revisions\/9990"}],"wp:featuredmedia":[{"embeddable":true,"href":"https:\/\/agora.xtec.cat\/iesramoncoll\/wp-json\/wp\/v2\/media\/9989"}],"wp:attachment":[{"href":"https:\/\/agora.xtec.cat\/iesramoncoll\/wp-json\/wp\/v2\/media?parent=9988"}],"wp:term":[{"taxonomy":"category","embeddable":true,"href":"https:\/\/agora.xtec.cat\/iesramoncoll\/wp-json\/wp\/v2\/categories?post=9988"},{"taxonomy":"post_tag","embeddable":true,"href":"https:\/\/agora.xtec.cat\/iesramoncoll\/wp-json\/wp\/v2\/tags?post=9988"}],"curies":[{"name":"wp","href":"https:\/\/api.w.org\/{rel}","templated":true}]}}