{"id":9738,"date":"2021-01-30T12:11:50","date_gmt":"2021-01-30T11:11:50","guid":{"rendered":"http:\/\/agora.xtec.cat\/iesramoncoll\/?p=9738"},"modified":"2021-01-30T12:19:54","modified_gmt":"2021-01-30T11:19:54","slug":"muntatge-dorientacio-denip-21","status":"publish","type":"post","link":"https:\/\/agora.xtec.cat\/iesramoncoll\/general\/muntatge-dorientacio-denip-21\/","title":{"rendered":"Muntatge d&#8217;Orientaci\u00f3 DENIP 21"},"content":{"rendered":"<p style=\"text-align: justify;\"><a href=\"https:\/\/agora.xtec.cat\/iesramoncoll\/wp-content\/uploads\/usu536\/2021\/01\/20210129_131127-1.jpg\"><img loading=\"lazy\" decoding=\"async\" class=\"alignleft wp-image-9740\" src=\"https:\/\/agora.xtec.cat\/iesramoncoll\/wp-content\/uploads\/usu536\/2021\/01\/20210129_131127-1-576x1024.jpg\" alt=\"\" width=\"232\" height=\"412\" srcset=\"https:\/\/agora.xtec.cat\/iesramoncoll\/wp-content\/uploads\/usu536\/2021\/01\/20210129_131127-1-576x1024.jpg 576w, https:\/\/agora.xtec.cat\/iesramoncoll\/wp-content\/uploads\/usu536\/2021\/01\/20210129_131127-1-169x300.jpg 169w, https:\/\/agora.xtec.cat\/iesramoncoll\/wp-content\/uploads\/usu536\/2021\/01\/20210129_131127-1.jpg 720w\" sizes=\"auto, (max-width: 232px) 100vw, 232px\" \/><\/a><span style=\"color: #666699;\"><em>Aix\u00ed com una gota de ver\u00ed contamina un got sencer, tamb\u00e9 una mentida, per petita que sigui, arriba a tota la nostra vida<\/em>.<\/span> Aquesta \u00e9s l&#8217;expressi\u00f3 que ha servit d&#8217;inspiraci\u00f3 i motiu conductor del muntatge que els membres del Departament d&#8217;Orientaci\u00f3 del nostre centre han instal\u00b7lat al seu repl\u00e0.<\/p>\n<p>La frase va ser escollida durant la commemoraci\u00f3 del Dia Internacional de la Pau el passat 21 de setembre i ara \u00e9s quan culmina el seu sentit amb aquest muntatge en el qual tots som gotes que anem rodant per la vida i el m\u00f3n i, d&#8217;aquesta manera, amb la nostra roda personal i les nostres actituds, podem ajudar o empitjorar tant en la nostra vida com en la de tots els altres.<\/p>\n<p><a href=\"https:\/\/agora.xtec.cat\/iesramoncoll\/wp-content\/uploads\/usu536\/2021\/01\/20210129_123657PEQUE.jpg\"><img loading=\"lazy\" decoding=\"async\" class=\"alignnone wp-image-9708\" src=\"https:\/\/agora.xtec.cat\/iesramoncoll\/wp-content\/uploads\/usu536\/2021\/01\/20210129_123657PEQUE.jpg\" alt=\"\" width=\"355\" height=\"200\" srcset=\"https:\/\/agora.xtec.cat\/iesramoncoll\/wp-content\/uploads\/usu536\/2021\/01\/20210129_123657PEQUE.jpg 800w, https:\/\/agora.xtec.cat\/iesramoncoll\/wp-content\/uploads\/usu536\/2021\/01\/20210129_123657PEQUE-300x169.jpg 300w, https:\/\/agora.xtec.cat\/iesramoncoll\/wp-content\/uploads\/usu536\/2021\/01\/20210129_123657PEQUE-768x432.jpg 768w\" sizes=\"auto, (max-width: 355px) 100vw, 355px\" \/><\/a> \u00a0 \u00a0<a href=\"https:\/\/agora.xtec.cat\/iesramoncoll\/wp-content\/uploads\/usu536\/2021\/01\/20210129_125951-1.jpg\"><img loading=\"lazy\" decoding=\"async\" class=\"alignnone wp-image-9739\" src=\"https:\/\/agora.xtec.cat\/iesramoncoll\/wp-content\/uploads\/usu536\/2021\/01\/20210129_125951-1-1024x576.jpg\" alt=\"\" width=\"356\" height=\"200\" srcset=\"https:\/\/agora.xtec.cat\/iesramoncoll\/wp-content\/uploads\/usu536\/2021\/01\/20210129_125951-1-1024x576.jpg 1024w, https:\/\/agora.xtec.cat\/iesramoncoll\/wp-content\/uploads\/usu536\/2021\/01\/20210129_125951-1-300x169.jpg 300w, https:\/\/agora.xtec.cat\/iesramoncoll\/wp-content\/uploads\/usu536\/2021\/01\/20210129_125951-1-768x432.jpg 768w, https:\/\/agora.xtec.cat\/iesramoncoll\/wp-content\/uploads\/usu536\/2021\/01\/20210129_125951-1.jpg 1280w\" sizes=\"auto, (max-width: 356px) 100vw, 356px\" \/><\/a><\/p>\n","protected":false},"excerpt":{"rendered":"<p>Aix\u00ed com una gota de ver\u00ed contamina un got sencer, tamb\u00e9 una mentida, per petita que sigui, arriba a tota la nostra vida. Aquesta \u00e9s l&#8217;expressi\u00f3 que ha servit d&#8217;inspiraci\u00f3 i motiu conductor del muntatge que els membres del Departament d&#8217;Orientaci\u00f3 del nostre centre han instal\u00b7lat al seu repl\u00e0.<\/p>\n<p>La frase va ser escollida durant la commemoraci\u00f3 del Dia Internacional de la Pau el passat 21 de setembre i ara \u00e9s quan culmina el seu sentit amb aquest muntatge en el qual tots som gotes que anem rodant per la vida i el m\u00f3n i, d&#8217;aquesta manera, amb la nostra&hellip;  <a href=\"https:\/\/agora.xtec.cat\/iesramoncoll\/general\/muntatge-dorientacio-denip-21\/\" title=\"Read Muntatge d&#8217;Orientaci\u00f3 DENIP 21\">Llegeix m\u00e9s\u00bb<\/a><\/p>\n","protected":false},"author":5,"featured_media":9708,"comment_status":"open","ping_status":"closed","sticky":false,"template":"","format":"standard","meta":{"_bbp_topic_count":0,"_bbp_reply_count":0,"_bbp_total_topic_count":0,"_bbp_total_reply_count":0,"_bbp_voice_count":0,"_bbp_anonymous_reply_count":0,"_bbp_topic_count_hidden":0,"_bbp_reply_count_hidden":0,"_bbp_forum_subforum_count":0,"footnotes":""},"categories":[1,285,29],"tags":[257,159,131,196,79],"class_list":["post-9738","post","type-post","status-publish","format-standard","has-post-thumbnail","hentry","category-general","category-orientacio","category-portada","tag-commemoracions","tag-denip","tag-efemerides","tag-moral","tag-pau"],"post_mailing_queue_ids":[],"_links":{"self":[{"href":"https:\/\/agora.xtec.cat\/iesramoncoll\/wp-json\/wp\/v2\/posts\/9738","targetHints":{"allow":["GET"]}}],"collection":[{"href":"https:\/\/agora.xtec.cat\/iesramoncoll\/wp-json\/wp\/v2\/posts"}],"about":[{"href":"https:\/\/agora.xtec.cat\/iesramoncoll\/wp-json\/wp\/v2\/types\/post"}],"author":[{"embeddable":true,"href":"https:\/\/agora.xtec.cat\/iesramoncoll\/wp-json\/wp\/v2\/users\/5"}],"replies":[{"embeddable":true,"href":"https:\/\/agora.xtec.cat\/iesramoncoll\/wp-json\/wp\/v2\/comments?post=9738"}],"version-history":[{"count":3,"href":"https:\/\/agora.xtec.cat\/iesramoncoll\/wp-json\/wp\/v2\/posts\/9738\/revisions"}],"predecessor-version":[{"id":9745,"href":"https:\/\/agora.xtec.cat\/iesramoncoll\/wp-json\/wp\/v2\/posts\/9738\/revisions\/9745"}],"wp:featuredmedia":[{"embeddable":true,"href":"https:\/\/agora.xtec.cat\/iesramoncoll\/wp-json\/wp\/v2\/media\/9708"}],"wp:attachment":[{"href":"https:\/\/agora.xtec.cat\/iesramoncoll\/wp-json\/wp\/v2\/media?parent=9738"}],"wp:term":[{"taxonomy":"category","embeddable":true,"href":"https:\/\/agora.xtec.cat\/iesramoncoll\/wp-json\/wp\/v2\/categories?post=9738"},{"taxonomy":"post_tag","embeddable":true,"href":"https:\/\/agora.xtec.cat\/iesramoncoll\/wp-json\/wp\/v2\/tags?post=9738"}],"curies":[{"name":"wp","href":"https:\/\/api.w.org\/{rel}","templated":true}]}}