{"id":9191,"date":"2020-11-18T07:51:35","date_gmt":"2020-11-18T06:51:35","guid":{"rendered":"http:\/\/agora.xtec.cat\/iesramoncoll\/?p=9191"},"modified":"2020-11-23T18:13:07","modified_gmt":"2020-11-23T17:13:07","slug":"el-timbre-reuneix-ciencia-i-musica","status":"publish","type":"post","link":"https:\/\/agora.xtec.cat\/iesramoncoll\/general\/el-timbre-reuneix-ciencia-i-musica\/","title":{"rendered":"El timbre reuneix ci\u00e8ncia i m\u00fasica"},"content":{"rendered":"<p style=\"text-align: justify;\"><span style=\"color: #666666; font-family: 'Open Sans', Helvetica, Arial, sans-serif; font-size: 16px;\">Avui \u00e9s festa local i els estudiants del nostre institut gaudeixen d&#8217;un dia de merescut descans just abans que tot s&#8217;acceleri amb la immin\u00e8ncia de les proves i treballs per tancar el primer trimestre.<\/span><\/p>\n<p style=\"text-align: justify;\"><span style=\"color: #666666; font-family: 'Open Sans', Helvetica, Arial, sans-serif; font-size: 16px;\">Dijous, quan es reprenguin les classes, i divendres, el nou timbre musical ens far\u00e0 saber de nou quan l&#8217;angl\u00e8s <\/span><span class=\"hiddenGrammarError\" style=\"padding-bottom: 2px; background-image: url('..\/..\/..\/..\/..\/images\/squiggle.png'); background-repeat: repeat-x; background-position: left bottom; cursor: default; color: #666666; font-family: 'Open Sans', Helvetica, Arial, sans-serif; font-size: 16px;\">dona<\/span><span style=\"color: #666666; font-family: 'Open Sans', Helvetica, Arial, sans-serif; font-size: 16px;\">\u00a0pas a la hist\u00f2ria o quan la bio\u00a0<\/span><span class=\"hiddenGrammarError\" style=\"padding-bottom: 2px; background-image: url('..\/..\/..\/..\/..\/images\/squiggle.png'); background-repeat: repeat-x; background-position: left bottom; cursor: default; color: #666666; font-family: 'Open Sans', Helvetica, Arial, sans-serif; font-size: 16px;\">dona<\/span><span style=\"color: #666666; font-family: 'Open Sans', Helvetica, Arial, sans-serif; font-size: 16px;\">\u00a0pas al\u00a0<\/span><span class=\"hiddenSpellError\" style=\"padding-bottom: 2px; background-image: url('..\/..\/..\/..\/..\/images\/squiggle_red.png'); background-repeat: repeat-x; background-position: left bottom; cursor: default; color: #666666; font-family: 'Open Sans', Helvetica, Arial, sans-serif; font-size: 16px;\">caste<\/span><span style=\"color: #666666; font-family: 'Open Sans', Helvetica, Arial, sans-serif; font-size: 16px;\">. Donat que som a la <a href=\"http:\/\/agora.xtec.cat\/iesramoncoll\/general\/25a-setmana-de-la-ciencia\/\"><span style=\"color: #3366ff;\">Setmana de la Ci\u00e8ncia<\/span><\/a>, dues seran les peces que sentirem alternativament des de primera a pen\u00faltima hora:\u00a0<\/span><em><span class=\"hiddenSpellError\" style=\"padding-bottom: 2px; background-image: url('..\/..\/..\/..\/..\/images\/squiggle_red.png'); background-repeat: repeat-x; background-position: left bottom; cursor: default; color: #666666; font-family: 'Open Sans', Helvetica, Arial, sans-serif; font-size: 16px;\">Earth<\/span><span style=\"color: #666666; font-family: 'Open Sans', Helvetica, Arial, sans-serif; font-size: 16px;\">\u00a0<\/span><span class=\"hiddenSpellError\" style=\"padding-bottom: 2px; background-image: url('..\/..\/..\/..\/..\/images\/squiggle_red.png'); background-repeat: repeat-x; background-position: left bottom; cursor: default; color: #666666; font-family: 'Open Sans', Helvetica, Arial, sans-serif; font-size: 16px;\">Song<\/span><\/em><span style=\"color: #666666; font-family: 'Open Sans', Helvetica, Arial, sans-serif; font-size: 16px;\">, can\u00e7\u00f3 composta per Michael Jackson el 1995, a trav\u00e9s de la qual el cantant exposa la defensa del medi ambient, dels animals i de la pau al m\u00f3n, i <em>El Moldau<\/em>, del compositor txec B.\u00a0<\/span><span class=\"hiddenSpellError\" style=\"padding-bottom: 2px; background-image: url('..\/..\/..\/..\/..\/images\/squiggle_red.png'); background-repeat: repeat-x; background-position: left bottom; cursor: default; color: #666666; font-family: 'Open Sans', Helvetica, Arial, sans-serif; font-size: 16px;\">Smetana<\/span><span style=\"color: #666666; font-family: 'Open Sans', Helvetica, Arial, sans-serif; font-size: 16px;\">, una pe\u00e7a que representa el curs del riu Moldava que, nascut en els boscos de Boh\u00e8mia, corre per camps i boscos de tot el pa\u00eds. Segons la C\u00e8lia, professora de m\u00fasica del centre, aquesta composici\u00f3 transcendeix el seu referent geogr\u00e0fic concret per a oferir-nos una visi\u00f3 de la natura viva, lliure, que ocupa l&#8217;espai que li toca i dona vida a tot un paisatge.<\/span><\/p>\n<p style=\"text-align: justify;\">Finalment, tant dijous com divendres, la can\u00e7\u00f3 amb qu\u00e8 marxarem de l&#8217;institut cap a casa ser\u00e0 la que ja va sonar durant aquest dilluns: <em>Hijos de la Tierra<\/em>, l&#8217;optimista composici\u00f3 que ens diu que cal viure la vida, respirar\u00a0 i sentir que som d&#8217;aquesta terra.<\/p>\n<p style=\"text-align: center;\"><iframe loading=\"lazy\" src=\"https:\/\/www.youtube.com\/embed\/l6kqu2mk-Kw\" width=\"560\" height=\"315\" frameborder=\"0\"><\/iframe><br \/>\n<iframe loading=\"lazy\" src=\"https:\/\/www.youtube.com\/embed\/XAi3VTSdTxU\" width=\"560\" height=\"315\" frameborder=\"0\"><\/iframe><br \/>\n<iframe loading=\"lazy\" src=\"https:\/\/www.youtube.com\/embed\/sVPZ0TlUurQ\" width=\"560\" height=\"315\" frameborder=\"0\"><\/iframe><\/p>\n","protected":false},"excerpt":{"rendered":"<p>Avui \u00e9s festa local i els estudiants del nostre institut gaudeixen d&#8217;un dia de merescut descans just abans que tot s&#8217;acceleri amb la immin\u00e8ncia de les proves i treballs per tancar el primer trimestre.<\/p>\n<p>Dijous, quan es reprenguin les classes, i divendres, el nou timbre musical ens far\u00e0 saber de nou&hellip;  <a href=\"https:\/\/agora.xtec.cat\/iesramoncoll\/general\/el-timbre-reuneix-ciencia-i-musica\/\" title=\"Read El timbre reuneix ci\u00e8ncia i m\u00fasica\">Llegeix m\u00e9s\u00bb<\/a><\/p>\n","protected":false},"author":5,"featured_media":9193,"comment_status":"open","ping_status":"closed","sticky":false,"template":"","format":"standard","meta":{"_bbp_topic_count":0,"_bbp_reply_count":0,"_bbp_total_topic_count":0,"_bbp_total_reply_count":0,"_bbp_voice_count":0,"_bbp_anonymous_reply_count":0,"_bbp_topic_count_hidden":0,"_bbp_reply_count_hidden":0,"_bbp_forum_subforum_count":0,"footnotes":""},"categories":[1,29],"tags":[146,128,466,359],"class_list":["post-9191","post","type-post","status-publish","format-standard","has-post-thumbnail","hentry","category-general","category-portada","tag-musica","tag-setmana-de-la-ciencia","tag-timbre","tag-video"],"post_mailing_queue_ids":[],"_links":{"self":[{"href":"https:\/\/agora.xtec.cat\/iesramoncoll\/wp-json\/wp\/v2\/posts\/9191","targetHints":{"allow":["GET"]}}],"collection":[{"href":"https:\/\/agora.xtec.cat\/iesramoncoll\/wp-json\/wp\/v2\/posts"}],"about":[{"href":"https:\/\/agora.xtec.cat\/iesramoncoll\/wp-json\/wp\/v2\/types\/post"}],"author":[{"embeddable":true,"href":"https:\/\/agora.xtec.cat\/iesramoncoll\/wp-json\/wp\/v2\/users\/5"}],"replies":[{"embeddable":true,"href":"https:\/\/agora.xtec.cat\/iesramoncoll\/wp-json\/wp\/v2\/comments?post=9191"}],"version-history":[{"count":3,"href":"https:\/\/agora.xtec.cat\/iesramoncoll\/wp-json\/wp\/v2\/posts\/9191\/revisions"}],"predecessor-version":[{"id":9203,"href":"https:\/\/agora.xtec.cat\/iesramoncoll\/wp-json\/wp\/v2\/posts\/9191\/revisions\/9203"}],"wp:featuredmedia":[{"embeddable":true,"href":"https:\/\/agora.xtec.cat\/iesramoncoll\/wp-json\/wp\/v2\/media\/9193"}],"wp:attachment":[{"href":"https:\/\/agora.xtec.cat\/iesramoncoll\/wp-json\/wp\/v2\/media?parent=9191"}],"wp:term":[{"taxonomy":"category","embeddable":true,"href":"https:\/\/agora.xtec.cat\/iesramoncoll\/wp-json\/wp\/v2\/categories?post=9191"},{"taxonomy":"post_tag","embeddable":true,"href":"https:\/\/agora.xtec.cat\/iesramoncoll\/wp-json\/wp\/v2\/tags?post=9191"}],"curies":[{"name":"wp","href":"https:\/\/api.w.org\/{rel}","templated":true}]}}