{"id":9140,"date":"2020-11-07T18:45:45","date_gmt":"2020-11-07T17:45:45","guid":{"rendered":"http:\/\/agora.xtec.cat\/iesramoncoll\/?p=9140"},"modified":"2020-11-08T00:51:43","modified_gmt":"2020-11-07T23:51:43","slug":"ajornament-de-les-eleccions-per-a-la-renovacio-dels-consells-escolars","status":"publish","type":"post","link":"https:\/\/agora.xtec.cat\/iesramoncoll\/general\/ajornament-de-les-eleccions-per-a-la-renovacio-dels-consells-escolars\/","title":{"rendered":"Ajornament de les eleccions per a la renovaci\u00f3 dels consells escolars"},"content":{"rendered":"<p style=\"text-align: justify;\">Durant el mes de novembre dels anys parells es duen a terme en els centres educatius les eleccions per a la renovaci\u00f3 dels consells escolars, acci\u00f3 que comporta l&#8217;acc\u00e9s de moltes persones de la comunitat educativa als recintes dels centres educatius.<\/p>\n<p style=\"text-align: justify;\">Enguany el Departament d&#8217;Educaci\u00f3, atesa la situaci\u00f3 de la pand\u00e8mia a Catalunya, ha pres la resoluci\u00f3 d&#8217;<strong>ajornar per un any la convocat\u00f2ria d&#8217;eleccions<\/strong>\u00a0per a la renovaci\u00f3 parcial dels consells escolars, a fi de minimitzar el risc de contagi entre la poblaci\u00f3 i preservar l&#8217;escola com un entorn segur.<\/p>\n<p style=\"text-align: justify;\">Aix\u00ed, els i les representants dels diferents sectors que havien de ser objecte de renovaci\u00f3, se&#8217;ls prorrogar\u00e0 el mandat fins a la celebraci\u00f3 de les eleccions.<\/p>\n<p><a href=\"http:\/\/ensenyament.gencat.cat\/ca\/inici\/nota-premsa\/consells-escolars\"><span style=\"color: #3366ff;\">http:\/\/ensenyament.gencat.cat\/ca\/inici\/nota-premsa\/consells-escolars<\/span><\/a><\/p>\n","protected":false},"excerpt":{"rendered":"<p>Durant el mes de novembre dels anys parells es duen a terme en els centres educatius les eleccions per a la renovaci\u00f3 dels consells escolars, acci\u00f3 que comporta l&#8217;acc\u00e9s de moltes persones de la comunitat educativa als recintes dels centres educatius.<br \/>\nEnguany el Departament d&#8217;Educaci\u00f3, atesa&hellip;  <a href=\"https:\/\/agora.xtec.cat\/iesramoncoll\/general\/ajornament-de-les-eleccions-per-a-la-renovacio-dels-consells-escolars\/\" title=\"Read Ajornament de les eleccions per a la renovaci\u00f3 dels consells escolars\">Llegeix m\u00e9s\u00bb<\/a><\/p>\n","protected":false},"author":5,"featured_media":0,"comment_status":"open","ping_status":"closed","sticky":false,"template":"","format":"standard","meta":{"_bbp_topic_count":0,"_bbp_reply_count":0,"_bbp_total_topic_count":0,"_bbp_total_reply_count":0,"_bbp_voice_count":0,"_bbp_anonymous_reply_count":0,"_bbp_topic_count_hidden":0,"_bbp_reply_count_hidden":0,"_bbp_forum_subforum_count":0,"footnotes":""},"categories":[31,205,1,29],"tags":[121,120],"class_list":["post-9140","post","type-post","status-publish","format-standard","hentry","category-ampa","category-entorn","category-general","category-portada","tag-consell-escolar","tag-eleccions"],"post_mailing_queue_ids":[],"_links":{"self":[{"href":"https:\/\/agora.xtec.cat\/iesramoncoll\/wp-json\/wp\/v2\/posts\/9140","targetHints":{"allow":["GET"]}}],"collection":[{"href":"https:\/\/agora.xtec.cat\/iesramoncoll\/wp-json\/wp\/v2\/posts"}],"about":[{"href":"https:\/\/agora.xtec.cat\/iesramoncoll\/wp-json\/wp\/v2\/types\/post"}],"author":[{"embeddable":true,"href":"https:\/\/agora.xtec.cat\/iesramoncoll\/wp-json\/wp\/v2\/users\/5"}],"replies":[{"embeddable":true,"href":"https:\/\/agora.xtec.cat\/iesramoncoll\/wp-json\/wp\/v2\/comments?post=9140"}],"version-history":[{"count":3,"href":"https:\/\/agora.xtec.cat\/iesramoncoll\/wp-json\/wp\/v2\/posts\/9140\/revisions"}],"predecessor-version":[{"id":9143,"href":"https:\/\/agora.xtec.cat\/iesramoncoll\/wp-json\/wp\/v2\/posts\/9140\/revisions\/9143"}],"wp:attachment":[{"href":"https:\/\/agora.xtec.cat\/iesramoncoll\/wp-json\/wp\/v2\/media?parent=9140"}],"wp:term":[{"taxonomy":"category","embeddable":true,"href":"https:\/\/agora.xtec.cat\/iesramoncoll\/wp-json\/wp\/v2\/categories?post=9140"},{"taxonomy":"post_tag","embeddable":true,"href":"https:\/\/agora.xtec.cat\/iesramoncoll\/wp-json\/wp\/v2\/tags?post=9140"}],"curies":[{"name":"wp","href":"https:\/\/api.w.org\/{rel}","templated":true}]}}