{"id":9084,"date":"2020-11-04T23:48:07","date_gmt":"2020-11-04T22:48:07","guid":{"rendered":"http:\/\/agora.xtec.cat\/iesramoncoll\/?p=9084"},"modified":"2020-11-04T23:48:07","modified_gmt":"2020-11-04T22:48:07","slug":"daria-tuvasheva-premi-extraordinari-de-batxillerat","status":"publish","type":"post","link":"https:\/\/agora.xtec.cat\/iesramoncoll\/general\/daria-tuvasheva-premi-extraordinari-de-batxillerat\/","title":{"rendered":"Daria Tuvasheva, Premi Extraordinari de Batxillerat"},"content":{"rendered":"<p><img loading=\"lazy\" decoding=\"async\" class=\"alignleft  wp-image-9085\" src=\"https:\/\/agora.xtec.cat\/iesramoncoll\/wp-content\/uploads\/usu536\/2020\/11\/IMG_20200706_100443_227.jpg\" alt=\"\" width=\"324\" height=\"300\" srcset=\"https:\/\/agora.xtec.cat\/iesramoncoll\/wp-content\/uploads\/usu536\/2020\/11\/IMG_20200706_100443_227.jpg 640w, https:\/\/agora.xtec.cat\/iesramoncoll\/wp-content\/uploads\/usu536\/2020\/11\/IMG_20200706_100443_227-300x278.jpg 300w\" sizes=\"auto, (max-width: 324px) 100vw, 324px\" \/><\/p>\n<p style=\"text-align: justify;\">Daria\u00a0<span class=\"hiddenSpellError\">Tuvasheva<\/span>, amb una merit\u00f2ria nota de 37,5 punts, ha obtingut el Premi Extraordinari de Batxillerat en l&#8217;\u00faltima convocat\u00f2ria 2019-2020.<\/p>\n<p>A les proves es poden presentar aquells alumnes que hagin obtingut una qualificaci\u00f3 mitjana de tot el batxillerat igual o superior a 8,75. La nota a l&#8217;expedient de la Daria va ser de 9,01.<\/p>\n<p>El nombre de premis que s&#8217;atorguen \u00e9s limitat: un premi per cada mil alumnes matriculats en el segon curs de batxillerat i, per aconseguir un d&#8217;aquests guardons, la puntuaci\u00f3 m\u00ednima exigida, sobre un total de 40 punts, \u00e9s de 34.<\/p>\n<p>La distinci\u00f3 proporciona als alumnes que l&#8217;obtenen diversos avantatges: el reconeixement expl\u00edcit en el seu expedient acad\u00e8mic; l&#8217;exempci\u00f3 de les taxes universit\u00e0ries per al primer curs; un curs ordinari gratu\u00eft en una escola oficial d&#8217;idiomes de Catalunya; l&#8217;estada en un centre de recerca o instituci\u00f3 relacionada amb el camp d&#8217;inter\u00e8s dels alumnes i la possibilitat de participar en els Premis Nacionals de Batxillerat.<\/p>\n<p style=\"text-align: justify;\">La Daria ha rebut ja les felicitacions del director dels Serveis Territorials d&#8217;Educaci\u00f3 a Girona, Sr. Mart\u00ed\u00a0<span class=\"hiddenSpellError\">Fonalleras<\/span>, del president del tribunal dels Premis, Sr. Jordi Dol\u00e7 i de la directora del nostre centre, Sra.\u00a0<span class=\"hiddenSpellError\">Luisa<\/span> Peralta. Des d&#8217;aqu\u00ed, li enviem tamb\u00e9 la nostra m\u00e9s admirada i sincera felicitaci\u00f3, una felicitaci\u00f3 que no \u00e9s la primera, despr\u00e9s d&#8217;obtenir un <a href=\"http:\/\/agora.xtec.cat\/iesramoncoll\/general\/daria-4t-premi-famo\/\"><span style=\"color: #3366ff;\">premi\u00a0<span class=\"hiddenSpellError\">FAMO<\/span><\/span><\/a> i un dels <a href=\"http:\/\/agora.xtec.cat\/iesramoncoll\/general\/premi-ub-per-daria-tuvasheva\/\"><span style=\"color: #3366ff;\">Premis UB-Santander de la Facultat de Belles Arts<\/span><\/a>.<\/p>\n<p style=\"text-align: justify;\">Sens dubte, la seva petjada al Coll i Rod\u00e9s no ha d&#8217;esborrar-se mai.<\/p>\n","protected":false},"excerpt":{"rendered":"<p>Daria\u00a0Tuvasheva, amb una merit\u00f2ria nota de 37,5 punts, ha obtingut el Premi Extraordinari de Batxillerat en l&#8217;\u00faltima convocat\u00f2ria 2019-2020.<br \/>\nA les proves es poden presentar aquells alumnes que hagin obtingut una qualificaci\u00f3 mitjana de tot el batxillerat igual o superior a 8,75. La nota a l&#8217;expedient&hellip;  <a href=\"https:\/\/agora.xtec.cat\/iesramoncoll\/general\/daria-tuvasheva-premi-extraordinari-de-batxillerat\/\" title=\"Read Daria Tuvasheva, Premi Extraordinari de Batxillerat\">Llegeix m\u00e9s\u00bb<\/a><\/p>\n","protected":false},"author":5,"featured_media":9085,"comment_status":"open","ping_status":"closed","sticky":false,"template":"","format":"standard","meta":{"_bbp_topic_count":0,"_bbp_reply_count":0,"_bbp_total_topic_count":0,"_bbp_total_reply_count":0,"_bbp_voice_count":0,"_bbp_anonymous_reply_count":0,"_bbp_topic_count_hidden":0,"_bbp_reply_count_hidden":0,"_bbp_forum_subforum_count":0,"footnotes":""},"categories":[8,1,29,152],"tags":[369,156,122],"class_list":["post-9084","post","type-post","status-publish","format-standard","has-post-thumbnail","hentry","category-batxillerat","category-general","category-portada","category-reconeixements","tag-gencat","tag-merits","tag-premis"],"post_mailing_queue_ids":[],"_links":{"self":[{"href":"https:\/\/agora.xtec.cat\/iesramoncoll\/wp-json\/wp\/v2\/posts\/9084","targetHints":{"allow":["GET"]}}],"collection":[{"href":"https:\/\/agora.xtec.cat\/iesramoncoll\/wp-json\/wp\/v2\/posts"}],"about":[{"href":"https:\/\/agora.xtec.cat\/iesramoncoll\/wp-json\/wp\/v2\/types\/post"}],"author":[{"embeddable":true,"href":"https:\/\/agora.xtec.cat\/iesramoncoll\/wp-json\/wp\/v2\/users\/5"}],"replies":[{"embeddable":true,"href":"https:\/\/agora.xtec.cat\/iesramoncoll\/wp-json\/wp\/v2\/comments?post=9084"}],"version-history":[{"count":2,"href":"https:\/\/agora.xtec.cat\/iesramoncoll\/wp-json\/wp\/v2\/posts\/9084\/revisions"}],"predecessor-version":[{"id":9087,"href":"https:\/\/agora.xtec.cat\/iesramoncoll\/wp-json\/wp\/v2\/posts\/9084\/revisions\/9087"}],"wp:featuredmedia":[{"embeddable":true,"href":"https:\/\/agora.xtec.cat\/iesramoncoll\/wp-json\/wp\/v2\/media\/9085"}],"wp:attachment":[{"href":"https:\/\/agora.xtec.cat\/iesramoncoll\/wp-json\/wp\/v2\/media?parent=9084"}],"wp:term":[{"taxonomy":"category","embeddable":true,"href":"https:\/\/agora.xtec.cat\/iesramoncoll\/wp-json\/wp\/v2\/categories?post=9084"},{"taxonomy":"post_tag","embeddable":true,"href":"https:\/\/agora.xtec.cat\/iesramoncoll\/wp-json\/wp\/v2\/tags?post=9084"}],"curies":[{"name":"wp","href":"https:\/\/api.w.org\/{rel}","templated":true}]}}