{"id":7476,"date":"2020-02-08T02:16:34","date_gmt":"2020-02-08T01:16:34","guid":{"rendered":"http:\/\/agora.xtec.cat\/iesramoncoll\/?p=7476"},"modified":"2020-02-08T02:18:18","modified_gmt":"2020-02-08T01:18:18","slug":"intercanvi-mobisudnord","status":"publish","type":"post","link":"https:\/\/agora.xtec.cat\/iesramoncoll\/general\/intercanvi-mobisudnord\/","title":{"rendered":"Intercanvi MobiSudNord"},"content":{"rendered":"<p style=\"text-align: justify;\"><a href=\"https:\/\/agora.xtec.cat\/iesramoncoll\/wp-content\/uploads\/usu536\/2020\/02\/MOBISUDNORDgris.jpg\"><img loading=\"lazy\" decoding=\"async\" class=\"alignleft size-medium wp-image-7480\" src=\"https:\/\/agora.xtec.cat\/iesramoncoll\/wp-content\/uploads\/usu536\/2020\/02\/MOBISUDNORDgris-300x135.jpg\" alt=\"\" width=\"300\" height=\"135\" srcset=\"https:\/\/agora.xtec.cat\/iesramoncoll\/wp-content\/uploads\/usu536\/2020\/02\/MOBISUDNORDgris-300x135.jpg 300w, https:\/\/agora.xtec.cat\/iesramoncoll\/wp-content\/uploads\/usu536\/2020\/02\/MOBISUDNORDgris.jpg 535w\" sizes=\"auto, (max-width: 300px) 100vw, 300px\" \/><\/a>Aquest curs participem en el programa de mobilitat <a href=\"http:\/\/xtec.gencat.cat\/web\/.content\/projectes\/plurilinguisme\/Accions-llengues\/llengues\/frances\/mobilitat\/catalunya-montpellier\/Programa-Mobisudnord-xtec.pdf\" target=\"_blank\" rel=\"noopener noreferrer\"><span style=\"color: #3366ff;\">Mobisudnord<\/span><\/a> entre el Departament d\u2019Ensenyament i l\u2019Acad\u00e9mie de Montpellier.<\/p>\n<p style=\"text-align: justify;\">Aquest projecte permet l\u2019intercanvi entre alumnat de 4t d\u2019ESO de Catalunya i alumnat de <em>Seconde<\/em> de Fran\u00e7a.<\/p>\n<p style=\"text-align: justify;\">Gr\u00e0cies a aquest programa, la Neus Trull Castanyer i la L\u00e9a Hardy conviuran durant dos mesos, un a Lloret i un altre a Castelnaudary.<\/p>\n<p style=\"text-align: justify;\">Aquest divendres, 7 de febrer, hem acomiadat la L\u00e9a Hardy, del lyc\u00e9e GermaineTillion, que ha estat amb nosaltres des del 13 de gener. Ha assistit a les classes de 4t d\u2019ESO i de 1r de batxillerat.<\/p>\n<p style=\"text-align: justify;\">La Neus ser\u00e0 acollida per la fam\u00edlia de la L\u00e9a del 2 al 27 de mar\u00e7.<\/p>\n<p style=\"text-align: justify;\">Amb aquests intercanvis volem fomentar l\u2019autonomia de l\u2019alumnat, facilitar l\u2019adquisici\u00f3 d\u2019una compet\u00e8ncia intercultural, afavorir l\u2019aprenentatge de la llengua francesa i convertir el nostre alumnat en ciutadans del m\u00f3n del segleXXI.<\/p>\n<p style=\"text-align: right;\"><span style=\"color: #666699;\">Seminari de Franc\u00e8s<\/span><\/p>\n","protected":false},"excerpt":{"rendered":"<p><a href=\"https:\/\/agora.xtec.cat\/iesramoncoll\/wp-content\/uploads\/usu536\/2020\/02\/MOBISUDNORDgris.jpg\"><\/a>Aquest curs participem en el programa de mobilitat <a href=\"http:\/\/xtec.gencat.cat\/web\/.content\/projectes\/plurilinguisme\/Accions-llengues\/llengues\/frances\/mobilitat\/catalunya-montpellier\/Programa-Mobisudnord-xtec.pdf\" target=\"_blank\" rel=\"noopener noreferrer\">Mobisudnord<\/a> entre el Departament d\u2019Ensenyament i l\u2019Acad\u00e9mie de Montpellier.<br \/>\nAquest projecte permet l\u2019intercanvi entre alumnat de 4t d\u2019ESO de Catalunya i alumnat de Seconde de Fran\u00e7a.<br \/>\nGr\u00e0cies a aquest programa, la Neus Trull Castanyer&hellip;  <a href=\"https:\/\/agora.xtec.cat\/iesramoncoll\/general\/intercanvi-mobisudnord\/\" title=\"Read Intercanvi MobiSudNord\">Llegeix m\u00e9s\u00bb<\/a><\/p>\n","protected":false},"author":5,"featured_media":7480,"comment_status":"open","ping_status":"closed","sticky":false,"template":"","format":"standard","meta":{"_bbp_topic_count":0,"_bbp_reply_count":0,"_bbp_total_topic_count":0,"_bbp_total_reply_count":0,"_bbp_voice_count":0,"_bbp_anonymous_reply_count":0,"_bbp_topic_count_hidden":0,"_bbp_reply_count_hidden":0,"_bbp_forum_subforum_count":0,"footnotes":""},"categories":[323,8,3,7,1,280,29],"tags":[260,154,441],"class_list":["post-7476","post","type-post","status-publish","format-standard","has-post-thumbnail","hentry","category-bat-1","category-batxillerat","category-eso","category-eso-4","category-general","category-idiomes","category-portada","tag-comiat","tag-frances","tag-intercanvi"],"post_mailing_queue_ids":[],"_links":{"self":[{"href":"https:\/\/agora.xtec.cat\/iesramoncoll\/wp-json\/wp\/v2\/posts\/7476","targetHints":{"allow":["GET"]}}],"collection":[{"href":"https:\/\/agora.xtec.cat\/iesramoncoll\/wp-json\/wp\/v2\/posts"}],"about":[{"href":"https:\/\/agora.xtec.cat\/iesramoncoll\/wp-json\/wp\/v2\/types\/post"}],"author":[{"embeddable":true,"href":"https:\/\/agora.xtec.cat\/iesramoncoll\/wp-json\/wp\/v2\/users\/5"}],"replies":[{"embeddable":true,"href":"https:\/\/agora.xtec.cat\/iesramoncoll\/wp-json\/wp\/v2\/comments?post=7476"}],"version-history":[{"count":3,"href":"https:\/\/agora.xtec.cat\/iesramoncoll\/wp-json\/wp\/v2\/posts\/7476\/revisions"}],"predecessor-version":[{"id":7482,"href":"https:\/\/agora.xtec.cat\/iesramoncoll\/wp-json\/wp\/v2\/posts\/7476\/revisions\/7482"}],"wp:featuredmedia":[{"embeddable":true,"href":"https:\/\/agora.xtec.cat\/iesramoncoll\/wp-json\/wp\/v2\/media\/7480"}],"wp:attachment":[{"href":"https:\/\/agora.xtec.cat\/iesramoncoll\/wp-json\/wp\/v2\/media?parent=7476"}],"wp:term":[{"taxonomy":"category","embeddable":true,"href":"https:\/\/agora.xtec.cat\/iesramoncoll\/wp-json\/wp\/v2\/categories?post=7476"},{"taxonomy":"post_tag","embeddable":true,"href":"https:\/\/agora.xtec.cat\/iesramoncoll\/wp-json\/wp\/v2\/tags?post=7476"}],"curies":[{"name":"wp","href":"https:\/\/api.w.org\/{rel}","templated":true}]}}