{"id":7443,"date":"2020-02-05T01:27:15","date_gmt":"2020-02-05T00:27:15","guid":{"rendered":"http:\/\/agora.xtec.cat\/iesramoncoll\/?p=7443"},"modified":"2020-02-05T01:27:15","modified_gmt":"2020-02-05T00:27:15","slug":"visita-dels-gat-al-palau-de-congressos","status":"publish","type":"post","link":"https:\/\/agora.xtec.cat\/iesramoncoll\/general\/visita-dels-gat-al-palau-de-congressos\/","title":{"rendered":"Visita dels GAT al Palau de Congressos"},"content":{"rendered":"<p style=\"text-align: justify;\">El dijous 30 de gener, els alumnes de 1r i de 2n del CFGS de Gesti\u00f3 d&#8217;Allotjaments Tur\u00edstics van assistir, a l&#8217;<span style=\"color: #3366ff;\">Auditori Palau de Congressos de Girona<\/span>, al debat <a href=\"https:\/\/www.udg.edu\/ca\/udg\/detall-activitats\/eventid\/10258\" target=\"_blank\" rel=\"noopener noreferrer\"><span style=\"color: #3366ff;\">&#8220;L&#8217;oferta tur\u00edstica de les comarques gironines&#8221;<\/span><\/a> amb la finalitat de con\u00e8ixer de la m\u00e0 dels principals agents el present i futur dels allotjaments tur\u00edstics a la nostra prov\u00edncia.<\/p>\n<p style=\"text-align: right;\"><span style=\"color: #666699;\">Betty.<\/span><\/p>\n<p style=\"text-align: center;\"><a href=\"https:\/\/agora.xtec.cat\/iesramoncoll\/wp-content\/uploads\/usu536\/2020\/02\/collagecfgspalau.jpg\"><img loading=\"lazy\" decoding=\"async\" class=\"aligncenter size-full wp-image-7445\" src=\"https:\/\/agora.xtec.cat\/iesramoncoll\/wp-content\/uploads\/usu536\/2020\/02\/collagecfgspalau.jpg\" alt=\"\" width=\"1200\" height=\"396\" srcset=\"https:\/\/agora.xtec.cat\/iesramoncoll\/wp-content\/uploads\/usu536\/2020\/02\/collagecfgspalau.jpg 1200w, https:\/\/agora.xtec.cat\/iesramoncoll\/wp-content\/uploads\/usu536\/2020\/02\/collagecfgspalau-300x99.jpg 300w, https:\/\/agora.xtec.cat\/iesramoncoll\/wp-content\/uploads\/usu536\/2020\/02\/collagecfgspalau-768x253.jpg 768w, https:\/\/agora.xtec.cat\/iesramoncoll\/wp-content\/uploads\/usu536\/2020\/02\/collagecfgspalau-1024x338.jpg 1024w\" sizes=\"auto, (max-width: 1200px) 100vw, 1200px\" \/><\/a><\/p>\n","protected":false},"excerpt":{"rendered":"<p>El dijous 30 de gener, els alumnes de 1r i de 2n del CFGS de Gesti\u00f3 d&#8217;Allotjaments Tur\u00edstics van assistir, a l&#8217;Auditori Palau de Congressos de Girona, al debat <a href=\"https:\/\/www.udg.edu\/ca\/udg\/detall-activitats\/eventid\/10258\" target=\"_blank\" rel=\"noopener noreferrer\">&#8220;L&#8217;oferta tur\u00edstica de les comarques gironines&#8221;<\/a> amb la finalitat de con\u00e8ixer de&hellip;  <a href=\"https:\/\/agora.xtec.cat\/iesramoncoll\/general\/visita-dels-gat-al-palau-de-congressos\/\" title=\"Read Visita dels GAT al Palau de Congressos\">Llegeix m\u00e9s\u00bb<\/a><\/p>\n","protected":false},"author":5,"featured_media":7444,"comment_status":"open","ping_status":"closed","sticky":false,"template":"","format":"standard","meta":{"_bbp_topic_count":0,"_bbp_reply_count":0,"_bbp_total_topic_count":0,"_bbp_total_reply_count":0,"_bbp_voice_count":0,"_bbp_anonymous_reply_count":0,"_bbp_topic_count_hidden":0,"_bbp_reply_count_hidden":0,"_bbp_forum_subforum_count":0,"footnotes":""},"categories":[328,30,1,29],"tags":[215,39,243,44],"class_list":["post-7443","post","type-post","status-publish","format-standard","has-post-thumbnail","hentry","category-cfgs-allotjaments","category-cicles-formatius","category-general","category-portada","tag-girona","tag-sortides","tag-turisme","tag-xerrades"],"post_mailing_queue_ids":[],"_links":{"self":[{"href":"https:\/\/agora.xtec.cat\/iesramoncoll\/wp-json\/wp\/v2\/posts\/7443","targetHints":{"allow":["GET"]}}],"collection":[{"href":"https:\/\/agora.xtec.cat\/iesramoncoll\/wp-json\/wp\/v2\/posts"}],"about":[{"href":"https:\/\/agora.xtec.cat\/iesramoncoll\/wp-json\/wp\/v2\/types\/post"}],"author":[{"embeddable":true,"href":"https:\/\/agora.xtec.cat\/iesramoncoll\/wp-json\/wp\/v2\/users\/5"}],"replies":[{"embeddable":true,"href":"https:\/\/agora.xtec.cat\/iesramoncoll\/wp-json\/wp\/v2\/comments?post=7443"}],"version-history":[{"count":1,"href":"https:\/\/agora.xtec.cat\/iesramoncoll\/wp-json\/wp\/v2\/posts\/7443\/revisions"}],"predecessor-version":[{"id":7446,"href":"https:\/\/agora.xtec.cat\/iesramoncoll\/wp-json\/wp\/v2\/posts\/7443\/revisions\/7446"}],"wp:featuredmedia":[{"embeddable":true,"href":"https:\/\/agora.xtec.cat\/iesramoncoll\/wp-json\/wp\/v2\/media\/7444"}],"wp:attachment":[{"href":"https:\/\/agora.xtec.cat\/iesramoncoll\/wp-json\/wp\/v2\/media?parent=7443"}],"wp:term":[{"taxonomy":"category","embeddable":true,"href":"https:\/\/agora.xtec.cat\/iesramoncoll\/wp-json\/wp\/v2\/categories?post=7443"},{"taxonomy":"post_tag","embeddable":true,"href":"https:\/\/agora.xtec.cat\/iesramoncoll\/wp-json\/wp\/v2\/tags?post=7443"}],"curies":[{"name":"wp","href":"https:\/\/api.w.org\/{rel}","templated":true}]}}