{"id":3369,"date":"2018-05-16T01:09:05","date_gmt":"2018-05-15T23:09:05","guid":{"rendered":"http:\/\/agora.xtec.cat\/iesramoncoll\/?p=3369"},"modified":"2020-05-16T01:52:15","modified_gmt":"2020-05-15T23:52:15","slug":"xiii-festa-de-les-flors","status":"publish","type":"post","link":"https:\/\/agora.xtec.cat\/iesramoncoll\/general\/xiii-festa-de-les-flors\/","title":{"rendered":"XIII Festa de les Flors"},"content":{"rendered":"<p style=\"text-align: justify;\">Aquest diumenge, es va celebrar la 13a edici\u00f3 de la Festa de les Flors a l&#8217;ermita de les Alegries. Com cada any, es va demanar als ve\u00efns \u2014i la comunitat educativa del Coll i Rod\u00e9s ho \u00e9s\u2014 que col\u00b7laboressin amb flors i plantes de tot tipus, per poder decorar l&#8217;ermita i el seu paisatge. Per aquest motiu, el nostre centre, a la ja habitual col\u00b7laboraci\u00f3 dels nostres alumnes de 2n de batxillerat art\u00edstic, s&#8217;ha afegit la participaci\u00f3 d&#8217;alguns alumnes de 1r d&#8217;ESO.<\/p>\n<p style=\"text-align: justify;\">En concret, els joves artesans de\u00a0<span class=\"hiddenGrammarError\">l&#8217;1A4<\/span>\u00a0van fer, a la classe de\u00a0<span class=\"hiddenSpellError\">ViP<\/span>\u00a0de la S\u00edlvia\u00a0<span class=\"hiddenSpellError\">Matas<\/span>, unes flors multicolors destinades a lluir en una de les parets exteriors de l&#8217;ermita.<\/p>\n<p style=\"text-align: justify;\">Per la seva banda, els alumnes del\u00a0<span class=\"hiddenSpellError\">B2B<\/span>\u00a0i del\u00a0<span class=\"hiddenSpellError\">B1B<\/span>\u00a0van confeccionar, a l&#8217;interior de l&#8217;ermita, un mural amb tots els dibuixos de cactus amb aquarel\u00b7la que venien de ser exposats a la Casa de la Cultura de Lloret de Mar. Per \u00faltim, en una altra fa\u00e7ana exterior, es va muntar una petita exposici\u00f3 amb els cartells que els alumnes de 2n de batxillerat art\u00edstic havien proposat per aquesta 13a edici\u00f3 de la Festa de les Flors, incl\u00f2s el que van dissenyar el Guillem S\u00e1nchez i la\u00a0<span class=\"hiddenSpellError\">Luz<\/span>\u00a0Bustos, escollit feia unes setmanes com a cartell de l&#8217;esdeveniment.<\/p>\n<p>Ens veiem a la XIV edici\u00f3.<\/p>\n<div id=\"28432\" style=\"width: 600px; height: 400px; display: none;\"><img decoding=\"async\" src=\"https:\/\/lh3.googleusercontent.com\/Jju8pRDs-3hcT3w6cF2AeE8Mh8x3N11qvWUJZ-J7aNCbDWw5b9EXqW91QOujpHXZrpFbnOfy6zzPf-bVlVc832MEsQDUMu6y--uSaJPqPUXUT9tWrPTQq95lJ-wil_4QQDdzoIAW_qRH_skrHb9TWFm_1uuV9lhqoEPJ_g7yOXLdVVnfZQ-o-pnSWju5Q8CFSpc4TCyBDRl_GLRWTxnwZeChaFceGVqEOgqNkTGwP8lJdtLY9iLToAkCpIZqEMQRKBpJlLG9lWeGUoPi1_5qwMymQbQbx0T_O6n0fnidAL6WWK9hL_5ZnDgqfXvARf6ZWkN5HW9ZWXWNhuCDU1KUJjW7D4c6WkdkRJTsRsVRK9qpUxjkaVd2K4tO2jnYFqQOL0KfW8rX1MvfJs_zJihUNGHasCKLfcOTlQmezoiPeGFBAxGT2zMeJBeY-vCArtZat2LXaRuDMPJgQ-TEFQgwCMBILXloJVPQP8ipk6xH509-8wPYvFZjU_ocX3ZaoEQoUF7LqtfzFn8ci1rYbUXTv7Vaur11aL9aM6eeFtQJ7JnIt2V710xE9ohq-74fAgfsKLhtmBIglofn5JQ_Lb4_puPLI2hy_WbQv7CkRCU=w800-h600-no\" data-link=\"https:\/\/photos.google.com\/album\/AF1QipMlhfla-Zh9qSHuxX_Sfe_vwBpJnZNRSq6KwX46\/photo\/AF1QipOg9UqfobX3yCHtigzZRRgLBhTcv9hTlk-jtERI\" \/><br \/>\n<img decoding=\"async\" src=\"https:\/\/lh3.googleusercontent.com\/KXNJoSxVEEv6ZyFHS5RglquZRaecCBdlQQNT0IyCjFneugJ4ifSeeGPTqEl6g-p2V-_yee-mn60SpzGvCEDvWCNPrznlGy0UOxQWYUQd5i8uIWNAtU2jZFG24stvhFg9gMrpDvKW9FNgNlwyqobUotUe_uUSi5Sqxqyex1rG7UkUoM3GkqiSxyIKWvHEsOUGj9hvPPJ6ZZxeAug5pgS1lwdWbCzND0ivumNt-zlyQ5krqw8aCMAjKjVLlj5LEhvtmakAYq6nnK-Qw-zt0LDozwnpzHpe6CPApZdmjErSB6TJpkjp4EzL5kTr0JKC_ORIhC3Ybq8_LbX7EzPRrHzZ9U5yjDkMjqvmASiEOF9NzwNduzCU3zRlSxZo9MXkO1AlLtKZnBLmvxLCXMLHx_HLJL2eIb1dwOCmhOnq5xT1hc-le4vGousrm8UfWZ9qq0qKko5ZInXMxonT6lUHFHHPMG605wAI9sqDmQJShnTyozrOExvje9smx-4rmXd5dGyfC7vDn9a-v5i5CM5P6_unJyXX5eYlDhM2aL6_GE-bUuwowEeAB3r7p_z6kWvlsbBUcaTGl2Kt0C1c1ovSOud41PgsaVecFDuUdvCBzxA=w800-h600-no\" data-link=\"https:\/\/photos.google.com\/album\/AF1QipMlhfla-Zh9qSHuxX_Sfe_vwBpJnZNRSq6KwX46\/photo\/AF1QipOs15FTHpfVgsoBREhh_JrTGOHsyR06irGFSfgi\" \/><br \/>\n<img decoding=\"async\" src=\"https:\/\/lh3.googleusercontent.com\/WL2yS437mZ8h3SwzqIU8w3efqrFFFDCERmf-wKnYU93fLFJkgYFJ-6ryKMSJrijkzyOY2ZzOkegQS5P2FyhN0usNdIIdffaMnErVJcRmoQ-jHp9EdyiUA3zoqxyuLy3L3NBp8M6xO1ZF_qm8WsvlY_L_VLaKyaX9ZLb2EaQCNmDRI0ddyn4-2IMGUUtFaz1Y1B18cFm4r6QpWD0rrECHTXkmBuUvlrwn83PZihAgcC7PK75JgugwmjmWmoKIQ17o5HBh7tzl_ry50jS6PHqAO9nezMyPOjBmIw9fECBQcd5dqP2ogoaqyb286jqbeSC6b9p8twIQ8JwZQ0qFDvz459vbnCegdjNq_msLMhw1JPoHWaYnOflL8u4ILGai4WZIXkLPlw2abyskwNk6Q9WSJJQ3WEN469RS7wTO7HeHh3jvDLHr9mOScjTEfI99wpw71dtubSNi6UyAoR7BZXobchvoyOBrDH1Oin7A4FJw8l8Esv_8YcwO7ZOqVPgnpIhhNk4rwDCGBUhaNn0tz0ZCZYBqaHEQzgSJ9t0OTtepQz0NtKDsl21pmHlxSOqWhZg1XA1qmQf537OPJGuHWNHr858e2yAMf78iCoI1rSE=w800-h600-no\" data-link=\"https:\/\/photos.google.com\/album\/AF1QipMlhfla-Zh9qSHuxX_Sfe_vwBpJnZNRSq6KwX46\/photo\/AF1QipPcNRRMpOGVd98fFVzTcDBsvvcpPVnOOmdgEXGs\" \/><br \/>\n<img decoding=\"async\" src=\"https:\/\/lh3.googleusercontent.com\/RiLSgvZE_CdwQ9NRRtcQfH45xhv9KY8UUoP9YKGSU0X9o4-rNdpqs9PvsGx9nQ41v-oNNL--MQkLYvjllgEvxGt3Ri8TWXtCn57ONXWFMhxXqZg_V7oqNMI3H71AP3XFnNNusn_4zmWXglSR6Zbc6ffM7Nq3UoGmEgjQP5XdjF20H-qH0NnACtO4onps2hjRCerKinT0CpA3mCVAdCNKssct-eTRc_9VrF7URXM4whuEdqveKns4OSOvbY3eLcd0Fy10sZNcJqr6RyXYA-I9ascNUWD3IkFdLVSi-AoJmRbrOnpgrnlnFrfgwEMs2MA4POlHTwKslZZf4WyOqIEy2pqc_eNo4sZMU3hbGTBjJX9IG-8XlXaN-0lVAelomJ6HPKUg6-rZxuWHggLI5WIKRdQ02NHIYByoQDRFoHMQ6kHoatgTqJFxn0Uva2w_1tuZbgiZI5vYwp06lgN7OHp1D9-SjCWyAUtO7yM6b5jV8YPlSppb31YHXQid--CIc0-CYb_gGuiJLB1-TDW_RhgdXJyKuJH7-JkO0UwDKOl1A2TyMZrhlQsH51_ubXgCX5_PnH44eZPGfKjUc108n8OYXrqY6H6nW1xn-9B8d5o=w800-h600-no\" data-link=\"https:\/\/photos.google.com\/album\/AF1QipMlhfla-Zh9qSHuxX_Sfe_vwBpJnZNRSq6KwX46\/photo\/AF1QipMqKxKG3H_Qek3WszlDOoja6v4iSfqS67qmZUtN\" \/><br \/>\n<img decoding=\"async\" src=\"https:\/\/lh3.googleusercontent.com\/_woG3nVlfv8zWxm5uH8b5XlBfOy_jHwVidyX_5NoRdKtld9g7aR0GzP30ZYrEEM2zxYmVR5EHETOs_xjo4i60yBlScBXVBBg0UJgXexYWeaV-czDzUS8uuMdySz0JBXYWd8AGd0KDC4Srw-3Qa9JvjsgYlrJisdx7PgV2Mng8cwXud6hSYVz2jgrZJJuN-2ykrOkCEi1ijzFPay3WyvSQ8S32AlfHkvdJMkgRGR5Kjd4UCW__Yh1hi_dC_RNy_zjHb6p_e2-goSzeAbPk0PHvi5M2vf7GFBR4lALdxHoEPyDBb8jvIayhJ48YE8NR0nJgHET8-T-V4SW3rdx7hw3WFnhS29dK3PZt3Am5Ha5Hnf9rHyyUXfitwj4QA6S0R75Su0lKBgZRiZxNizmA-XXvDndZn9mhTFG-gmLnQRKqmzpNfsVL87jc1UXBzSGcH1e5DtC6C8bT0T2aDAhVVSyiVTiZpbcJspAwIpecNlFSOCnUmRA-yviA24FsmDvEOiwS-QS_MabtulOtG6k34mJgZfCFELl8MJHiUTkhc5TiDfmG7uiPeIiwvpyZLHVS_XCzLN2AnE-JnjphcIYe9Fk4YHqY59DjJgy6Wd-lCk=w800-h600-no\" data-link=\"https:\/\/photos.google.com\/album\/AF1QipMlhfla-Zh9qSHuxX_Sfe_vwBpJnZNRSq6KwX46\/photo\/AF1QipNa07DqeNXpqIWaMARQhbs15DDB0wmsUOyvtq5-\" \/><br \/>\n<img decoding=\"async\" src=\"https:\/\/lh3.googleusercontent.com\/jJEa1QaYwF5hx4Q-Y5xTek_8NfBYvTXW8thi5o31OQUAtt4u1jOCjK0uPFt55SGaY3k1U9NbvUwi66_ebAnHTx1TuWnxd6_dBnpEtFYRXZC7jm0AJ1N-zkABAl3xtctIXQ46HFpJWpjapK6GNw30i5BRkHZrjM8-CaS6FDtU6YHH0bgb6A7c0j1mVA_0YVgM0mayVjtTXSVzMRW8DfRRzf7Q2Op0aoMcvrjwGx-hKrfacBusKafnygIQV-ZjwgD6qP3PsONpEiMQiQyQiu9wHMm9WdvGYbekqqm6McVsyT2GaKnTmNUG5IKrYXQXV3SnTR4OlUYjoobGdNpbiPN1_gojPm9YAkdJbineaGtglephDe7A_-u62e3hsJAnKsVE8Z3qmitTCETa6PqlV0c24siMxP_UBdoeq3Mp-Encisx1LHI8zGEqktHHyPSHdDxxQ93yT_lcLOD_iZgdrhoyJOIICiJ0YdtmzocOrpv3Yar6gfN7K3uOrrthmU0Qjd-jRfpE7aoXIadP7DuWSAAgCdx29aajqcIpHjDDEUXAHyqkEk0df_JaVBqDHm6PjubrCOCUb7Dx3_A44CcJTmXImsZoi9YddVxES29Dx38=w800-h600-no\" data-link=\"https:\/\/photos.google.com\/album\/AF1QipMlhfla-Zh9qSHuxX_Sfe_vwBpJnZNRSq6KwX46\/photo\/AF1QipM8SsbIPPvfKfAt21KGmZV_sf0MKAbp0uznhXnS\" \/><br \/>\n<img decoding=\"async\" src=\"https:\/\/lh3.googleusercontent.com\/lAu8kI56GACUzU6rnT32yMM1aliLimEEPBVWpM50veinlB4mNHPvkWc9ZmXM53GJR-Sk6Jiw6TXyJRmqC-QYSZ_kbMqflYa2i8xgE4YHNVbpcitV1DB6vJlr2XuojPP0v2EYxXvo9nLzeoj7kw_WPeRgK1eJD30fRU75aZVzVYPkM00vBpNuA_LXY-fZpHQg5saOHe1kqw11-m_MQEvZrilh84HrA2Dnz62F12XQk6isKvewElMx7_8NfsAYncte-536T-KsAUcuL6Y7pCNoPiOfq_LfZlgys6cwpU1tfEw-HZbmPmPgVqmfA7GOWfJD4msPEqW5MZK1zsRocObwYWBWsdzZnu3QKhd6haTgpr3ZV46wa-ctaiKZNkP2dn_kvfpmFA3sp5SZArwINtcbJx6bI9Rf7fTkcLTOBoxlyPliM0eaJ2luj7c4vYUaMoYnKIOB1hXcp1C0JYlErp9taWsqT2u12yF2zof4QtFPuDAvU3kVLZP6Q6K6os6uQucrn9SIVea9Kkp5sk1nTrfLlh99e4mnmYKd0TAj2yxTLVia4UnLkfI14VzrDdn2gotcnF0v-Sx6NI_wB5-xM2YnnJF6bY6xke6pDOyZ8ic=w800-h600-no\" data-link=\"https:\/\/photos.google.com\/album\/AF1QipMlhfla-Zh9qSHuxX_Sfe_vwBpJnZNRSq6KwX46\/photo\/AF1QipMRpBbYFb3pY14LpTkRCRbUvm8DclxC5rXWZywq\" \/><\/div>\n<p><script type=\"text\/javascript\" src=\"https:\/\/cdn.jsdelivr.net\/jquery\/1.12.3\/jquery.min.js\"><\/script><br \/>\n<script>\n (MyGalleries=(typeof MyGalleries === 'undefined' ? [] : MyGalleries)).push({gallId:'#28432',autoplay:true,lightbox:true,debug:false,popupLinks:true});\n if(typeof GalleryLoaded === 'undefined'){\n  GalleryLoaded = jQuery(function(){\n   jQuery.ajax({url:'https:\/\/cdn.jsdelivr.net\/galleria\/1.4.2\/galleria.min.js',dataType:'script',cache:true}).done(function(){\n    Galleria.loadTheme('https:\/\/cdn.jsdelivr.net\/galleria\/1.4.2\/themes\/classic\/galleria.classic.js');\n    for(var n in MyGalleries){\n     Galleria.run(MyGalleries[n].gallId, MyGalleries[n]);\n     jQuery(MyGalleries[n].gallId).css('display','block');\n    }\n   });\n  });\n }\n<\/script><\/p>\n","protected":false},"excerpt":{"rendered":"<p>Aquest diumenge, es va celebrar la 13a edici\u00f3 de la Festa de les Flors a l&#8217;ermita de les Alegries. Com cada any, es va demanar als ve\u00efns \u2014i la comunitat educativa del Coll i Rod\u00e9s ho \u00e9s\u2014 que col\u00b7laboressin amb flors i plantes de tot&hellip;  <a href=\"https:\/\/agora.xtec.cat\/iesramoncoll\/general\/xiii-festa-de-les-flors\/\" title=\"Read XIII Festa de les Flors\">Llegeix m\u00e9s\u00bb<\/a><\/p>\n","protected":false},"author":5,"featured_media":3370,"comment_status":"open","ping_status":"closed","sticky":false,"template":"","format":"standard","meta":{"_bbp_topic_count":0,"_bbp_reply_count":0,"_bbp_total_topic_count":0,"_bbp_total_reply_count":0,"_bbp_voice_count":0,"_bbp_anonymous_reply_count":0,"_bbp_topic_count_hidden":0,"_bbp_reply_count_hidden":0,"_bbp_forum_subforum_count":0,"footnotes":""},"categories":[8,205,4,1,29,152,279],"tags":[193,137,81,209,156],"class_list":["post-3369","post","type-post","status-publish","format-standard","has-post-thumbnail","hentry","category-batxillerat","category-entorn","category-eso-1","category-general","category-portada","category-reconeixements","category-vip","tag-art","tag-diades","tag-entorn","tag-les-alegries","tag-merits"],"post_mailing_queue_ids":[],"_links":{"self":[{"href":"https:\/\/agora.xtec.cat\/iesramoncoll\/wp-json\/wp\/v2\/posts\/3369","targetHints":{"allow":["GET"]}}],"collection":[{"href":"https:\/\/agora.xtec.cat\/iesramoncoll\/wp-json\/wp\/v2\/posts"}],"about":[{"href":"https:\/\/agora.xtec.cat\/iesramoncoll\/wp-json\/wp\/v2\/types\/post"}],"author":[{"embeddable":true,"href":"https:\/\/agora.xtec.cat\/iesramoncoll\/wp-json\/wp\/v2\/users\/5"}],"replies":[{"embeddable":true,"href":"https:\/\/agora.xtec.cat\/iesramoncoll\/wp-json\/wp\/v2\/comments?post=3369"}],"version-history":[{"count":2,"href":"https:\/\/agora.xtec.cat\/iesramoncoll\/wp-json\/wp\/v2\/posts\/3369\/revisions"}],"predecessor-version":[{"id":8334,"href":"https:\/\/agora.xtec.cat\/iesramoncoll\/wp-json\/wp\/v2\/posts\/3369\/revisions\/8334"}],"wp:featuredmedia":[{"embeddable":true,"href":"https:\/\/agora.xtec.cat\/iesramoncoll\/wp-json\/wp\/v2\/media\/3370"}],"wp:attachment":[{"href":"https:\/\/agora.xtec.cat\/iesramoncoll\/wp-json\/wp\/v2\/media?parent=3369"}],"wp:term":[{"taxonomy":"category","embeddable":true,"href":"https:\/\/agora.xtec.cat\/iesramoncoll\/wp-json\/wp\/v2\/categories?post=3369"},{"taxonomy":"post_tag","embeddable":true,"href":"https:\/\/agora.xtec.cat\/iesramoncoll\/wp-json\/wp\/v2\/tags?post=3369"}],"curies":[{"name":"wp","href":"https:\/\/api.w.org\/{rel}","templated":true}]}}