{"id":20036,"date":"2026-04-23T09:00:33","date_gmt":"2026-04-23T07:00:33","guid":{"rendered":"https:\/\/agora.xtec.cat\/iesramoncoll\/?p=20036"},"modified":"2026-04-22T13:24:23","modified_gmt":"2026-04-22T11:24:23","slug":"memoria-i-futur-el-coll-i-rodes-presenta-el-llibre-del-seu-40e-aniversari","status":"publish","type":"post","link":"https:\/\/agora.xtec.cat\/iesramoncoll\/general\/memoria-i-futur-el-coll-i-rodes-presenta-el-llibre-del-seu-40e-aniversari\/","title":{"rendered":"Mem\u00f2ria i futur: el Coll i Rod\u00e9s presenta el llibre del seu 40\u00e8 aniversari \ud83d\udcda"},"content":{"rendered":"<div id=\"1EDD4\" style=\"width: 100%; max-width: 600px; height: 400px; display: none;\"><img decoding=\"async\" src=\"https:\/\/lh3.googleusercontent.com\/pw\/AP1GczNZnmM0XBpST-fe-6VoSQNsgSn6zlr_TKYulj74HeINK9RtXqp9YsbR3DaqIiUWfCYRPK8EqwXQ3-oB1bIKL246A5QvZ57HqrqJmTHQDuToyvma2QyupiZlc1-FzudmUVm4xhm5rauScQuqzgX8RKZvOiCGB0LwE_t0dKeLm0aqNDJDonFNN9Rte-C5ky3TayxG-fo1HH6r_pVNRDqy0kJMDuumtB9FOGyPqFCVm5eO7vN-yJAW-t6iGki68RgUPZlw5hGel3RaG4JlQ5aFTx_vCxqDQmJ06aN04EkXZoSEcNEVivjQkgb4_jUy2a7U4DA0j146VWazt3MFP1NnmY3qKsWPw__izZjTiLxMr4p_EoL-gNT0isjt7VfK890l0gfR9_q7lG3RwrfKJ67DJHooMPGjlVC6tvTsgG1s-UAeFLX8aZvjg6-1lSd0sEgMo_T81HZYiihDn468g9MKBI-pto5kIb3rUURt6K1Fo3aLfMKS694dnGjOVBHoszcdbhbYyfFob92xt1y-sjBBCWBhIV0EB4iL50cmayDMZLjIKTRhQt0v4szTm4P1JZGF6hOucdPCwYFis3KobGhqJ1GWymI3gyg6b5mSaWkHDBkPWFqO5_tGDHKtab8RBRuoGgQOAoy5YBvX2EJSPTT29D8HZrYjkZNGTnSAu3dzQ9KOvBmXhzaVqbEp1t_fvpB2TapBj_VVjE0mJczyorlLkElefa0QJ6QVAfQjnTPgRyMKVAVH4Y9wImCjYDF_PnCqRLrKvqZYtYHhW53czTbgIKCyk_e4VEpiAMlpOQYOeYzKqlleoDjLQiDjxiItoe5r50r74MOV-mKdRyrKlE63trBYPYwa-KmeFepiSzzSwjYrvxlJjtNvS-78xplXjwg3e5wVbcYLW1aX4CGho7_k045CE9xUveRtJ3TnuZZravM-Ql2o3nJwwZ72f_EFCuYaB-TSKW3SahHs=w800-h600-no--no?authuser=0\" data-link=\"https:\/\/photos.google.com\/share\/AF1QipPKZ1hromZ_AWlaOHiT8qhP6EgrpsdjDzrvxPXxnFuJP_LwIwf_qwnDoIiMHfnsmQ\/photo\/AF1QipOWeC19xyyI63HpFXgpBO1veZzWDZW1C-YPljwY?key=OUF4cFh6X2FWaDIyakZEMEs4U01LU1VVVmFTUlRB\" \/><img decoding=\"async\" src=\"https:\/\/lh3.googleusercontent.com\/pw\/AP1GczOzzBipMXrJWBLT1IJwzutsnRKSbPQj19v1xVYcSDPXuFECHTmzBgj67aZzUHy-APyYXIqrtRTRmg-2MMIK3t2Rih9qw29RK-Z0_YN8iCqop8i8jlT9N--QkUzS3oHmopDPL2NMSGsjum4XWwSn1HkFJ20zQNlup1vYCfEoWUOmLnJF2-rN-I_5G1za6nFfkgh4CVsPcl22-fct6ZPpo-wfSdj7S62Ep_TctUQEL4Qti6wViPx1u9wVZGulhl08YtJ_TW0zEqYx8GbBxCwgQ5imIXu4yUWIb4TBA0KB-d-gCJVODA1TZeoqls5op0B2hLuqguqCJdEo25Q7Fd1znSwdw-Am1JKXyTXAAJzPgvi__B3-L-5oX72s9ApmgKH9YJ4kpUNzZbucumqJf0a2Sr7cSoOJCHNK818zKpZD1Ru27kl6u5n6SuPRu7NlW-Edq8CXPNeMi8rFbOuxI8MP2lHd7XCveiGiOvj-wgj_CPbrMpo4ZtwBkKgEhPKJMtnxqzGz9L6QqPX82iY1T8BBkG4ct8cWbl34ZPlU-OiMzAfcW6NVEyS0zT6tYHOdshcSCIgt0-ku5-3FZ5eRUCi4GAy1yLWvWmrqkVk-a1Z8mkFlrr7rpmY9jQe7Bh99xq5UA1WAoQJyoHfbLu2pZkQPdtrU99QuKWGHUPLWr-464Pi0k7iFBRaRPFkzuEwBpnQH5uHE91dfmz5wyhFbURUPyrGzuxzFuJ1UsegSLHQr44oanhoJeFywN7vBd0aLABrKADOKe-KqCxJZ_EKF1DTnM14YEA14rvk7EyRbuVCT-vhVEsDfDbszG93oPVIKJaC9llEM5Au_btiVHrDFs2BGMAUms6aW6tOxFlBU_u3hLsLoAkeOTbZm7Yr07CdkhI8zOvxn8oIa16JNs1wv2YTn_XJ66dcDxUzsqmm1ROWyxksUi9eRxVeMw7R3DK1te78CEC3REdcg-oMN=w800-h600-no--no?authuser=0\" data-link=\"https:\/\/photos.google.com\/share\/AF1QipPKZ1hromZ_AWlaOHiT8qhP6EgrpsdjDzrvxPXxnFuJP_LwIwf_qwnDoIiMHfnsmQ\/photo\/AF1QipOpxdyB3QpKR5N7jGdRjdPA4cJQV9CmFLXM1Dvd?key=OUF4cFh6X2FWaDIyakZEMEs4U01LU1VVVmFTUlRB\" \/><br \/>\n<img decoding=\"async\" src=\"https:\/\/lh3.googleusercontent.com\/pw\/AP1GczPK7Uo7tEmWfJBOjwinFs95ZE9vZZXSIBa4lrQ1NTN1IIQkyWmb9Arp9M4fBjomGdX15ETWd-2AlQjc-HHS_He42WD6HDVsN5gDIIiVy9wF9VhBa9aSHNnfEjGZoKlRJ_LHWLQlVBreMGX_ykDR9FFu-hi1CXkbV_5GOZsPw3Z9qSZp2Hzkes9E0-E-QmaiPs5u_Kd5SIb5NRlh2qT6PFJLxJgO28WT5EI4Dryt07qqAbP3llZTIQ_n-K_aj26Jus2ppwy0gt6pOZ0hHGQ6qLXNWPkAnEnEVl1Opp_ceDvt0oF8W-NPjIh44Vu_jKaKxQVulI7NRNU7hiLr2UND0bltPWKzlICEA3DUzLBdLQi2hWaGtiWXA9xKNRalDI1B1LaRqsiw86g6DJieNOACwzoBo6sdNNWuXj9nYM3Gzm0zRD7ijeR8imO0zo7-SYPfKrdIBdZCF0UB6pYiLfkey5NOIpI0KI3GLOmt1SV8wo2U3h1D7y5HBRorjBUzhCSbaQLcv-dZM6hzb14meP1vsHPL4WPWX2yPy6biQyKGIALpV9wYW8LRLiFBr60WBXipIXLg2BT3CUTk-BcFfyhqaY2dLLo-icp8uyFScTKIPOkBWRyz5C69n-ByQnbhjsaH6dLsMC9xdKYKRwxOIag1J30xteOXI2IYfvzvhBs7x4oz0Zb_LsfxBMxtOwCgWJ1kuPc0CWtK3G3MJpFIsBYrEQVrAlswJ_vrbCLlI6aPyLPBfqHTfvkTJF7gkb6ETrGQLu8Z0gWPgQukvpJE4oqLjej-m8qF5Bz004-CFh6ZH8jystuAi5wOz9X-tApfyGoNms8Dpw2n1TRsDhfPvgg5hoG_6mSv5zl4PT3yekk7-Hf3j0TeIoGpeCpCnHU89TI6UwiFLf8RqYB0nXKWL5mbRs9qwiRTy6RygWMFfAghAEgo-DfueCoFDzYOuOS2TyaWnJOvSRf583oZ=w800-h600-no--no?authuser=0\" data-link=\"https:\/\/photos.google.com\/share\/AF1QipPKZ1hromZ_AWlaOHiT8qhP6EgrpsdjDzrvxPXxnFuJP_LwIwf_qwnDoIiMHfnsmQ\/photo\/AF1QipPIdvXzX3c4poW53dyHRduAGkxN-DdUZnblJeA_?key=OUF4cFh6X2FWaDIyakZEMEs4U01LU1VVVmFTUlRB\" \/> <img decoding=\"async\" src=\"https:\/\/lh3.googleusercontent.com\/pw\/AP1GczPdrEU-guO0_4U0M9LuvKqhPBZQS1t3BIsJH9_PoxlnP4RscPgJcb21odmHCsC35Dad4dEsocNNHkdjaK0HSyyTop93qiTIzlTsjuMvhG-bmUhUZ7TRfq2ejWf_QIzXub1lWPDFTthiAyawtYpKzjrzm4DI8bkElkhCrsfs94Yyox12_X1zfXnClV4ueoBPGChK7Ao30FavR_WGjo7If7s8lPfALcPzQea7ARz-OaPyFM_7suABYDD-2ZZWUepVVUvIcMRuPS3JBuwnvwXHbWug8r9cj2hTMf7nOGMv72fVpK5qtrlKI3r_vjC4V8bXcU5BYFBhv_ZucA5f1emBbev6vpxSPr-OqeeUFkx_ejMd_q1Wd9hmzqk2kwPlViiqMkYrpngK0QMq65uvzKWO_ukG4sbliOdPe1Ddr7Rq5WySJ9OkNUM5KmQIyS39Ku3l9fLwM_BxzkIy8sTvbovLk-4XXhz5Nw9h1B0BNBclZ_lLEmq00resA-bUsboid6iHV_l2-bemrjpRcZUBqiu1Z-tSp60cnGrUqn3YOBXi5ApL1Goaxtt3fSCAosQJwMEgxPh1wLYe8vgl5SbM8gosZcEsDUtrzH_W9BNwiVYUgTkt10acYsG9bWkLjP4eh56fV8JnZ_dZC8nljane7TklAsbTxc7wLIIXMaEJblfDywAHKM2oxTLqREkjlYHX4t8Z0wlDnfltG7tSVshQbUT83KLqOFye6f_l8CVg79NK9qibmbeAx0GEjBaqCv3-j3dCQnWPPtU7bOfi5d98zFFg__29kgOL2M9j2uwnkMHYWJP2oiK40VoyH7I66TLizNM9fZgpCyq9VDBFWfqziaKcr1EOo6kB-W7n_vz6b6BZrwxYmXgMsY3NcZODZT_ooo3nkS7OgyKD8_CtWtnaBGpTcmRRmcscNn2KPrejuBgK3t9P1l9nmPIom0XFmT5_xGT18i2JzztXfEDI=w800-h600-no--no?authuser=0\" data-link=\"https:\/\/photos.google.com\/share\/AF1QipPKZ1hromZ_AWlaOHiT8qhP6EgrpsdjDzrvxPXxnFuJP_LwIwf_qwnDoIiMHfnsmQ\/photo\/AF1QipP78FhMy0f4Z7aaUtdyQN--yNLKOSDViwYWwxVg?key=OUF4cFh6X2FWaDIyakZEMEs4U01LU1VVVmFTUlRB\" \/><\/div>\n<p><script type=\"text\/javascript\" src=\"https:\/\/cdnjs.cloudflare.com\/ajax\/libs\/jquery\/3.6.1\/jquery.min.js\"><\/script><br \/>\n<script>\n  (MyGalleries=(typeof MyGalleries === 'undefined' ? [] : MyGalleries)).push({gallId:'#1EDD4',autoplay:true,lightbox:true,debug:false,popupLinks:true});\n  if(typeof GalleryLoaded === 'undefined'){\n    GalleryLoaded = jQuery(function(){\n      jQuery.ajax({url:'https:\/\/cdnjs.cloudflare.com\/ajax\/libs\/galleria\/1.6.1\/galleria.min.js',dataType:'script',cache:true}).done(function(){\n        Galleria.loadTheme('https:\/\/cdnjs.cloudflare.com\/ajax\/libs\/galleria\/1.6.1\/themes\/classic\/galleria.classic.js');\n        for(var n in MyGalleries){\n          Galleria.run(MyGalleries[n].gallId, MyGalleries[n]);\n          jQuery(MyGalleries[n].gallId).css('display','block');\n        }\n      });\n    });\n  }\n<\/script><br \/>\nDivendres passat, en el marc dels actes de commemoraci\u00f3 del <strong>40\u00e8 aniversari de l\u2019institut<\/strong>, es va presentar el llibre\u00a0<strong><em>INS Ramon Coll i Rod\u00e9s 40<\/em><\/strong>, una obra que recull la traject\u00f2ria i la mem\u00f2ria col\u00b7lectiva del centre al llarg de quatre d\u00e8cades.<\/p>\n<p style=\"text-align: justify;\">L\u2019edici\u00f3 ha estat coordinada pel professor jubilat de Matem\u00e0tiques <strong>Josep Vilanova<\/strong>, conegut per generacions d\u2019alumnes com el Sr. Josep, que ha liderat una intensa tasca de recerca per <strong>recopilar<\/strong> testimonis, documents, dates, articles i imatges. El projecte, per\u00f2, ha estat fruit d\u2019un treball col\u00b7lectiu: una comissi\u00f3 formada per una dotzena de docents, tant en actiu com jubilats i de diverses disciplines, hi ha col\u00b7laborat durant dos cursos acad\u00e8mics.<\/p>\n<p style=\"text-align: justify;\">El pr\u00f2leg, signat per l\u2019aleshores alcalde Josep Sala Montero, situa el lector en el <strong>context<\/strong> del Lloret dels anys vuitanta i en la necessitat de dotar la vila, en ple creixement, d\u2019un institut p\u00fablic. El volum inclou tamb\u00e9<strong> tres entrevistes en profunditat<\/strong> a figures clau de la hist\u00f2ria del centre: el primer director, Anton Aubanell; l\u2019actual directora, Luisa Peralta; i l\u2019arquitecte Carles Ferrater, responsable del disseny de l\u2019edifici i guardonat amb diversos premis FAD.<\/p>\n<p style=\"text-align: justify;\">Una part destacada del llibre est\u00e0 escrita per <strong>exalumnes<\/strong> que han passat pel centre i que, des de traject\u00f2ries personals i professionals diverses, miren enrere per recordar els seus anys d\u2019adolesc\u00e8ncia a l\u2019institut. A trav\u00e9s d\u2019<strong>an\u00e8cdotes<\/strong> viscudes a les aules i fora d\u2019elles, ofereixen una visi\u00f3 \u00edntima i plural de la vida escolar. El volum es complementa amb il\u00b7lustracions d\u2019antics alumnes, com la portada, obra de l\u2019escen\u00f2graf V\u00edctor Peralta, aix\u00ed com treballs del muralista Odie o de l\u2019artista Albert Arribas-Forcada.<\/p>\n<p style=\"text-align: justify;\">L\u2019obra tamb\u00e9 recull continguts vinculats a l\u2019<strong>entorn<\/strong> i a la <strong>identitat del centre<\/strong>, com la Llegenda de la Senyora de Rossell, origen del nom del carrer on s\u2019ubica l\u2019institut, o un article dedicat a Ramon Coll i Rod\u00e9s, figura lloretenca que va arribar a ser alcalde de Barcelona i que dona nom al centre.<\/p>\n<p style=\"text-align: justify;\">El professorat hi aporta igualment diversos <strong>escrits<\/strong>, entre els quals destaca un recull de <strong>projectes educatius<\/strong> que transcendeixen l\u2019aula \u2014com les jornades culturals o la Festa de l\u2019Arbre\u2014, aix\u00ed com un article sobre\u00a0<em>L\u2019Estirabot<\/em>, la revista de l\u2019institut editada des del curs 1985-86. Tamb\u00e9 s\u2019hi analitzen els canvis en els models educatius i les metodologies al llarg d\u2019aquests quaranta anys. El llibre <strong>dona veu<\/strong>, a m\u00e9s, a altres membres de la comunitat educativa, com el personal d\u2019administraci\u00f3 i serveis, la cantina, el servei de neteja o l\u2019AFA.<\/p>\n<p style=\"text-align: justify;\">Amb un total de 127 p\u00e0gines,\u00a0<em>INS Ramon Coll i Rod\u00e9s 40<\/em>\u00a0ofereix un ampli mosaic de testimonis que permeten resseguir la <strong>hist\u00f2ria<\/strong> del centre des de m\u00faltiples perspectives. Una publicaci\u00f3 que, tal com recorda el lema de l\u2019institut, celebra \u201cm\u00e9s de 40 anys obrint portes al futur\u201d i que projecta la mirada cap a les d\u00e8cades vinents.<\/p>\n<p style=\"text-align: right;\">Cristina Rupi\u00e0, representant de la Comissi\u00f3 dels 40 anys<\/p>\n","protected":false},"excerpt":{"rendered":"<p>Divendres passat, en el marc dels actes de commemoraci\u00f3 del 40\u00e8 aniversari de l\u2019institut, es va presentar el llibre\u00a0INS Ramon Coll i Rod\u00e9s 40, una obra que recull la traject\u00f2ria i la mem\u00f2ria col\u00b7lectiva del centre al llarg de quatre d\u00e8cades.<br \/>\nL\u2019edici\u00f3 ha estat coordinada&hellip;  <a href=\"https:\/\/agora.xtec.cat\/iesramoncoll\/general\/memoria-i-futur-el-coll-i-rodes-presenta-el-llibre-del-seu-40e-aniversari\/\" title=\"Read Mem\u00f2ria i futur: el Coll i Rod\u00e9s presenta el llibre del seu 40\u00e8 aniversari \ud83d\udcda\">Llegeix m\u00e9s\u00bb<\/a><\/p>\n","protected":false},"author":218,"featured_media":20037,"comment_status":"open","ping_status":"open","sticky":false,"template":"","format":"standard","meta":{"_bbp_topic_count":0,"_bbp_reply_count":0,"_bbp_total_topic_count":0,"_bbp_total_reply_count":0,"_bbp_voice_count":0,"_bbp_anonymous_reply_count":0,"_bbp_topic_count_hidden":0,"_bbp_reply_count_hidden":0,"_bbp_forum_subforum_count":0,"footnotes":""},"categories":[735,1,29,149],"tags":[766,765],"class_list":["post-20036","post","type-post","status-publish","format-standard","has-post-thumbnail","hentry","category-40e-aniversari","category-general","category-portada","category-xarxes-socials","tag-comissio-dels-40-anys","tag-llibre"],"post_mailing_queue_ids":[],"_links":{"self":[{"href":"https:\/\/agora.xtec.cat\/iesramoncoll\/wp-json\/wp\/v2\/posts\/20036","targetHints":{"allow":["GET"]}}],"collection":[{"href":"https:\/\/agora.xtec.cat\/iesramoncoll\/wp-json\/wp\/v2\/posts"}],"about":[{"href":"https:\/\/agora.xtec.cat\/iesramoncoll\/wp-json\/wp\/v2\/types\/post"}],"author":[{"embeddable":true,"href":"https:\/\/agora.xtec.cat\/iesramoncoll\/wp-json\/wp\/v2\/users\/218"}],"replies":[{"embeddable":true,"href":"https:\/\/agora.xtec.cat\/iesramoncoll\/wp-json\/wp\/v2\/comments?post=20036"}],"version-history":[{"count":4,"href":"https:\/\/agora.xtec.cat\/iesramoncoll\/wp-json\/wp\/v2\/posts\/20036\/revisions"}],"predecessor-version":[{"id":20045,"href":"https:\/\/agora.xtec.cat\/iesramoncoll\/wp-json\/wp\/v2\/posts\/20036\/revisions\/20045"}],"wp:featuredmedia":[{"embeddable":true,"href":"https:\/\/agora.xtec.cat\/iesramoncoll\/wp-json\/wp\/v2\/media\/20037"}],"wp:attachment":[{"href":"https:\/\/agora.xtec.cat\/iesramoncoll\/wp-json\/wp\/v2\/media?parent=20036"}],"wp:term":[{"taxonomy":"category","embeddable":true,"href":"https:\/\/agora.xtec.cat\/iesramoncoll\/wp-json\/wp\/v2\/categories?post=20036"},{"taxonomy":"post_tag","embeddable":true,"href":"https:\/\/agora.xtec.cat\/iesramoncoll\/wp-json\/wp\/v2\/tags?post=20036"}],"curies":[{"name":"wp","href":"https:\/\/api.w.org\/{rel}","templated":true}]}}