{"id":20028,"date":"2026-04-21T12:36:00","date_gmt":"2026-04-21T10:36:00","guid":{"rendered":"https:\/\/agora.xtec.cat\/iesramoncoll\/?p=20028"},"modified":"2026-04-21T13:56:00","modified_gmt":"2026-04-21T11:56:00","slug":"llalumnat-de-life-participa-a-lexpojove-de-girona","status":"publish","type":"post","link":"https:\/\/agora.xtec.cat\/iesramoncoll\/general\/llalumnat-de-life-participa-a-lexpojove-de-girona\/","title":{"rendered":"L\u2019alumnat de l\u2019IFE participa a l\u2019ExpoJove de Girona \ud83d\udc4f"},"content":{"rendered":"<p data-start=\"144\" data-end=\"302\"><a href=\"https:\/\/agora.xtec.cat\/iesramoncoll\/wp-content\/uploads\/usu536\/2026\/04\/IFE-1.jpeg\"><img loading=\"lazy\" decoding=\"async\" class=\"wp-image-20029 aligncenter\" src=\"https:\/\/agora.xtec.cat\/iesramoncoll\/wp-content\/uploads\/usu536\/2026\/04\/IFE-1-771x1024.jpeg\" alt=\"\" width=\"315\" height=\"419\" srcset=\"https:\/\/agora.xtec.cat\/iesramoncoll\/wp-content\/uploads\/usu536\/2026\/04\/IFE-1-771x1024.jpeg 771w, https:\/\/agora.xtec.cat\/iesramoncoll\/wp-content\/uploads\/usu536\/2026\/04\/IFE-1-226x300.jpeg 226w, https:\/\/agora.xtec.cat\/iesramoncoll\/wp-content\/uploads\/usu536\/2026\/04\/IFE-1-768x1021.jpeg 768w, https:\/\/agora.xtec.cat\/iesramoncoll\/wp-content\/uploads\/usu536\/2026\/04\/IFE-1-1156x1536.jpeg 1156w, https:\/\/agora.xtec.cat\/iesramoncoll\/wp-content\/uploads\/usu536\/2026\/04\/IFE-1.jpeg 1204w\" sizes=\"auto, (max-width: 315px) 100vw, 315px\" \/><\/a><\/p>\n<p style=\"text-align: justify;\" data-start=\"144\" data-end=\"302\">La setmana passada, l\u2019alumnat de l\u2019<strong data-start=\"179\" data-end=\"228\">IFE de l\u2019Escola d\u2019Hostaleria de Lloret de Mar<\/strong> va participar en una jornada molt especial a l\u2019<strong data-start=\"276\" data-end=\"298\">ExpoJove de Girona.<\/strong> \ud83d\ude4c<\/p>\n<p style=\"text-align: justify;\" data-start=\"304\" data-end=\"521\">Durant l\u2019esdeveniment, els alumnes van disposar d\u2019un estand informatiu des d\u2019on van compartir amb els visitants el seu itinerari formatiu, mostrant de primera m\u00e0 els aprenentatges que desenvolupen en el seu dia a dia.<\/p>\n<p style=\"text-align: justify;\" data-start=\"523\" data-end=\"718\">A m\u00e9s, van realitzar una demostraci\u00f3 pr\u00e0ctica dels seus coneixements elaborant creps de Nutella i preparant el c\u00f2ctel San Francisco \ud83c\udf79\ud83e\udd5e, activitats que van captar l\u2019inter\u00e8s del p\u00fablic assistent.<\/p>\n<p style=\"text-align: justify;\" data-start=\"720\" data-end=\"831\">L\u2019experi\u00e8ncia va ser tot un \u00e8xit, tant per la gran acollida com per la implicaci\u00f3 i entusiasme de l\u2019alumnat.<\/p>\n<p style=\"text-align: justify;\" data-start=\"833\" data-end=\"890\">Continuem treballant per cr\u00e9ixer, aprendre i compartir.<br \/>\n<a href=\"https:\/\/agora.xtec.cat\/iesramoncoll\/wp-content\/uploads\/usu536\/2026\/04\/IFE-2.jpeg\"><img loading=\"lazy\" decoding=\"async\" class=\"wp-image-20030 aligncenter\" src=\"https:\/\/agora.xtec.cat\/iesramoncoll\/wp-content\/uploads\/usu536\/2026\/04\/IFE-2-1024x771.jpeg\" alt=\"\" width=\"473\" height=\"356\" srcset=\"https:\/\/agora.xtec.cat\/iesramoncoll\/wp-content\/uploads\/usu536\/2026\/04\/IFE-2-1024x771.jpeg 1024w, https:\/\/agora.xtec.cat\/iesramoncoll\/wp-content\/uploads\/usu536\/2026\/04\/IFE-2-300x226.jpeg 300w, https:\/\/agora.xtec.cat\/iesramoncoll\/wp-content\/uploads\/usu536\/2026\/04\/IFE-2-768x578.jpeg 768w, https:\/\/agora.xtec.cat\/iesramoncoll\/wp-content\/uploads\/usu536\/2026\/04\/IFE-2-1536x1156.jpeg 1536w, https:\/\/agora.xtec.cat\/iesramoncoll\/wp-content\/uploads\/usu536\/2026\/04\/IFE-2-200x150.jpeg 200w, https:\/\/agora.xtec.cat\/iesramoncoll\/wp-content\/uploads\/usu536\/2026\/04\/IFE-2.jpeg 1600w\" sizes=\"auto, (max-width: 473px) 100vw, 473px\" \/><\/a><\/p>\n","protected":false},"excerpt":{"rendered":"<p><a href=\"https:\/\/agora.xtec.cat\/iesramoncoll\/wp-content\/uploads\/usu536\/2026\/04\/IFE-1.jpeg\"><\/a><br \/>\nLa setmana passada, l\u2019alumnat de l\u2019IFE de l\u2019Escola d\u2019Hostaleria de Lloret de Mar va participar en una jornada molt especial a l\u2019ExpoJove de Girona. \ud83d\ude4c<br \/>\nDurant l\u2019esdeveniment, els alumnes van disposar d\u2019un estand informatiu des d\u2019on van compartir amb els visitants el seu itinerari formatiu,&hellip;  <a href=\"https:\/\/agora.xtec.cat\/iesramoncoll\/general\/llalumnat-de-life-participa-a-lexpojove-de-girona\/\" title=\"Read L\u2019alumnat de l\u2019IFE participa a l\u2019ExpoJove de Girona \ud83d\udc4f\">Llegeix m\u00e9s\u00bb<\/a><\/p>\n","protected":false},"author":218,"featured_media":20030,"comment_status":"open","ping_status":"open","sticky":false,"template":"","format":"standard","meta":{"_bbp_topic_count":0,"_bbp_reply_count":0,"_bbp_total_topic_count":0,"_bbp_total_reply_count":0,"_bbp_voice_count":0,"_bbp_anonymous_reply_count":0,"_bbp_topic_count_hidden":0,"_bbp_reply_count_hidden":0,"_bbp_forum_subforum_count":0,"footnotes":""},"categories":[1,553,29],"tags":[764,215],"class_list":["post-20028","post","type-post","status-publish","format-standard","has-post-thumbnail","hentry","category-general","category-ife","category-portada","tag-expojove","tag-girona"],"post_mailing_queue_ids":[],"_links":{"self":[{"href":"https:\/\/agora.xtec.cat\/iesramoncoll\/wp-json\/wp\/v2\/posts\/20028","targetHints":{"allow":["GET"]}}],"collection":[{"href":"https:\/\/agora.xtec.cat\/iesramoncoll\/wp-json\/wp\/v2\/posts"}],"about":[{"href":"https:\/\/agora.xtec.cat\/iesramoncoll\/wp-json\/wp\/v2\/types\/post"}],"author":[{"embeddable":true,"href":"https:\/\/agora.xtec.cat\/iesramoncoll\/wp-json\/wp\/v2\/users\/218"}],"replies":[{"embeddable":true,"href":"https:\/\/agora.xtec.cat\/iesramoncoll\/wp-json\/wp\/v2\/comments?post=20028"}],"version-history":[{"count":2,"href":"https:\/\/agora.xtec.cat\/iesramoncoll\/wp-json\/wp\/v2\/posts\/20028\/revisions"}],"predecessor-version":[{"id":20035,"href":"https:\/\/agora.xtec.cat\/iesramoncoll\/wp-json\/wp\/v2\/posts\/20028\/revisions\/20035"}],"wp:featuredmedia":[{"embeddable":true,"href":"https:\/\/agora.xtec.cat\/iesramoncoll\/wp-json\/wp\/v2\/media\/20030"}],"wp:attachment":[{"href":"https:\/\/agora.xtec.cat\/iesramoncoll\/wp-json\/wp\/v2\/media?parent=20028"}],"wp:term":[{"taxonomy":"category","embeddable":true,"href":"https:\/\/agora.xtec.cat\/iesramoncoll\/wp-json\/wp\/v2\/categories?post=20028"},{"taxonomy":"post_tag","embeddable":true,"href":"https:\/\/agora.xtec.cat\/iesramoncoll\/wp-json\/wp\/v2\/tags?post=20028"}],"curies":[{"name":"wp","href":"https:\/\/api.w.org\/{rel}","templated":true}]}}