{"id":20020,"date":"2026-04-17T09:30:16","date_gmt":"2026-04-17T07:30:16","guid":{"rendered":"https:\/\/agora.xtec.cat\/iesramoncoll\/?p=20020"},"modified":"2026-04-16T14:32:33","modified_gmt":"2026-04-16T12:32:33","slug":"viatge-a-cracovia-de-lalumnat-de-2n-de-batxillerat-humanistic-social-%f0%9f%8c%8d","status":"publish","type":"post","link":"https:\/\/agora.xtec.cat\/iesramoncoll\/general\/viatge-a-cracovia-de-lalumnat-de-2n-de-batxillerat-humanistic-social-%f0%9f%8c%8d\/","title":{"rendered":"Viatge a Crac\u00f2via de l\u2019alumnat de 2n de batxillerat human\u00edstic-social \ud83c\udf0d"},"content":{"rendered":"<p data-start=\"163\" data-end=\"361\"><a href=\"https:\/\/agora.xtec.cat\/iesramoncoll\/wp-content\/uploads\/usu536\/2026\/04\/1000094827-scaled.jpg\"><img loading=\"lazy\" decoding=\"async\" class=\"wp-image-20021 aligncenter\" src=\"https:\/\/agora.xtec.cat\/iesramoncoll\/wp-content\/uploads\/usu536\/2026\/04\/1000094827-1024x576.jpg\" alt=\"\" width=\"546\" height=\"307\" srcset=\"https:\/\/agora.xtec.cat\/iesramoncoll\/wp-content\/uploads\/usu536\/2026\/04\/1000094827-1024x576.jpg 1024w, https:\/\/agora.xtec.cat\/iesramoncoll\/wp-content\/uploads\/usu536\/2026\/04\/1000094827-300x169.jpg 300w, https:\/\/agora.xtec.cat\/iesramoncoll\/wp-content\/uploads\/usu536\/2026\/04\/1000094827-768x432.jpg 768w, https:\/\/agora.xtec.cat\/iesramoncoll\/wp-content\/uploads\/usu536\/2026\/04\/1000094827-1536x864.jpg 1536w, https:\/\/agora.xtec.cat\/iesramoncoll\/wp-content\/uploads\/usu536\/2026\/04\/1000094827-2048x1152.jpg 2048w\" sizes=\"auto, (max-width: 546px) 100vw, 546px\" \/><\/a><\/p>\n<p style=\"text-align: justify;\" data-start=\"163\" data-end=\"361\">El passat mes de mar\u00e7, l\u2019alumnat de <strong data-start=\"199\" data-end=\"238\">2n de batxillerat human\u00edstic-social<\/strong> va realitzar un viatge a <strong data-start=\"264\" data-end=\"276\">Crac\u00f2via<\/strong>, amb l\u2019objectiu d\u2019aprofundir en el coneixement hist\u00f2ric i cultural d\u2019aquesta ciutat.<\/p>\n<p style=\"text-align: justify;\" data-start=\"363\" data-end=\"711\">Durant l\u2019estada, van participar en una visita guiada per la ciutat per con\u00e8ixer la seva hist\u00f2ria i els seus principals punts d\u2019inter\u00e8s. Tamb\u00e9 van visitar els camps de concentraci\u00f3 d\u2019<strong data-start=\"545\" data-end=\"567\">Auschwitz-Birkenau<\/strong>, una experi\u00e8ncia especialment significativa que els va permetre reflexionar sobre un dels episodis m\u00e9s impactants de la hist\u00f2ria contempor\u00e0nia.<\/p>\n<p style=\"text-align: justify;\" data-start=\"713\" data-end=\"840\">A m\u00e9s, el grup va realitzar una excursi\u00f3 a les mines de sal de <strong data-start=\"776\" data-end=\"789\">Wieliczka<\/strong>, un espai \u00fanic declarat Patrimoni de la Humanitat. \ud83c\udfdb\ufe0f<\/p>\n<p style=\"text-align: justify;\" data-start=\"842\" data-end=\"972\">L\u2019alumnat va gaudir molt del viatge, que va resultar una experi\u00e8ncia enriquidora tant des del punt de vista acad\u00e8mic com personal.<\/p>\n<p data-start=\"842\" data-end=\"972\"><a href=\"https:\/\/agora.xtec.cat\/iesramoncoll\/wp-content\/uploads\/usu536\/2026\/04\/VIATGE-SOCIALS.png\"><img loading=\"lazy\" decoding=\"async\" class=\"wp-image-20022 aligncenter\" src=\"https:\/\/agora.xtec.cat\/iesramoncoll\/wp-content\/uploads\/usu536\/2026\/04\/VIATGE-SOCIALS.png\" alt=\"\" width=\"358\" height=\"455\" srcset=\"https:\/\/agora.xtec.cat\/iesramoncoll\/wp-content\/uploads\/usu536\/2026\/04\/VIATGE-SOCIALS.png 615w, https:\/\/agora.xtec.cat\/iesramoncoll\/wp-content\/uploads\/usu536\/2026\/04\/VIATGE-SOCIALS-236x300.png 236w\" sizes=\"auto, (max-width: 358px) 100vw, 358px\" \/><\/a><\/p>\n<div dir=\"ltr\"><\/div>\n<div dir=\"ltr\" style=\"text-align: right;\">Mireia Ramon<\/div>\n<div dir=\"ltr\" style=\"text-align: right;\">Anna F\u00e0bregas<\/div>\n<p>&nbsp;<\/p>\n","protected":false},"excerpt":{"rendered":"<p><a href=\"https:\/\/agora.xtec.cat\/iesramoncoll\/wp-content\/uploads\/usu536\/2026\/04\/1000094827-scaled.jpg\"><\/a><br \/>\nEl passat mes de mar\u00e7, l\u2019alumnat de 2n de batxillerat human\u00edstic-social va realitzar un viatge a Crac\u00f2via, amb l\u2019objectiu d\u2019aprofundir en el coneixement hist\u00f2ric i cultural d\u2019aquesta ciutat.<br \/>\nDurant l\u2019estada, van participar en una visita guiada per la ciutat per con\u00e8ixer la seva hist\u00f2ria i&hellip;  <a href=\"https:\/\/agora.xtec.cat\/iesramoncoll\/general\/viatge-a-cracovia-de-lalumnat-de-2n-de-batxillerat-humanistic-social-%f0%9f%8c%8d\/\" title=\"Read Viatge a Crac\u00f2via de l\u2019alumnat de 2n de batxillerat human\u00edstic-social \ud83c\udf0d\">Llegeix m\u00e9s\u00bb<\/a><\/p>\n","protected":false},"author":218,"featured_media":20022,"comment_status":"open","ping_status":"open","sticky":false,"template":"","format":"standard","meta":{"_bbp_topic_count":0,"_bbp_reply_count":0,"_bbp_total_topic_count":0,"_bbp_total_reply_count":0,"_bbp_voice_count":0,"_bbp_anonymous_reply_count":0,"_bbp_topic_count_hidden":0,"_bbp_reply_count_hidden":0,"_bbp_forum_subforum_count":0,"footnotes":""},"categories":[324,8,252,1,29,254],"tags":[763,762],"class_list":["post-20020","post","type-post","status-publish","format-standard","has-post-thumbnail","hentry","category-bat-2","category-batxillerat","category-departaments","category-general","category-portada","category-socials","tag-cracovia","tag-sortida-cultural"],"post_mailing_queue_ids":[],"_links":{"self":[{"href":"https:\/\/agora.xtec.cat\/iesramoncoll\/wp-json\/wp\/v2\/posts\/20020","targetHints":{"allow":["GET"]}}],"collection":[{"href":"https:\/\/agora.xtec.cat\/iesramoncoll\/wp-json\/wp\/v2\/posts"}],"about":[{"href":"https:\/\/agora.xtec.cat\/iesramoncoll\/wp-json\/wp\/v2\/types\/post"}],"author":[{"embeddable":true,"href":"https:\/\/agora.xtec.cat\/iesramoncoll\/wp-json\/wp\/v2\/users\/218"}],"replies":[{"embeddable":true,"href":"https:\/\/agora.xtec.cat\/iesramoncoll\/wp-json\/wp\/v2\/comments?post=20020"}],"version-history":[{"count":2,"href":"https:\/\/agora.xtec.cat\/iesramoncoll\/wp-json\/wp\/v2\/posts\/20020\/revisions"}],"predecessor-version":[{"id":20024,"href":"https:\/\/agora.xtec.cat\/iesramoncoll\/wp-json\/wp\/v2\/posts\/20020\/revisions\/20024"}],"wp:featuredmedia":[{"embeddable":true,"href":"https:\/\/agora.xtec.cat\/iesramoncoll\/wp-json\/wp\/v2\/media\/20022"}],"wp:attachment":[{"href":"https:\/\/agora.xtec.cat\/iesramoncoll\/wp-json\/wp\/v2\/media?parent=20020"}],"wp:term":[{"taxonomy":"category","embeddable":true,"href":"https:\/\/agora.xtec.cat\/iesramoncoll\/wp-json\/wp\/v2\/categories?post=20020"},{"taxonomy":"post_tag","embeddable":true,"href":"https:\/\/agora.xtec.cat\/iesramoncoll\/wp-json\/wp\/v2\/tags?post=20020"}],"curies":[{"name":"wp","href":"https:\/\/api.w.org\/{rel}","templated":true}]}}