{"id":14819,"date":"2023-05-24T01:10:34","date_gmt":"2023-05-23T23:10:34","guid":{"rendered":"https:\/\/agora.xtec.cat\/iesramoncoll\/?p=14819"},"modified":"2023-05-24T01:21:48","modified_gmt":"2023-05-23T23:21:48","slug":"ife-dauxiliar-en-serveis-de-restauracio-i-elaboracio-dapats","status":"publish","type":"post","link":"https:\/\/agora.xtec.cat\/iesramoncoll\/general\/ife-dauxiliar-en-serveis-de-restauracio-i-elaboracio-dapats\/","title":{"rendered":"IFE d&#8217;Auxiliar en Serveis de Restauraci\u00f3 i Elaboraci\u00f3 d&#8217;\u00c0pats"},"content":{"rendered":"<p style=\"text-align: justify;\">El curs vinent iniciem un nou projecte. Comencem amb un itinerari formatiu espec\u00edfic (IFE) d&#8217;Auxiliar en Serveis de Restauraci\u00f3 i Elaboraci\u00f3 d&#8217;\u00c0pats. <span class=\"hiddenGrammarError\">Els IFE<\/span>\u00a0s\u00f3n ensenyaments professionals que s&#8217;adrecen a alumnes amb necessitats educatives especials, amb l&#8217;objectiu d&#8217;oferir atenci\u00f3 educativa, a l&#8217;etapa postobligat\u00f2ria, segons les necessitats individuals i les capacitats i habilitats pr\u00f2pies. La\u00a0finalitat d&#8217;aquests ensenyaments \u00e9s que els i les alumnes incrementin l&#8217;autonomia personal i assoleixin les compet\u00e8ncies professionals que els facilitin la transici\u00f3 a la vida adulta i la inclusi\u00f3 social i laboral. Vetllarem per la inclusi\u00f3 al sector de l&#8217;hostaleria i el turisme donant oportunitats a diversitat de persones.<\/p>\n<p style=\"text-align: center;\"><a href=\"https:\/\/agora.xtec.cat\/iesramoncoll\/wp-content\/uploads\/usu536\/2023\/05\/IMG-20230522-WA0004.jpg\"><img loading=\"lazy\" decoding=\"async\" class=\"wp-image-14805 size-medium alignnone\" src=\"https:\/\/agora.xtec.cat\/iesramoncoll\/wp-content\/uploads\/usu536\/2023\/05\/IMG-20230522-WA0004-300x300.jpg\" alt=\"\" width=\"300\" height=\"300\" srcset=\"https:\/\/agora.xtec.cat\/iesramoncoll\/wp-content\/uploads\/usu536\/2023\/05\/IMG-20230522-WA0004-300x300.jpg 300w, https:\/\/agora.xtec.cat\/iesramoncoll\/wp-content\/uploads\/usu536\/2023\/05\/IMG-20230522-WA0004-1024x1024.jpg 1024w, https:\/\/agora.xtec.cat\/iesramoncoll\/wp-content\/uploads\/usu536\/2023\/05\/IMG-20230522-WA0004-150x150.jpg 150w, https:\/\/agora.xtec.cat\/iesramoncoll\/wp-content\/uploads\/usu536\/2023\/05\/IMG-20230522-WA0004-768x768.jpg 768w, https:\/\/agora.xtec.cat\/iesramoncoll\/wp-content\/uploads\/usu536\/2023\/05\/IMG-20230522-WA0004.jpg 1080w\" sizes=\"auto, (max-width: 300px) 100vw, 300px\" \/><\/a> <a href=\"https:\/\/agora.xtec.cat\/iesramoncoll\/wp-content\/uploads\/usu536\/2023\/05\/IMG-20230522-WA0005.jpg\"><img loading=\"lazy\" decoding=\"async\" class=\"alignnone wp-image-14804 size-medium\" src=\"https:\/\/agora.xtec.cat\/iesramoncoll\/wp-content\/uploads\/usu536\/2023\/05\/IMG-20230522-WA0005-300x300.jpg\" alt=\"\" width=\"300\" height=\"300\" srcset=\"https:\/\/agora.xtec.cat\/iesramoncoll\/wp-content\/uploads\/usu536\/2023\/05\/IMG-20230522-WA0005-300x300.jpg 300w, https:\/\/agora.xtec.cat\/iesramoncoll\/wp-content\/uploads\/usu536\/2023\/05\/IMG-20230522-WA0005-1024x1024.jpg 1024w, https:\/\/agora.xtec.cat\/iesramoncoll\/wp-content\/uploads\/usu536\/2023\/05\/IMG-20230522-WA0005-150x150.jpg 150w, https:\/\/agora.xtec.cat\/iesramoncoll\/wp-content\/uploads\/usu536\/2023\/05\/IMG-20230522-WA0005-768x768.jpg 768w, https:\/\/agora.xtec.cat\/iesramoncoll\/wp-content\/uploads\/usu536\/2023\/05\/IMG-20230522-WA0005.jpg 1080w\" sizes=\"auto, (max-width: 300px) 100vw, 300px\" \/><\/a> <a href=\"https:\/\/agora.xtec.cat\/iesramoncoll\/wp-content\/uploads\/usu536\/2023\/05\/IMG-20230522-WA0006.jpg\"><img loading=\"lazy\" decoding=\"async\" class=\"alignnone size-medium wp-image-14803\" src=\"https:\/\/agora.xtec.cat\/iesramoncoll\/wp-content\/uploads\/usu536\/2023\/05\/IMG-20230522-WA0006-300x300.jpg\" alt=\"\" width=\"300\" height=\"300\" srcset=\"https:\/\/agora.xtec.cat\/iesramoncoll\/wp-content\/uploads\/usu536\/2023\/05\/IMG-20230522-WA0006-300x300.jpg 300w, https:\/\/agora.xtec.cat\/iesramoncoll\/wp-content\/uploads\/usu536\/2023\/05\/IMG-20230522-WA0006-1024x1024.jpg 1024w, https:\/\/agora.xtec.cat\/iesramoncoll\/wp-content\/uploads\/usu536\/2023\/05\/IMG-20230522-WA0006-150x150.jpg 150w, https:\/\/agora.xtec.cat\/iesramoncoll\/wp-content\/uploads\/usu536\/2023\/05\/IMG-20230522-WA0006-768x768.jpg 768w, https:\/\/agora.xtec.cat\/iesramoncoll\/wp-content\/uploads\/usu536\/2023\/05\/IMG-20230522-WA0006.jpg 1080w\" sizes=\"auto, (max-width: 300px) 100vw, 300px\" \/><\/a><\/p>\n","protected":false},"excerpt":{"rendered":"<p>El curs vinent iniciem un nou projecte. Comencem amb un itinerari formatiu espec\u00edfic (IFE) d&#8217;Auxiliar en Serveis de Restauraci\u00f3 i Elaboraci\u00f3 d&#8217;\u00c0pats. Els IFE\u00a0s\u00f3n ensenyaments professionals que s&#8217;adrecen a alumnes amb necessitats educatives especials, amb l&#8217;objectiu d&#8217;oferir atenci\u00f3 educativa, a l&#8217;etapa postobligat\u00f2ria, segons les necessitats&hellip;  <a href=\"https:\/\/agora.xtec.cat\/iesramoncoll\/general\/ife-dauxiliar-en-serveis-de-restauracio-i-elaboracio-dapats\/\" title=\"Read IFE d&#8217;Auxiliar en Serveis de Restauraci\u00f3 i Elaboraci\u00f3 d&#8217;\u00c0pats\">Llegeix m\u00e9s\u00bb<\/a><\/p>\n","protected":false},"author":5,"featured_media":14805,"comment_status":"open","ping_status":"closed","sticky":false,"template":"","format":"standard","meta":{"_bbp_topic_count":0,"_bbp_reply_count":0,"_bbp_total_topic_count":0,"_bbp_total_reply_count":0,"_bbp_voice_count":0,"_bbp_anonymous_reply_count":0,"_bbp_topic_count_hidden":0,"_bbp_reply_count_hidden":0,"_bbp_forum_subforum_count":0,"footnotes":""},"categories":[1,553,29],"tags":[353],"class_list":["post-14819","post","type-post","status-publish","format-standard","has-post-thumbnail","hentry","category-general","category-ife","category-portada","tag-alimentacio"],"post_mailing_queue_ids":[],"_links":{"self":[{"href":"https:\/\/agora.xtec.cat\/iesramoncoll\/wp-json\/wp\/v2\/posts\/14819","targetHints":{"allow":["GET"]}}],"collection":[{"href":"https:\/\/agora.xtec.cat\/iesramoncoll\/wp-json\/wp\/v2\/posts"}],"about":[{"href":"https:\/\/agora.xtec.cat\/iesramoncoll\/wp-json\/wp\/v2\/types\/post"}],"author":[{"embeddable":true,"href":"https:\/\/agora.xtec.cat\/iesramoncoll\/wp-json\/wp\/v2\/users\/5"}],"replies":[{"embeddable":true,"href":"https:\/\/agora.xtec.cat\/iesramoncoll\/wp-json\/wp\/v2\/comments?post=14819"}],"version-history":[{"count":1,"href":"https:\/\/agora.xtec.cat\/iesramoncoll\/wp-json\/wp\/v2\/posts\/14819\/revisions"}],"predecessor-version":[{"id":14820,"href":"https:\/\/agora.xtec.cat\/iesramoncoll\/wp-json\/wp\/v2\/posts\/14819\/revisions\/14820"}],"wp:featuredmedia":[{"embeddable":true,"href":"https:\/\/agora.xtec.cat\/iesramoncoll\/wp-json\/wp\/v2\/media\/14805"}],"wp:attachment":[{"href":"https:\/\/agora.xtec.cat\/iesramoncoll\/wp-json\/wp\/v2\/media?parent=14819"}],"wp:term":[{"taxonomy":"category","embeddable":true,"href":"https:\/\/agora.xtec.cat\/iesramoncoll\/wp-json\/wp\/v2\/categories?post=14819"},{"taxonomy":"post_tag","embeddable":true,"href":"https:\/\/agora.xtec.cat\/iesramoncoll\/wp-json\/wp\/v2\/tags?post=14819"}],"curies":[{"name":"wp","href":"https:\/\/api.w.org\/{rel}","templated":true}]}}