{"id":14251,"date":"2023-04-11T12:50:23","date_gmt":"2023-04-11T10:50:23","guid":{"rendered":"https:\/\/agora.xtec.cat\/iesramoncoll\/?p=14251"},"modified":"2023-04-15T00:03:32","modified_gmt":"2023-04-14T22:03:32","slug":"iceberg-15a-exposicio-del-batxillerat-artistic","status":"publish","type":"post","link":"https:\/\/agora.xtec.cat\/iesramoncoll\/general\/iceberg-15a-exposicio-del-batxillerat-artistic\/","title":{"rendered":"ICEBERG: 15a exposici\u00f3 del batxillerat art\u00edstic"},"content":{"rendered":"<figure class=\"figure wp-caption alignleft\"><a href=\"https:\/\/agora.xtec.cat\/iesramoncoll\/wp-content\/uploads\/usu536\/2023\/04\/cartell-expo-ccc-2023-scaled.jpg\"><img loading=\"lazy\" decoding=\"async\" class=\"wp-image-14252\" src=\"https:\/\/agora.xtec.cat\/iesramoncoll\/wp-content\/uploads\/usu536\/2023\/04\/cartell-expo-ccc-2023-724x1024.jpg\" alt=\"\" width=\"399\" height=\"564\" srcset=\"https:\/\/agora.xtec.cat\/iesramoncoll\/wp-content\/uploads\/usu536\/2023\/04\/cartell-expo-ccc-2023-724x1024.jpg 724w, https:\/\/agora.xtec.cat\/iesramoncoll\/wp-content\/uploads\/usu536\/2023\/04\/cartell-expo-ccc-2023-212x300.jpg 212w, https:\/\/agora.xtec.cat\/iesramoncoll\/wp-content\/uploads\/usu536\/2023\/04\/cartell-expo-ccc-2023-768x1086.jpg 768w, https:\/\/agora.xtec.cat\/iesramoncoll\/wp-content\/uploads\/usu536\/2023\/04\/cartell-expo-ccc-2023-1086x1536.jpg 1086w, https:\/\/agora.xtec.cat\/iesramoncoll\/wp-content\/uploads\/usu536\/2023\/04\/cartell-expo-ccc-2023-1448x2048.jpg 1448w, https:\/\/agora.xtec.cat\/iesramoncoll\/wp-content\/uploads\/usu536\/2023\/04\/cartell-expo-ccc-2023-scaled.jpg 1810w\" sizes=\"auto, (max-width: 399px) 100vw, 399px\" \/><\/a><figcaption class=\"wp-caption-text\"><span style=\"color: #00b4e0;\"><em>Cartell de l&#8217;exposici\u00f3 ICEBERG. Disseny de Carla Bas (B2B).<\/em><\/span><\/figcaption><\/figure>\n<p style=\"text-align: justify;\"><span style=\"color: #000000;\">Del 13 al 26 d&#8217;abril, a la Sala d&#8217;Exposicions de la Biblioteca Municipal de Lloret de Mar, es podr\u00e0 visitar l&#8217;exposici\u00f3 &#8220;ICEBERG&#8221;.<\/span><\/p>\n<p style=\"text-align: justify;\">\u00c9s una edici\u00f3 m\u00e9s de l&#8217;exposici\u00f3 anual organitzada pel Departament d&#8217;Arts de l&#8217;Institut Ramon Coll i Rod\u00e9s que reuneix una selecci\u00f3 dels treballs i projectes art\u00edstics realitzats per l&#8217;alumnat del batxillerat art\u00edstic durant aquest curs acad\u00e8mic 2022-2023.<\/p>\n<p style=\"text-align: justify;\">Es tracta d&#8217;obres creades amb diferents t\u00e8cniques i des de diverses disciplines art\u00edstiques (fotografia, curtmetratges, disseny, pintura, gravat, dibuix, escultura&#8230;).<\/p>\n<p style=\"text-align: justify;\">El t\u00edtol de l&#8217;edici\u00f3 d&#8217;enguany, ICEBERG, serveix com a met\u00e0fora del proc\u00e9s art\u00edstic. Des de l&#8217;analogia, la punta de l&#8217;iceberg \u00e9s el que l&#8217;espectador veu de tot el proc\u00e9s productiu, i les parts que s&#8217;oculten a sota, serien totes les fases del proc\u00e9s creatiu.<\/p>\n<p style=\"text-align: justify;\">En definitiva, l&#8217;exposici\u00f3 \u00e9s una mostra del treball que fan els estudiants del batxillerat art\u00edstic, que, amb les seves produccions, volen mostrar al p\u00fablic les seves inquietuds art\u00edstiques. Aquesta \u00e9s la quinzena edici\u00f3 de l&#8217;exposici\u00f3 que el Departament d&#8217;Arts de l&#8217;Institut Ramon Coll i Rod\u00e9s organitza a la Sala d&#8217;Exposicions Municipal de Lloret de Mar, un espai expositiu que la Biblioteca Municipal de Lloret de Mar destina a la promoci\u00f3 i difusi\u00f3 de l&#8217;art i la cultura.<\/p>\n<p style=\"text-align: right;\"><span style=\"color: #666699;\">M. Rosa Oliveras.<\/span><\/p>\n","protected":false},"excerpt":{"rendered":"<p><a href=\"https:\/\/agora.xtec.cat\/iesramoncoll\/wp-content\/uploads\/usu536\/2023\/04\/cartell-expo-ccc-2023-scaled.jpg\"><\/a>Cartell de l&#8217;exposici\u00f3 ICEBERG. Disseny de Carla Bas (B2B).<br \/>\nDel 13 al 26 d&#8217;abril, a la Sala d&#8217;Exposicions de la Biblioteca Municipal de Lloret de Mar, es podr\u00e0 visitar l&#8217;exposici\u00f3 &#8220;ICEBERG&#8221;.<br \/>\n\u00c9s una edici\u00f3 m\u00e9s de l&#8217;exposici\u00f3 anual organitzada pel Departament d&#8217;Arts de l&#8217;Institut Ramon Coll&hellip;  <a href=\"https:\/\/agora.xtec.cat\/iesramoncoll\/general\/iceberg-15a-exposicio-del-batxillerat-artistic\/\" title=\"Read ICEBERG: 15a exposici\u00f3 del batxillerat art\u00edstic\">Llegeix m\u00e9s\u00bb<\/a><\/p>\n","protected":false},"author":5,"featured_media":14253,"comment_status":"open","ping_status":"closed","sticky":false,"template":"","format":"standard","meta":{"_bbp_topic_count":0,"_bbp_reply_count":0,"_bbp_total_topic_count":0,"_bbp_total_reply_count":0,"_bbp_voice_count":0,"_bbp_anonymous_reply_count":0,"_bbp_topic_count_hidden":0,"_bbp_reply_count_hidden":0,"_bbp_forum_subforum_count":0,"footnotes":""},"categories":[323,324,8,219,205,1,29,279],"tags":[220,193,125,200],"class_list":["post-14251","post","type-post","status-publish","format-standard","has-post-thumbnail","hentry","category-bat-1","category-bat-2","category-batxillerat","category-demos","category-entorn","category-general","category-portada","category-vip","tag-ajuntament","tag-art","tag-biblioteca","tag-expo"],"post_mailing_queue_ids":[],"_links":{"self":[{"href":"https:\/\/agora.xtec.cat\/iesramoncoll\/wp-json\/wp\/v2\/posts\/14251","targetHints":{"allow":["GET"]}}],"collection":[{"href":"https:\/\/agora.xtec.cat\/iesramoncoll\/wp-json\/wp\/v2\/posts"}],"about":[{"href":"https:\/\/agora.xtec.cat\/iesramoncoll\/wp-json\/wp\/v2\/types\/post"}],"author":[{"embeddable":true,"href":"https:\/\/agora.xtec.cat\/iesramoncoll\/wp-json\/wp\/v2\/users\/5"}],"replies":[{"embeddable":true,"href":"https:\/\/agora.xtec.cat\/iesramoncoll\/wp-json\/wp\/v2\/comments?post=14251"}],"version-history":[{"count":3,"href":"https:\/\/agora.xtec.cat\/iesramoncoll\/wp-json\/wp\/v2\/posts\/14251\/revisions"}],"predecessor-version":[{"id":14284,"href":"https:\/\/agora.xtec.cat\/iesramoncoll\/wp-json\/wp\/v2\/posts\/14251\/revisions\/14284"}],"wp:featuredmedia":[{"embeddable":true,"href":"https:\/\/agora.xtec.cat\/iesramoncoll\/wp-json\/wp\/v2\/media\/14253"}],"wp:attachment":[{"href":"https:\/\/agora.xtec.cat\/iesramoncoll\/wp-json\/wp\/v2\/media?parent=14251"}],"wp:term":[{"taxonomy":"category","embeddable":true,"href":"https:\/\/agora.xtec.cat\/iesramoncoll\/wp-json\/wp\/v2\/categories?post=14251"},{"taxonomy":"post_tag","embeddable":true,"href":"https:\/\/agora.xtec.cat\/iesramoncoll\/wp-json\/wp\/v2\/tags?post=14251"}],"curies":[{"name":"wp","href":"https:\/\/api.w.org\/{rel}","templated":true}]}}