{"id":12993,"date":"2022-09-01T18:04:20","date_gmt":"2022-09-01T16:04:20","guid":{"rendered":"https:\/\/agora.xtec.cat\/iesramoncoll\/?p=12993"},"modified":"2022-09-01T22:24:40","modified_gmt":"2022-09-01T20:24:40","slug":"una-oferta-atractiva-cfgs-de-gestio-dallotjaments-turistics","status":"publish","type":"post","link":"https:\/\/agora.xtec.cat\/iesramoncoll\/general\/una-oferta-atractiva-cfgs-de-gestio-dallotjaments-turistics\/","title":{"rendered":"Una oferta atractiva: CFGS de Gesti\u00f3 d\u2019Allotjaments Tur\u00edstics"},"content":{"rendered":"<p style=\"text-align: justify;\"><a href=\"https:\/\/agora.xtec.cat\/iesramoncoll\/wp-content\/uploads\/usu536\/2022\/09\/IMG-20220527-WA00021.jpg\"><img loading=\"lazy\" decoding=\"async\" class=\"alignleft wp-image-12994\" src=\"https:\/\/agora.xtec.cat\/iesramoncoll\/wp-content\/uploads\/usu536\/2022\/09\/IMG-20220527-WA00021.jpg\" alt=\"\" width=\"356\" height=\"282\" srcset=\"https:\/\/agora.xtec.cat\/iesramoncoll\/wp-content\/uploads\/usu536\/2022\/09\/IMG-20220527-WA00021.jpg 800w, https:\/\/agora.xtec.cat\/iesramoncoll\/wp-content\/uploads\/usu536\/2022\/09\/IMG-20220527-WA00021-300x238.jpg 300w, https:\/\/agora.xtec.cat\/iesramoncoll\/wp-content\/uploads\/usu536\/2022\/09\/IMG-20220527-WA00021-768x610.jpg 768w\" sizes=\"auto, (max-width: 356px) 100vw, 356px\" \/><\/a>Ahir la Raquel\u00a0<span class=\"hiddenSpellError\">Arbus\u00e0<\/span>, coordinadora de cicles formatius del nostre centre, va ser entrevistada per Nova R\u00e0dio Lloret. Durant l&#8217;entrevista, que recull tamb\u00e9 declaracions de l&#8217;<span class=\"hiddenSpellError\">Abhay<\/span>, alumne de 1r curs, i l&#8217;<span class=\"hiddenSpellError\">Esmeralda<\/span>, exalumna del CFGS de Gesti\u00f3 d&#8217;Allotjaments Tur\u00edstics, es fa pal\u00e8s que el grau superior de turisme que ofereix el Coll i Rod\u00e9s, en una vila tan abocada a la ind\u00fastria del sector, \u00e9s tant una necessitat del municipi com una excel\u00b7lent oportunitat de futur pels joves del nostre entorn.<\/p>\n<p>Us convidem a llegir la <a href=\"https:\/\/www.novaradiolloret.org\/el-grau-de-gestio-dallotjaments-turistics-te-un-ampli-ventall-de-sortides-professionals\/\"><span style=\"color: #3366ff;\">not\u00edcia a la web de Nova R\u00e0dio Lloret<\/span><\/a>.<\/p>\n<p>El curs comen\u00e7a el dimecres 7 de setembre i encara queda alguna pla\u00e7a disponible.<\/p>\n","protected":false},"excerpt":{"rendered":"<p><a href=\"https:\/\/agora.xtec.cat\/iesramoncoll\/wp-content\/uploads\/usu536\/2022\/09\/IMG-20220527-WA00021.jpg\"><\/a>Ahir la Raquel\u00a0Arbus\u00e0, coordinadora de cicles formatius del nostre centre, va ser entrevistada per Nova R\u00e0dio Lloret. Durant l&#8217;entrevista, que recull tamb\u00e9 declaracions de l&#8217;Abhay, alumne de 1r curs, i l&#8217;Esmeralda, exalumna del CFGS de Gesti\u00f3 d&#8217;Allotjaments Tur\u00edstics, es fa pal\u00e8s que el grau&hellip;  <a href=\"https:\/\/agora.xtec.cat\/iesramoncoll\/general\/una-oferta-atractiva-cfgs-de-gestio-dallotjaments-turistics\/\" title=\"Read Una oferta atractiva: CFGS de Gesti\u00f3 d\u2019Allotjaments Tur\u00edstics\">Llegeix m\u00e9s\u00bb<\/a><\/p>\n","protected":false},"author":5,"featured_media":12994,"comment_status":"open","ping_status":"closed","sticky":false,"template":"","format":"standard","meta":{"_bbp_topic_count":0,"_bbp_reply_count":0,"_bbp_total_topic_count":0,"_bbp_total_reply_count":0,"_bbp_voice_count":0,"_bbp_anonymous_reply_count":0,"_bbp_topic_count_hidden":0,"_bbp_reply_count_hidden":0,"_bbp_forum_subforum_count":0,"footnotes":""},"categories":[328,30,205,1,29],"tags":[248,243],"class_list":["post-12993","post","type-post","status-publish","format-standard","has-post-thumbnail","hentry","category-cfgs-allotjaments","category-cicles-formatius","category-entorn","category-general","category-portada","tag-radio","tag-turisme"],"post_mailing_queue_ids":[],"_links":{"self":[{"href":"https:\/\/agora.xtec.cat\/iesramoncoll\/wp-json\/wp\/v2\/posts\/12993","targetHints":{"allow":["GET"]}}],"collection":[{"href":"https:\/\/agora.xtec.cat\/iesramoncoll\/wp-json\/wp\/v2\/posts"}],"about":[{"href":"https:\/\/agora.xtec.cat\/iesramoncoll\/wp-json\/wp\/v2\/types\/post"}],"author":[{"embeddable":true,"href":"https:\/\/agora.xtec.cat\/iesramoncoll\/wp-json\/wp\/v2\/users\/5"}],"replies":[{"embeddable":true,"href":"https:\/\/agora.xtec.cat\/iesramoncoll\/wp-json\/wp\/v2\/comments?post=12993"}],"version-history":[{"count":2,"href":"https:\/\/agora.xtec.cat\/iesramoncoll\/wp-json\/wp\/v2\/posts\/12993\/revisions"}],"predecessor-version":[{"id":12996,"href":"https:\/\/agora.xtec.cat\/iesramoncoll\/wp-json\/wp\/v2\/posts\/12993\/revisions\/12996"}],"wp:featuredmedia":[{"embeddable":true,"href":"https:\/\/agora.xtec.cat\/iesramoncoll\/wp-json\/wp\/v2\/media\/12994"}],"wp:attachment":[{"href":"https:\/\/agora.xtec.cat\/iesramoncoll\/wp-json\/wp\/v2\/media?parent=12993"}],"wp:term":[{"taxonomy":"category","embeddable":true,"href":"https:\/\/agora.xtec.cat\/iesramoncoll\/wp-json\/wp\/v2\/categories?post=12993"},{"taxonomy":"post_tag","embeddable":true,"href":"https:\/\/agora.xtec.cat\/iesramoncoll\/wp-json\/wp\/v2\/tags?post=12993"}],"curies":[{"name":"wp","href":"https:\/\/api.w.org\/{rel}","templated":true}]}}