{"id":12990,"date":"2022-07-19T23:45:43","date_gmt":"2022-07-19T21:45:43","guid":{"rendered":"https:\/\/agora.xtec.cat\/iesramoncoll\/?p=12990"},"modified":"2022-07-19T23:45:43","modified_gmt":"2022-07-19T21:45:43","slug":"acte-public-de-gestio-de-la-llista-despera-de-cfgm-i-cfgs","status":"publish","type":"post","link":"https:\/\/agora.xtec.cat\/iesramoncoll\/general\/acte-public-de-gestio-de-la-llista-despera-de-cfgm-i-cfgs\/","title":{"rendered":"Acte p\u00fablic de gesti\u00f3 de la llista d&#8217;espera de CFGM i CFGS"},"content":{"rendered":"<p style=\"font-weight: 400; text-align: justify;\">Les persones que es troben a les llistes d&#8217;espera dels cicles de grau mitj\u00e0 (tant en la d&#8217;alumnes de continu\u00eftat com en la de la resta d&#8217;alumnes) i del cicle de grau superior que vulguin optar a una de les places que hagin quedat vacants despr\u00e9s dels per\u00edodes de matr\u00edcula, s&#8217;hauran de presentar al centre en convocat\u00f2ria \u00fanica el dia <strong>22 de juliol<\/strong>, amb el seg\u00fcent horari:<\/p>\n<ul style=\"font-weight: 400; text-align: justify;\">\n<li><strong>Cicles de grau mitj\u00e0: 10:00<\/strong><\/li>\n<li><strong>Cicles de grau superior: 10:30<\/strong><\/li>\n<\/ul>\n<p style=\"font-weight: 400; text-align: justify;\">Les persones que constin en la llista d\u2019espera podran anar personalment a l\u2019acte o designar representant autoritzat per tal que actu\u00ef en el seu nom i representaci\u00f3. La no assist\u00e8ncia a l\u2019acte representa la p\u00e8rdua al dret d\u2019obtenci\u00f3 d\u2019una pla\u00e7a.<\/p>\n<p style=\"font-weight: 400; text-align: justify;\"><span style=\"color: #666699;\">*Un cop gestionada la llista, les vacants s\u2019oferiran a la segona fase d\u2019admissi\u00f3, al setembre.<\/span><\/p>\n","protected":false},"excerpt":{"rendered":"<p>Les persones que es troben a les llistes d&#8217;espera dels cicles de grau mitj\u00e0 (tant en la d&#8217;alumnes de continu\u00eftat com en la de la resta d&#8217;alumnes) i del cicle de grau superior que vulguin optar a una de les places que hagin quedat vacants&hellip;  <a href=\"https:\/\/agora.xtec.cat\/iesramoncoll\/general\/acte-public-de-gestio-de-la-llista-despera-de-cfgm-i-cfgs\/\" title=\"Read Acte p\u00fablic de gesti\u00f3 de la llista d&#8217;espera de CFGM i CFGS\">Llegeix m\u00e9s\u00bb<\/a><\/p>\n","protected":false},"author":5,"featured_media":0,"comment_status":"open","ping_status":"closed","sticky":false,"template":"","format":"standard","meta":{"_bbp_topic_count":0,"_bbp_reply_count":0,"_bbp_total_topic_count":0,"_bbp_total_reply_count":0,"_bbp_voice_count":0,"_bbp_anonymous_reply_count":0,"_bbp_topic_count_hidden":0,"_bbp_reply_count_hidden":0,"_bbp_forum_subforum_count":0,"footnotes":""},"categories":[325,327,326,328,30,1,29,77],"tags":[78],"class_list":["post-12990","post","type-post","status-publish","format-standard","hentry","category-cfgm-cuina","category-cfgm-pastisseria","category-cfgm-sala","category-cfgs-allotjaments","category-cicles-formatius","category-general","category-portada","category-secretaria","tag-matriculacio"],"post_mailing_queue_ids":[],"_links":{"self":[{"href":"https:\/\/agora.xtec.cat\/iesramoncoll\/wp-json\/wp\/v2\/posts\/12990","targetHints":{"allow":["GET"]}}],"collection":[{"href":"https:\/\/agora.xtec.cat\/iesramoncoll\/wp-json\/wp\/v2\/posts"}],"about":[{"href":"https:\/\/agora.xtec.cat\/iesramoncoll\/wp-json\/wp\/v2\/types\/post"}],"author":[{"embeddable":true,"href":"https:\/\/agora.xtec.cat\/iesramoncoll\/wp-json\/wp\/v2\/users\/5"}],"replies":[{"embeddable":true,"href":"https:\/\/agora.xtec.cat\/iesramoncoll\/wp-json\/wp\/v2\/comments?post=12990"}],"version-history":[{"count":1,"href":"https:\/\/agora.xtec.cat\/iesramoncoll\/wp-json\/wp\/v2\/posts\/12990\/revisions"}],"predecessor-version":[{"id":12991,"href":"https:\/\/agora.xtec.cat\/iesramoncoll\/wp-json\/wp\/v2\/posts\/12990\/revisions\/12991"}],"wp:attachment":[{"href":"https:\/\/agora.xtec.cat\/iesramoncoll\/wp-json\/wp\/v2\/media?parent=12990"}],"wp:term":[{"taxonomy":"category","embeddable":true,"href":"https:\/\/agora.xtec.cat\/iesramoncoll\/wp-json\/wp\/v2\/categories?post=12990"},{"taxonomy":"post_tag","embeddable":true,"href":"https:\/\/agora.xtec.cat\/iesramoncoll\/wp-json\/wp\/v2\/tags?post=12990"}],"curies":[{"name":"wp","href":"https:\/\/api.w.org\/{rel}","templated":true}]}}