{"id":12401,"date":"2022-04-25T14:53:29","date_gmt":"2022-04-25T12:53:29","guid":{"rendered":"https:\/\/agora.xtec.cat\/iesramoncoll\/?p=12401"},"modified":"2022-04-25T14:55:35","modified_gmt":"2022-04-25T12:55:35","slug":"pfi-ptt-amb-la-diada-de-sant-jordi","status":"publish","type":"post","link":"https:\/\/agora.xtec.cat\/iesramoncoll\/general\/pfi-ptt-amb-la-diada-de-sant-jordi\/","title":{"rendered":"PFI-PTT amb la diada de Sant Jordi"},"content":{"rendered":"<p style=\"text-align: center;\">\u00a0<a href=\"https:\/\/agora.xtec.cat\/iesramoncoll\/wp-content\/uploads\/usu536\/2022\/04\/pfi2sj.jpg\"><img loading=\"lazy\" decoding=\"async\" class=\"alignnone wp-image-12403 size-medium\" src=\"https:\/\/agora.xtec.cat\/iesramoncoll\/wp-content\/uploads\/usu536\/2022\/04\/pfi2sj-300x201.jpg\" alt=\"\" width=\"300\" height=\"201\" srcset=\"https:\/\/agora.xtec.cat\/iesramoncoll\/wp-content\/uploads\/usu536\/2022\/04\/pfi2sj-300x201.jpg 300w, https:\/\/agora.xtec.cat\/iesramoncoll\/wp-content\/uploads\/usu536\/2022\/04\/pfi2sj.jpg 659w\" sizes=\"auto, (max-width: 300px) 100vw, 300px\" \/><\/a> \u00a0<a href=\"https:\/\/agora.xtec.cat\/iesramoncoll\/wp-content\/uploads\/usu536\/2022\/04\/pfi1sj.jpg\"><img loading=\"lazy\" decoding=\"async\" class=\"alignnone wp-image-12404 \" src=\"https:\/\/agora.xtec.cat\/iesramoncoll\/wp-content\/uploads\/usu536\/2022\/04\/pfi1sj-300x171.jpg\" alt=\"\" width=\"351\" height=\"200\" srcset=\"https:\/\/agora.xtec.cat\/iesramoncoll\/wp-content\/uploads\/usu536\/2022\/04\/pfi1sj-300x171.jpg 300w, https:\/\/agora.xtec.cat\/iesramoncoll\/wp-content\/uploads\/usu536\/2022\/04\/pfi1sj.jpg 750w\" sizes=\"auto, (max-width: 351px) 100vw, 351px\" \/><\/a><\/p>\n<p style=\"text-align: justify;\"><strong>Productes dol\u00e7os, de proximitat i sostenibles per la\u00a0diada de Sant Jordi.<\/strong><\/p>\n<p style=\"text-align: justify;\">Despr\u00e9s de setmanes de preparaci\u00f3, de treball i d&#8217;il\u00b7lusi\u00f3, el passat dimecres 20 d&#8217;abril, els PFI-PTT de Lloret vam celebrar la\u00a0diada de Sant Jordi\u00a0al Mercat Municipal de Lloret, on vam presentar les nostres creacions dolces als lloretencs i lloretenques i altres visitants.<\/p>\n<p style=\"text-align: justify;\">Enguany hem elaborat\u00a0<span class=\"hiddenGrammarError\" style=\"padding-bottom: 2px; background-image: url('..\/..\/..\/..\/..\/images\/squiggle.png'); background-repeat: repeat-x; background-position: left bottom; cursor: default; color: #000000; font-family: 'Open Sans', Helvetica, Arial, sans-serif; font-size: 16px; font-style: normal; font-variant-ligatures: normal; font-variant-caps: normal; font-weight: 300; letter-spacing: normal; orphans: 2; text-align: start; text-indent: 0px; text-transform: none; white-space: normal; widows: 2; word-spacing: 0px; -webkit-text-stroke-width: 0px; text-decoration-thickness: initial; text-decoration-style: initial; text-decoration-color: initial;\">La<\/span> Roseta de Sant Jordi, a partir de poma, i Les Roques de Mar Dolces, amb xocolates de diversos sabors, apostant pel producte de proximitat i per la sostenibilitat.<\/p>\n<p style=\"text-align: justify;\">El punt central de l&#8217;acci\u00f3 \u2014com ja hem comentat\u2014 ha estat el Mercat Municipal, per\u00f2 tamb\u00e9 hem fet difusi\u00f3 del producte pel centre de Lloret, aix\u00ed com en alguns establiments i organismes i institucions locals. A tots ells els agra\u00efm, des d&#8217;aqu\u00ed, la seva col\u00b7laboraci\u00f3 i participaci\u00f3 en aquesta acci\u00f3 educativa i comunit\u00e0ria.<\/p>\n<p style=\"text-align: justify;\">Nom\u00e9s ens queda felicitar a tot l&#8217;alumnat per la gran feina feta, abans, durant i despr\u00e9s de l&#8217;acci\u00f3 de Sant Jordi.<\/p>\n<p style=\"text-align: justify;\"><em><span class=\"hiddenGreenError\">Seguim<\/span><\/em>!<\/p>\n<p style=\"text-align: right;\"><span style=\"color: #666699;\"><a href=\"https:\/\/agora.xtec.cat\/iesramoncoll\/wp-content\/uploads\/usu536\/2021\/05\/logoPFI.png\"><img loading=\"lazy\" decoding=\"async\" class=\"wp-image-10616 alignright\" src=\"https:\/\/agora.xtec.cat\/iesramoncoll\/wp-content\/uploads\/usu536\/2021\/05\/logoPFI-150x150.png\" alt=\"\" width=\"41\" height=\"41\" srcset=\"https:\/\/agora.xtec.cat\/iesramoncoll\/wp-content\/uploads\/usu536\/2021\/05\/logoPFI-150x150.png 150w, https:\/\/agora.xtec.cat\/iesramoncoll\/wp-content\/uploads\/usu536\/2021\/05\/logoPFI-300x300.png 300w, https:\/\/agora.xtec.cat\/iesramoncoll\/wp-content\/uploads\/usu536\/2021\/05\/logoPFI.png 501w\" sizes=\"auto, (max-width: 41px) 100vw, 41px\" \/><\/a>PFI-PTT d&#8217;Auxiliar de Vendes i atenci\u00f3 al p\u00fablic<\/span><br \/>\n<span style=\"color: #666699;\">PFI-PTT d&#8217;Auxiliar d&#8217;hoteleria: cuina i serveis de\u00a0<span class=\"hiddenGrammarError\" style=\"padding-bottom: 2px; background-image: url('..\/..\/..\/..\/..\/images\/squiggle.png'); background-repeat: repeat-x; background-position: left bottom; cursor: default; font-family: 'Open Sans', Helvetica, Arial, sans-serif; font-size: 16px; font-style: normal; font-variant-ligatures: normal; font-variant-caps: normal; font-weight: 300; letter-spacing: normal; orphans: 2; text-align: start; text-indent: 0px; text-transform: none; white-space: normal; widows: 2; word-spacing: 0px; -webkit-text-stroke-width: 0px;\">restauraci\u00f3<\/span><\/span><\/p>\n<p><a href=\"https:\/\/agora.xtec.cat\/iesramoncoll\/wp-content\/uploads\/usu536\/2022\/04\/pfi3sj.jpg\"><img loading=\"lazy\" decoding=\"async\" class=\"size-full wp-image-12402 aligncenter\" src=\"https:\/\/agora.xtec.cat\/iesramoncoll\/wp-content\/uploads\/usu536\/2022\/04\/pfi3sj.jpg\" alt=\"\" width=\"598\" height=\"505\" srcset=\"https:\/\/agora.xtec.cat\/iesramoncoll\/wp-content\/uploads\/usu536\/2022\/04\/pfi3sj.jpg 598w, https:\/\/agora.xtec.cat\/iesramoncoll\/wp-content\/uploads\/usu536\/2022\/04\/pfi3sj-300x253.jpg 300w\" sizes=\"auto, (max-width: 598px) 100vw, 598px\" \/><\/a><\/p>\n","protected":false},"excerpt":{"rendered":"<p>\u00a0<a href=\"https:\/\/agora.xtec.cat\/iesramoncoll\/wp-content\/uploads\/usu536\/2022\/04\/pfi2sj.jpg\"><\/a> \u00a0<a href=\"https:\/\/agora.xtec.cat\/iesramoncoll\/wp-content\/uploads\/usu536\/2022\/04\/pfi1sj.jpg\"><\/a><br \/>\nProductes dol\u00e7os, de proximitat i sostenibles per la\u00a0diada de Sant Jordi.<br \/>\nDespr\u00e9s de setmanes de preparaci\u00f3, de treball i d&#8217;il\u00b7lusi\u00f3, el passat dimecres 20 d&#8217;abril, els PFI-PTT de Lloret vam celebrar la\u00a0diada de Sant Jordi\u00a0al Mercat Municipal de Lloret, on vam presentar les&hellip;  <a href=\"https:\/\/agora.xtec.cat\/iesramoncoll\/general\/pfi-ptt-amb-la-diada-de-sant-jordi\/\" title=\"Read PFI-PTT amb la diada de Sant Jordi\">Llegeix m\u00e9s\u00bb<\/a><\/p>\n","protected":false},"author":5,"featured_media":12404,"comment_status":"open","ping_status":"closed","sticky":false,"template":"","format":"standard","meta":{"_bbp_topic_count":0,"_bbp_reply_count":0,"_bbp_total_topic_count":0,"_bbp_total_reply_count":0,"_bbp_voice_count":0,"_bbp_anonymous_reply_count":0,"_bbp_topic_count_hidden":0,"_bbp_reply_count_hidden":0,"_bbp_forum_subforum_count":0,"footnotes":""},"categories":[205,1,500,29],"tags":[353,452,257,137,97],"class_list":["post-12401","post","type-post","status-publish","format-standard","has-post-thumbnail","hentry","category-entorn","category-general","category-pfi-ptt","category-portada","tag-alimentacio","tag-artesania","tag-commemoracions","tag-diades","tag-practiques"],"post_mailing_queue_ids":[],"_links":{"self":[{"href":"https:\/\/agora.xtec.cat\/iesramoncoll\/wp-json\/wp\/v2\/posts\/12401","targetHints":{"allow":["GET"]}}],"collection":[{"href":"https:\/\/agora.xtec.cat\/iesramoncoll\/wp-json\/wp\/v2\/posts"}],"about":[{"href":"https:\/\/agora.xtec.cat\/iesramoncoll\/wp-json\/wp\/v2\/types\/post"}],"author":[{"embeddable":true,"href":"https:\/\/agora.xtec.cat\/iesramoncoll\/wp-json\/wp\/v2\/users\/5"}],"replies":[{"embeddable":true,"href":"https:\/\/agora.xtec.cat\/iesramoncoll\/wp-json\/wp\/v2\/comments?post=12401"}],"version-history":[{"count":2,"href":"https:\/\/agora.xtec.cat\/iesramoncoll\/wp-json\/wp\/v2\/posts\/12401\/revisions"}],"predecessor-version":[{"id":12406,"href":"https:\/\/agora.xtec.cat\/iesramoncoll\/wp-json\/wp\/v2\/posts\/12401\/revisions\/12406"}],"wp:featuredmedia":[{"embeddable":true,"href":"https:\/\/agora.xtec.cat\/iesramoncoll\/wp-json\/wp\/v2\/media\/12404"}],"wp:attachment":[{"href":"https:\/\/agora.xtec.cat\/iesramoncoll\/wp-json\/wp\/v2\/media?parent=12401"}],"wp:term":[{"taxonomy":"category","embeddable":true,"href":"https:\/\/agora.xtec.cat\/iesramoncoll\/wp-json\/wp\/v2\/categories?post=12401"},{"taxonomy":"post_tag","embeddable":true,"href":"https:\/\/agora.xtec.cat\/iesramoncoll\/wp-json\/wp\/v2\/tags?post=12401"}],"curies":[{"name":"wp","href":"https:\/\/api.w.org\/{rel}","templated":true}]}}