{"id":11372,"date":"2021-11-25T20:50:26","date_gmt":"2021-11-25T19:50:26","guid":{"rendered":"https:\/\/agora.xtec.cat\/iesramoncoll\/?p=11372"},"modified":"2021-11-26T12:57:14","modified_gmt":"2021-11-26T11:57:14","slug":"dia-internacional-per-a-leliminacio-de-la-violencia-envers-les-dones","status":"publish","type":"post","link":"https:\/\/agora.xtec.cat\/iesramoncoll\/general\/dia-internacional-per-a-leliminacio-de-la-violencia-envers-les-dones\/","title":{"rendered":"Dia Internacional per a l\u2019Eliminaci\u00f3 de la Viol\u00e8ncia Envers les Dones"},"content":{"rendered":"<p style=\"text-align: justify;\">Malauradament, enguany l&#8217;acte commemoratiu del Dia Internacional per a l\u2019Eliminaci\u00f3 de la Viol\u00e8ncia Envers les Dones ha hagut d&#8217;ajornar-se per culpa de la pluja fins dijous vinent. Aix\u00f2 no obstant, al llarg de la jornada lectiva d&#8217;avui, han estat diverses les activitats que s&#8217;han dut a terme dins les aules.<\/p>\n<p style=\"text-align: justify;\">A 1r d&#8217;ESO, durant l&#8217;hora de Llengua Castellana, els alumnes han assistit, a la projecci\u00f3 del\u00a0\u00a0videopoema <em>Compa\u00f1eras<\/em>, incl\u00f2s en el llibre <em>Todos mis futuros son contigo<\/em>, de Marw\u00e1n, i, posteriorment, han conversat entorn de la idea del respecte a les dones, amb la figura de la mare col\u00b7locada al centre de la tert\u00falia.<\/p>\n<p style=\"text-align: center;\"><iframe loading=\"lazy\" title=\"YouTube video player\" src=\"https:\/\/www.youtube-nocookie.com\/embed\/bAIt0041fqs\" width=\"560\" height=\"315\" frameborder=\"0\" allowfullscreen=\"allowfullscreen\"><\/iframe><\/p>\n<p style=\"text-align: justify;\">A 4t d&#8217;ESO i 1r i 2n de batxillerat, la viol\u00e8ncia envers les dones ha estat el tema central de la classe de Llengua Castellana, a partir de la lectura del relat breu <a href=\"https:\/\/blocs.xtec.cat\/renglones\/2018\/11\/25\/1054\/\"><span style=\"color: #3366ff;\"><em>Hojas muertas<\/em><\/span><\/a>, un relat que va ser escrit entre les parets del nostre institut tal dia com avui de fa uns quants anys.<\/p>\n<p style=\"text-align: justify;\">Tamb\u00e9 a 4t d&#8217;ESO, el professor de Socials ha explicat, durant els 15 minuts inicials de la sessi\u00f3, la <a href=\"https:\/\/ca.wikipedia.org\/wiki\/Germanes_Mirabal\" target=\"_blank\" rel=\"noopener\"><span style=\"color: #3366ff;\">hist\u00f2ria de les germanes Mirabal<\/span><\/a>, que van ser assassinades a la Rep\u00fablica Dominicana, i en record de les quals es va promoure la commemoraci\u00f3 de l&#8217;efem\u00e8ride d&#8217;avui.<\/p>\n<p>Durant la sessi\u00f3 de tutoria del 1A1, s&#8217;ha projectat un v\u00eddeo d&#8217;animaci\u00f3 sobre la igualtat de g\u00e8neres.<\/p>\n<p style=\"text-align: center;\"><iframe loading=\"lazy\" title=\"YouTube video player\" src=\"https:\/\/www.youtube-nocookie.com\/embed\/B6uuIHpFkuo\" width=\"560\" height=\"315\" frameborder=\"0\" allowfullscreen=\"allowfullscreen\"><\/iframe><\/p>\n<p style=\"text-align: justify;\">D&#8217;altra banda, el grup de 3A3 a CIVE, fa quinze dies ja que treballa la viol\u00e8ncia de g\u00e8nere per tal de posar en context l&#8217;acte del 25N \u2014ajornat, com ja ha quedat dit\u2014. Han treballat una proposta did\u00e0ctica que es diu <em>M\u00e9s enll\u00e0 del g\u00e8nere<\/em> per tal de con\u00e8ixer les implicacions socials del concepte i desmuntar estereotips. Aquesta proposta ha estat creada pels alumnes del 2n CFGS de Promoci\u00f3 de la Igualtat de G\u00e8nere. Tamb\u00e9 han treballat un recurs que s&#8217;anomena #cambiaelcuento &#8220;La Caputxeta diu que NO!&#8221; per treballar les viol\u00e8ncies impl\u00edcites i expl\u00edcites en les relacions afectives.<\/p>\n<p style=\"text-align: center;\"><iframe loading=\"lazy\" title=\"YouTube video player\" src=\"https:\/\/www.youtube-nocookie.com\/embed\/xCEEKqcSFL0\" width=\"560\" height=\"315\" frameborder=\"0\" allowfullscreen=\"allowfullscreen\"><\/iframe><\/p>\n<p style=\"text-align: justify;\">Com d\u00e8iem a l&#8217;inici d&#8217;aquesta entrada, malauradament, enguany l&#8217;acte commemoratiu del Dia Internacional per a l&#8217;Eliminaci\u00f3 de la Viol\u00e8ncia Envers les Dones ha hagut d&#8217;ajornar-se per culpa de la pluja; per\u00f2, com es veu en aquesta petita mostra d&#8217;activitats, el mat\u00ed no ha transcorregut en va. De fet, pensant-ho b\u00e9, avui ha estat un bon 25N i la setmana entrant en tindrem un altre.<\/p>\n","protected":false},"excerpt":{"rendered":"<p>Malauradament, enguany l&#8217;acte commemoratiu del Dia Internacional per a l\u2019Eliminaci\u00f3 de la Viol\u00e8ncia Envers les Dones ha hagut d&#8217;ajornar-se per culpa de la pluja fins dijous vinent. Aix\u00f2 no obstant, al llarg de la jornada lectiva d&#8217;avui, han estat diverses les activitats que s&#8217;han dut&hellip;  <a href=\"https:\/\/agora.xtec.cat\/iesramoncoll\/general\/dia-internacional-per-a-leliminacio-de-la-violencia-envers-les-dones\/\" title=\"Read Dia Internacional per a l\u2019Eliminaci\u00f3 de la Viol\u00e8ncia Envers les Dones\">Llegeix m\u00e9s\u00bb<\/a><\/p>\n","protected":false},"author":5,"featured_media":11376,"comment_status":"open","ping_status":"closed","sticky":false,"template":"","format":"standard","meta":{"_bbp_topic_count":0,"_bbp_reply_count":0,"_bbp_total_topic_count":0,"_bbp_total_reply_count":0,"_bbp_voice_count":0,"_bbp_anonymous_reply_count":0,"_bbp_topic_count_hidden":0,"_bbp_reply_count_hidden":0,"_bbp_forum_subforum_count":0,"footnotes":""},"categories":[323,324,8,256,3,4,6,7,1,29,254],"tags":[257,137,131,465,216,138,103,188,359],"class_list":["post-11372","post","type-post","status-publish","format-standard","has-post-thumbnail","hentry","category-bat-1","category-bat-2","category-batxillerat","category-castella","category-eso","category-eso-1","category-eso-3","category-eso-4","category-general","category-portada","category-socials","tag-commemoracions","tag-diades","tag-efemerides","tag-feminisme","tag-historia","tag-igualtat","tag-lectura","tag-narracio","tag-video"],"post_mailing_queue_ids":[],"_links":{"self":[{"href":"https:\/\/agora.xtec.cat\/iesramoncoll\/wp-json\/wp\/v2\/posts\/11372","targetHints":{"allow":["GET"]}}],"collection":[{"href":"https:\/\/agora.xtec.cat\/iesramoncoll\/wp-json\/wp\/v2\/posts"}],"about":[{"href":"https:\/\/agora.xtec.cat\/iesramoncoll\/wp-json\/wp\/v2\/types\/post"}],"author":[{"embeddable":true,"href":"https:\/\/agora.xtec.cat\/iesramoncoll\/wp-json\/wp\/v2\/users\/5"}],"replies":[{"embeddable":true,"href":"https:\/\/agora.xtec.cat\/iesramoncoll\/wp-json\/wp\/v2\/comments?post=11372"}],"version-history":[{"count":3,"href":"https:\/\/agora.xtec.cat\/iesramoncoll\/wp-json\/wp\/v2\/posts\/11372\/revisions"}],"predecessor-version":[{"id":11380,"href":"https:\/\/agora.xtec.cat\/iesramoncoll\/wp-json\/wp\/v2\/posts\/11372\/revisions\/11380"}],"wp:featuredmedia":[{"embeddable":true,"href":"https:\/\/agora.xtec.cat\/iesramoncoll\/wp-json\/wp\/v2\/media\/11376"}],"wp:attachment":[{"href":"https:\/\/agora.xtec.cat\/iesramoncoll\/wp-json\/wp\/v2\/media?parent=11372"}],"wp:term":[{"taxonomy":"category","embeddable":true,"href":"https:\/\/agora.xtec.cat\/iesramoncoll\/wp-json\/wp\/v2\/categories?post=11372"},{"taxonomy":"post_tag","embeddable":true,"href":"https:\/\/agora.xtec.cat\/iesramoncoll\/wp-json\/wp\/v2\/tags?post=11372"}],"curies":[{"name":"wp","href":"https:\/\/api.w.org\/{rel}","templated":true}]}}