{"id":11114,"date":"2021-10-05T02:01:36","date_gmt":"2021-10-05T00:01:36","guid":{"rendered":"https:\/\/agora.xtec.cat\/iesramoncoll\/?p=11114"},"modified":"2021-11-03T14:09:36","modified_gmt":"2021-11-03T13:09:36","slug":"xxi-jornades-gastronomiques-de-larros","status":"publish","type":"post","link":"https:\/\/agora.xtec.cat\/iesramoncoll\/general\/xxi-jornades-gastronomiques-de-larros\/","title":{"rendered":"XXI Jornades Gastron\u00f2miques de l\u2019Arr\u00f2s"},"content":{"rendered":"<p style=\"text-align: justify;\"><a href=\"https:\/\/agora.xtec.cat\/iesramoncoll\/wp-content\/uploads\/usu536\/2021\/10\/851x315_portada_FACE_A-2.jpg\"><img loading=\"lazy\" decoding=\"async\" class=\"aligncenter size-full wp-image-11115\" src=\"https:\/\/agora.xtec.cat\/iesramoncoll\/wp-content\/uploads\/usu536\/2021\/10\/851x315_portada_FACE_A-2.jpg\" alt=\"\" width=\"681\" height=\"300\" srcset=\"https:\/\/agora.xtec.cat\/iesramoncoll\/wp-content\/uploads\/usu536\/2021\/10\/851x315_portada_FACE_A-2.jpg 681w, https:\/\/agora.xtec.cat\/iesramoncoll\/wp-content\/uploads\/usu536\/2021\/10\/851x315_portada_FACE_A-2-300x132.jpg 300w\" sizes=\"auto, (max-width: 681px) 100vw, 681px\" \/><\/a><\/p>\n<p style=\"text-align: justify;\">Enguany se celebren a Lloret de Mar les XXI Jornades Gastron\u00f2miques de l\u2019Arr\u00f2s. Dissabte passat, 2 d&#8217;octubre, va tenir lloc al restaurant Vela Mar la presentaci\u00f3 d&#8217;aquesta nova edici\u00f3 a la qual van fer acte de pres\u00e8ncia la nostra directora, Luisa Peralta, i una representaci\u00f3 de professors dels cicles formatius d&#8217;hostaleria del nostre institut. Fins al 3 de novembre, gaudirem d&#8217;un mes de l&#8217;arr\u00f2s en un total de divuit restaurants adherits a la campanya, entre els quals figura el restaurant d&#8217;aplicaci\u00f3 dels nostres cicles formatius.<\/p>\n<p style=\"text-align: justify;\">Cada restaurant presenta un men\u00fa diferent, de manera que es configura una proposta global variada per a tots els paladars. Per raons \u00f2bvies de criteri pedag\u00f2gic, el men\u00fa que servir\u00e0 l&#8217;hostaleria Coll i Rod\u00e9s variar\u00e0 setmanalment. L\u2019oferta es podr\u00e0 consultar, com \u00e9s habitual, a trav\u00e9s de la nostra p\u00e0gina web i de les nostres xarxes socials. A continuaci\u00f3, us enllacem el <span style=\"color: #3366ff;\"><a style=\"color: #3366ff;\" href=\"https:\/\/drive.google.com\/file\/d\/10LmgGkXMxpKrWSoOPNX_bBFeAnUxYQxf\/view?usp=sharing\">men\u00fa d&#8217;aquesta setmana<\/a><\/span>, en el qual s&#8217;inclou un arr\u00f2s a la cassola de la Costa Brava, per a sucar-hi pa i a m\u00e9s llepar-se els dits.<\/p>\n<p style=\"text-align: justify;\">Les anteriors edicions s&#8217;havien dut a terme durant el mes de maig, per\u00f2 enguany s\u2019ha decidit fer-les aquest mes d\u2019octubre amb l&#8217;\u00e0nim de recuperar com m\u00e9s aviat millor la normalitat restauradora.<\/p>\n<!--[if lt IE 9]><script>document.createElement('audio');<\/script><![endif]-->\n<audio class=\"wp-audio-shortcode\" id=\"audio-11114-1\" preload=\"none\" style=\"width: 100%;\" controls=\"controls\"><source type=\"audio\/mpeg\" src=\"https:\/\/agora.xtec.cat\/iesramoncoll\/wp-content\/uploads\/usu536\/2021\/10\/18102021-ruben-de-prado-arros.mp3?_=1\" \/><a href=\"https:\/\/agora.xtec.cat\/iesramoncoll\/wp-content\/uploads\/usu536\/2021\/10\/18102021-ruben-de-prado-arros.mp3\">https:\/\/agora.xtec.cat\/iesramoncoll\/wp-content\/uploads\/usu536\/2021\/10\/18102021-ruben-de-prado-arros.mp3<\/a><\/audio>\n<pre><span style=\"color: #666699;\">\r\nEntrevista de Nova R\u00e0dio Lloret a Rub\u00e9n de Prado, cap de Departament dels CFGM.<\/span><\/pre>\n","protected":false},"excerpt":{"rendered":"<p><a href=\"https:\/\/agora.xtec.cat\/iesramoncoll\/wp-content\/uploads\/usu536\/2021\/10\/851x315_portada_FACE_A-2.jpg\"><\/a><br \/>\nEnguany se celebren a Lloret de Mar les XXI Jornades Gastron\u00f2miques de l\u2019Arr\u00f2s. Dissabte passat, 2 d&#8217;octubre, va tenir lloc al restaurant Vela Mar la presentaci\u00f3 d&#8217;aquesta nova edici\u00f3 a la qual van fer acte de pres\u00e8ncia la nostra directora, Luisa Peralta, i una&hellip;  <a href=\"https:\/\/agora.xtec.cat\/iesramoncoll\/general\/xxi-jornades-gastronomiques-de-larros\/\" title=\"Read XXI Jornades Gastron\u00f2miques de l\u2019Arr\u00f2s\">Llegeix m\u00e9s\u00bb<\/a><\/p>\n","protected":false},"author":5,"featured_media":11115,"comment_status":"open","ping_status":"closed","sticky":false,"template":"","format":"standard","meta":{"_bbp_topic_count":0,"_bbp_reply_count":0,"_bbp_total_topic_count":0,"_bbp_total_reply_count":0,"_bbp_voice_count":0,"_bbp_anonymous_reply_count":0,"_bbp_topic_count_hidden":0,"_bbp_reply_count_hidden":0,"_bbp_forum_subforum_count":0,"footnotes":""},"categories":[325,327,326,30,205,1,29],"tags":[353,361,333,192,96,97],"class_list":["post-11114","post","type-post","status-publish","format-standard","has-post-thumbnail","hentry","category-cfgm-cuina","category-cfgm-pastisseria","category-cfgm-sala","category-cicles-formatius","category-entorn","category-general","category-portada","tag-alimentacio","tag-audio","tag-aula-daplicacio","tag-gastronomia","tag-hotel-olympic","tag-practiques"],"post_mailing_queue_ids":[],"_links":{"self":[{"href":"https:\/\/agora.xtec.cat\/iesramoncoll\/wp-json\/wp\/v2\/posts\/11114","targetHints":{"allow":["GET"]}}],"collection":[{"href":"https:\/\/agora.xtec.cat\/iesramoncoll\/wp-json\/wp\/v2\/posts"}],"about":[{"href":"https:\/\/agora.xtec.cat\/iesramoncoll\/wp-json\/wp\/v2\/types\/post"}],"author":[{"embeddable":true,"href":"https:\/\/agora.xtec.cat\/iesramoncoll\/wp-json\/wp\/v2\/users\/5"}],"replies":[{"embeddable":true,"href":"https:\/\/agora.xtec.cat\/iesramoncoll\/wp-json\/wp\/v2\/comments?post=11114"}],"version-history":[{"count":3,"href":"https:\/\/agora.xtec.cat\/iesramoncoll\/wp-json\/wp\/v2\/posts\/11114\/revisions"}],"predecessor-version":[{"id":11283,"href":"https:\/\/agora.xtec.cat\/iesramoncoll\/wp-json\/wp\/v2\/posts\/11114\/revisions\/11283"}],"wp:featuredmedia":[{"embeddable":true,"href":"https:\/\/agora.xtec.cat\/iesramoncoll\/wp-json\/wp\/v2\/media\/11115"}],"wp:attachment":[{"href":"https:\/\/agora.xtec.cat\/iesramoncoll\/wp-json\/wp\/v2\/media?parent=11114"}],"wp:term":[{"taxonomy":"category","embeddable":true,"href":"https:\/\/agora.xtec.cat\/iesramoncoll\/wp-json\/wp\/v2\/categories?post=11114"},{"taxonomy":"post_tag","embeddable":true,"href":"https:\/\/agora.xtec.cat\/iesramoncoll\/wp-json\/wp\/v2\/tags?post=11114"}],"curies":[{"name":"wp","href":"https:\/\/api.w.org\/{rel}","templated":true}]}}