{"id":10666,"date":"2021-05-15T16:33:28","date_gmt":"2021-05-15T14:33:28","guid":{"rendered":"http:\/\/agora.xtec.cat\/iesramoncoll\/?p=10666"},"modified":"2022-05-23T01:24:29","modified_gmt":"2022-05-22T23:24:29","slug":"9e-festival-audiovisual-miquel-obiols","status":"publish","type":"post","link":"https:\/\/agora.xtec.cat\/iesramoncoll\/general\/9e-festival-audiovisual-miquel-obiols\/","title":{"rendered":"9\u00e8 Festival Audiovisual Miquel Obiols"},"content":{"rendered":"<h5 style=\"text-align: center;\"><span style=\"color: #666699;\">9\u00c8 FESTIVAL AUDIOVISUAL MIQUEL OBIOLS:\u00a0CONCURS DE SELFIE-AUTORRETRAT 2021<\/span><\/h5>\n<p style=\"text-align: justify;\">Avui s&#8217;ha publicat el resultat de la 9a edici\u00f3 del concurs <span class=\"hiddenSpellError\">FAMO<\/span> amb els noms dels finalistes.<\/p>\n<p style=\"text-align: justify;\">Des de la mat\u00e8ria de Cultura Audiovisual, els alumnes hi han participat i celebrem que tenim l&#8217;Abril Marull, del nostre institut, que ha quedat finalista tant en la categoria de fotografia, amb la fotografia &#8220;El tercer ull&#8221;, com en la categoria de v\u00eddeo, amb el v\u00eddeo &#8220;<span class=\"hiddenSpellError\">Ooh<\/span>\u00a0<span class=\"hiddenGrammarError\">La La<\/span><span class=\"hiddenGrammarError\">..<\/span>!&#8221;.\u00a0Paral\u00b7lelament, celebrem que en Pol\u00a0<span class=\"hiddenSpellError\">Sol\u00e9<\/span>\u00a0tamb\u00e9 ha quedat finalista de la categoria de v\u00eddeo amb el v\u00eddeo &#8220;<span class=\"hiddenSpellError\">Vivir<\/span>\u00a0<span class=\"hiddenGrammarError\">es<\/span>\u00a0<span class=\"hiddenSpellError\">urgente<\/span>&#8220;.<br \/>\nEls v\u00eddeos i la fotografia, els teniu inserits a continuaci\u00f3 i tamb\u00e9 els podeu visualitzar a la <a href=\"https:\/\/festivalobiols.wordpress.com\/finalistes-2021\/\" target=\"_blank\" rel=\"noopener noreferrer\"><span style=\"color: #3366ff;\">web oficial del festival<\/span><\/a>.<\/p>\n<p style=\"text-align: justify;\">Haurem d&#8217;esperar al dissabte 22 de maig per con\u00e8ixer el nom de les guanyadores i dels guanyadors. De totes maneres, arribar a ser finalistes a un concurs internacional i sense l\u00edmit d&#8217;edat ja \u00e9s un gran m\u00e8rit.<\/p>\n<p style=\"text-align: justify;\">Jo, com a professora seva d&#8217;aquests dos darrers anys, us puc assegurar que es mereixen aquest reconeixement i els desitjo molta sort en aquesta nova etapa que comen\u00e7aran relacionada amb el m\u00f3n de l&#8217;audiovisual. Ha sigut un plaer tenir-los d&#8217;alumnes!!<\/p>\n<p style=\"text-align: justify;\">Molta\u00a0<span class=\"hiddenGrammarError\">sort!<\/span>!<\/p>\n<p style=\"text-align: right;\"><span style=\"color: #666699;\">N\u00faria Sales i Soler.<\/span><\/p>\n<p style=\"text-align: left;\"><iframe loading=\"lazy\" src=\"https:\/\/www.youtube-nocookie.com\/embed\/fiwGP-vL1c8\" width=\"560\" height=\"315\" frameborder=\"0\"><\/iframe><a href=\"https:\/\/agora.xtec.cat\/iesramoncoll\/wp-content\/uploads\/usu536\/2021\/05\/8_el-tercer-ullaPEQ.jpg\"><img loading=\"lazy\" decoding=\"async\" class=\"alignright wp-image-10669\" src=\"https:\/\/agora.xtec.cat\/iesramoncoll\/wp-content\/uploads\/usu536\/2021\/05\/8_el-tercer-ullaPEQ.jpg\" alt=\"\" width=\"353\" height=\"621\" data-wp-editing=\"1\" srcset=\"https:\/\/agora.xtec.cat\/iesramoncoll\/wp-content\/uploads\/usu536\/2021\/05\/8_el-tercer-ullaPEQ.jpg 455w, https:\/\/agora.xtec.cat\/iesramoncoll\/wp-content\/uploads\/usu536\/2021\/05\/8_el-tercer-ullaPEQ-171x300.jpg 171w\" sizes=\"auto, (max-width: 353px) 100vw, 353px\" \/><\/a><br \/>\n<iframe loading=\"lazy\" src=\"https:\/\/www.youtube-nocookie.com\/embed\/NZSwvpVezcg\" width=\"560\" height=\"315\" frameborder=\"0\"><\/iframe><\/p>\n","protected":false},"excerpt":{"rendered":"<p>Avui s&#8217;ha publicat el resultat de la 9a edici\u00f3 del concurs FAMO amb els noms dels finalistes. Des de la mat\u00e8ria de Cultura Audiovisual, els alumnes hi han participat i celebrem que tenim l&#8217;Abril Marull, del nostre institut, que ha quedat finalista tant en la categoria de fotografia, amb la fotografia &#8220;El tercer ull&#8221;, com en la categoria de v\u00eddeo, amb el v\u00eddeo &#8220;Ooh\u00a0La La..!&#8221;.\u00a0Paral\u00b7lelament, celebrem que en Pol\u00a0Sol\u00e9\u00a0tamb\u00e9 ha quedat finalista de la categoria de v\u00eddeo amb&hellip;  <a href=\"https:\/\/agora.xtec.cat\/iesramoncoll\/general\/9e-festival-audiovisual-miquel-obiols\/\" title=\"Read 9\u00e8 Festival Audiovisual Miquel Obiols\">Llegeix m\u00e9s\u00bb<\/a><\/p>\n","protected":false},"author":5,"featured_media":10670,"comment_status":"open","ping_status":"closed","sticky":false,"template":"","format":"standard","meta":{"_bbp_topic_count":0,"_bbp_reply_count":0,"_bbp_total_topic_count":0,"_bbp_total_reply_count":0,"_bbp_voice_count":0,"_bbp_anonymous_reply_count":0,"_bbp_topic_count_hidden":0,"_bbp_reply_count_hidden":0,"_bbp_forum_subforum_count":0,"footnotes":""},"categories":[324,8,101,1,29,152,279],"tags":[193,117,359],"class_list":["post-10666","post","type-post","status-publish","format-standard","has-post-thumbnail","hentry","category-bat-2","category-batxillerat","category-concursos","category-general","category-portada","category-reconeixements","category-vip","tag-art","tag-fotografia","tag-video"],"post_mailing_queue_ids":[],"_links":{"self":[{"href":"https:\/\/agora.xtec.cat\/iesramoncoll\/wp-json\/wp\/v2\/posts\/10666","targetHints":{"allow":["GET"]}}],"collection":[{"href":"https:\/\/agora.xtec.cat\/iesramoncoll\/wp-json\/wp\/v2\/posts"}],"about":[{"href":"https:\/\/agora.xtec.cat\/iesramoncoll\/wp-json\/wp\/v2\/types\/post"}],"author":[{"embeddable":true,"href":"https:\/\/agora.xtec.cat\/iesramoncoll\/wp-json\/wp\/v2\/users\/5"}],"replies":[{"embeddable":true,"href":"https:\/\/agora.xtec.cat\/iesramoncoll\/wp-json\/wp\/v2\/comments?post=10666"}],"version-history":[{"count":3,"href":"https:\/\/agora.xtec.cat\/iesramoncoll\/wp-json\/wp\/v2\/posts\/10666\/revisions"}],"predecessor-version":[{"id":12678,"href":"https:\/\/agora.xtec.cat\/iesramoncoll\/wp-json\/wp\/v2\/posts\/10666\/revisions\/12678"}],"wp:featuredmedia":[{"embeddable":true,"href":"https:\/\/agora.xtec.cat\/iesramoncoll\/wp-json\/wp\/v2\/media\/10670"}],"wp:attachment":[{"href":"https:\/\/agora.xtec.cat\/iesramoncoll\/wp-json\/wp\/v2\/media?parent=10666"}],"wp:term":[{"taxonomy":"category","embeddable":true,"href":"https:\/\/agora.xtec.cat\/iesramoncoll\/wp-json\/wp\/v2\/categories?post=10666"},{"taxonomy":"post_tag","embeddable":true,"href":"https:\/\/agora.xtec.cat\/iesramoncoll\/wp-json\/wp\/v2\/tags?post=10666"}],"curies":[{"name":"wp","href":"https:\/\/api.w.org\/{rel}","templated":true}]}}