{"id":9457,"date":"2023-05-24T09:01:36","date_gmt":"2023-05-24T07:01:36","guid":{"rendered":"https:\/\/agora.xtec.cat\/iesrafaelcasanova\/?p=9457"},"modified":"2023-05-24T09:19:29","modified_gmt":"2023-05-24T07:19:29","slug":"entrevista-pel-premi-agenda-2030","status":"publish","type":"post","link":"https:\/\/agora.xtec.cat\/iesrafaelcasanova\/eso\/entrevista-pel-premi-agenda-2030\/","title":{"rendered":"Entrevista pel Premi Agenda 2030"},"content":{"rendered":"<p style=\"text-align: justify;\"><a href=\"https:\/\/soundcloud.com\/ajuntamentbcn\/cap-9-premis-agenda-2030-bcn-9-escola-de-secundaria-cap-a-una-tribu-global?utm_source=clipboard&amp;utm_medium=text&amp;utm_campaign=social_sharing\"><img loading=\"lazy\" decoding=\"async\" class=\"aligncenter wp-image-9458\" src=\"https:\/\/agora.xtec.cat\/iesrafaelcasanova\/wp-content\/uploads\/usu156\/2023\/05\/podcast.jpg\" alt=\"\" width=\"330\" height=\"501\" srcset=\"https:\/\/agora.xtec.cat\/iesrafaelcasanova\/wp-content\/uploads\/usu156\/2023\/05\/podcast.jpg 420w, https:\/\/agora.xtec.cat\/iesrafaelcasanova\/wp-content\/uploads\/usu156\/2023\/05\/podcast-198x300.jpg 198w\" sizes=\"auto, (max-width: 330px) 100vw, 330px\" \/><\/a><\/p>\n<p style=\"text-align: justify;\">A la vida no sempre \u00e9s f\u00e0cil coincidir amb una persona famosa, per\u00f2 el Juanma S\u00e1nchez i la Vicky Santolaria van tenir el plaer de conversar amb el Sergi Mas, un mite de la comunicaci\u00f3 del nostre pa\u00eds, arran del <a href=\"https:\/\/agora.xtec.cat\/iesrafaelcasanova\/general\/guanyadors-dels-premis-agenda-2030\/\">premi Agenda 2030<\/a> obtingut pel seu projecte &#8220;Cap a una tribu global&#8221;, lliurament del qual ja us vam parlar-ne fa uns mesos. Si voleu escoltar l&#8217;entrevista, escolteu el seg\u00fcent <strong><a href=\"https:\/\/soundcloud.com\/ajuntamentbcn\/cap-9-premis-agenda-2030-bcn-9-escola-de-secundaria-cap-a-una-tribu-global?utm_source=clipboard&amp;utm_medium=text&amp;utm_campaign=social_sharing\">podcast de l&#8217;Agenda 2030<\/a><\/strong> (de l&#8217;Ajuntament de Barcelona). Com be va dir en Sergi, en Juanma i la Vicky li van donar dos titulars amb aquesta conversa: &#8220;Orgull d&#8217;escola p\u00fablica&#8221; i &#8220;Premis i doc\u00e8ncia no acostumen a ser un matrimoni habitual&#8221;. Va per vosaltres, nois i noies del Casanova!<\/p>\n<p style=\"text-align: justify;\">Aix\u00f2 s\u00ed, molt bon comunicador ser\u00e0, per\u00f2 en editar l&#8217;entrevista va traslladar l&#8217;institut Rafael Casanova a Sant Vicen\u00e7 dels Horts \ud83d\ude1f<\/p>\n","protected":false},"excerpt":{"rendered":"<p><a href=\"https:\/\/soundcloud.com\/ajuntamentbcn\/cap-9-premis-agenda-2030-bcn-9-escola-de-secundaria-cap-a-una-tribu-global?utm_source=clipboard&amp;utm_medium=text&amp;utm_campaign=social_sharing\"><\/a><br \/>\nA la vida no sempre \u00e9s f\u00e0cil coincidir amb una persona famosa, per\u00f2 el Juanma S\u00e1nchez i la Vicky Santolaria van tenir el plaer de conversar amb el Sergi Mas, un mite de la comunicaci\u00f3 del nostre pa\u00eds, arran del <a href=\"https:\/\/agora.xtec.cat\/iesrafaelcasanova\/general\/guanyadors-dels-premis-agenda-2030\/\">premi Agenda 2030<\/a>&hellip;  <a href=\"https:\/\/agora.xtec.cat\/iesrafaelcasanova\/eso\/entrevista-pel-premi-agenda-2030\/\" title=\"Read Entrevista pel Premi Agenda 2030\">Llegeix m\u00e9s\u00bb<\/a><\/p>\n","protected":false},"author":1,"featured_media":0,"comment_status":"open","ping_status":"closed","sticky":false,"template":"","format":"standard","meta":{"_bbp_topic_count":0,"_bbp_reply_count":0,"_bbp_total_topic_count":0,"_bbp_total_reply_count":0,"_bbp_voice_count":0,"_bbp_anonymous_reply_count":0,"_bbp_topic_count_hidden":0,"_bbp_reply_count_hidden":0,"_bbp_forum_subforum_count":0,"footnotes":""},"categories":[3,6,29,288,121],"tags":[431,345,232,430,163,396,234,344],"class_list":["post-9457","post","type-post","status-publish","format-standard","hentry","category-eso","category-eso-3","category-portada","category-premis","category-projectes","tag-agenda-2030","tag-cap-a-una-tribu-global","tag-cultura-i-valors","tag-ods","tag-planeta-b","tag-planeta-blau","tag-premis","tag-som-el-canvi"],"post_mailing_queue_ids":[],"_links":{"self":[{"href":"https:\/\/agora.xtec.cat\/iesrafaelcasanova\/wp-json\/wp\/v2\/posts\/9457","targetHints":{"allow":["GET"]}}],"collection":[{"href":"https:\/\/agora.xtec.cat\/iesrafaelcasanova\/wp-json\/wp\/v2\/posts"}],"about":[{"href":"https:\/\/agora.xtec.cat\/iesrafaelcasanova\/wp-json\/wp\/v2\/types\/post"}],"author":[{"embeddable":true,"href":"https:\/\/agora.xtec.cat\/iesrafaelcasanova\/wp-json\/wp\/v2\/users\/1"}],"replies":[{"embeddable":true,"href":"https:\/\/agora.xtec.cat\/iesrafaelcasanova\/wp-json\/wp\/v2\/comments?post=9457"}],"version-history":[{"count":3,"href":"https:\/\/agora.xtec.cat\/iesrafaelcasanova\/wp-json\/wp\/v2\/posts\/9457\/revisions"}],"predecessor-version":[{"id":9462,"href":"https:\/\/agora.xtec.cat\/iesrafaelcasanova\/wp-json\/wp\/v2\/posts\/9457\/revisions\/9462"}],"wp:attachment":[{"href":"https:\/\/agora.xtec.cat\/iesrafaelcasanova\/wp-json\/wp\/v2\/media?parent=9457"}],"wp:term":[{"taxonomy":"category","embeddable":true,"href":"https:\/\/agora.xtec.cat\/iesrafaelcasanova\/wp-json\/wp\/v2\/categories?post=9457"},{"taxonomy":"post_tag","embeddable":true,"href":"https:\/\/agora.xtec.cat\/iesrafaelcasanova\/wp-json\/wp\/v2\/tags?post=9457"}],"curies":[{"name":"wp","href":"https:\/\/api.w.org\/{rel}","templated":true}]}}