{"id":4909,"date":"2020-05-29T07:31:08","date_gmt":"2020-05-29T05:31:08","guid":{"rendered":"https:\/\/agora.xtec.cat\/iesrafaelcasanova\/?p=4909"},"modified":"2020-05-29T09:54:56","modified_gmt":"2020-05-29T07:54:56","slug":"ajornament-de-les-proves-del-delf","status":"publish","type":"post","link":"https:\/\/agora.xtec.cat\/iesrafaelcasanova\/eso\/eso-4\/ajornament-de-les-proves-del-delf\/","title":{"rendered":"Ajornament de les proves del DELF"},"content":{"rendered":"<p style=\"text-align: justify;\"><span style=\"color: #000000;\">Com ja sabeu, amb motiu de la crisi sanit\u00e0ria provocada pel coronavirus i del conseg\u00fcent tancament dels centres educatius, l&#8217;Institut Fran\u00e7ais es va veure obligat a suspendre la realitzaci\u00f3 de les proves del DELF que s&#8217;havien previst inicialment per a la primavera del 2020. C<\/span><span class=\"il\"><span style=\"color: #000000;\">onfiant que la situaci\u00f3 millori i que es puguin dur a terme aquesta tardor, s&#8217;ha previst que<\/span> les proves del DELF<\/span> Scolaire, administrades per l\u2019Institut Franc\u00e8s de Barcelona i les Aliances Franceses, tinguin lloc durant el mes d\u2019octubre de 2020. Aqu\u00ed teniu les noves dates:<\/p>\n<p style=\"text-align: justify;\"><a href=\"https:\/\/agora.xtec.cat\/iesrafaelcasanova\/wp-content\/uploads\/usu156\/2020\/05\/Captura-1.jpg\"><img loading=\"lazy\" decoding=\"async\" class=\"size-full wp-image-4912 aligncenter\" src=\"https:\/\/agora.xtec.cat\/iesrafaelcasanova\/wp-content\/uploads\/usu156\/2020\/05\/Captura-1.jpg\" alt=\"\" width=\"609\" height=\"258\" srcset=\"https:\/\/agora.xtec.cat\/iesrafaelcasanova\/wp-content\/uploads\/usu156\/2020\/05\/Captura-1.jpg 609w, https:\/\/agora.xtec.cat\/iesrafaelcasanova\/wp-content\/uploads\/usu156\/2020\/05\/Captura-1-300x127.jpg 300w\" sizes=\"auto, (max-width: 609px) 100vw, 609px\" \/><\/a><\/p>\n<p style=\"text-align: justify;\">No obstant aix\u00f2, donada la situaci\u00f3 actual, caldr\u00e0 estar atents a l&#8217;evoluci\u00f3 de la pand\u00e8mia i de les recomanacions que facin les autoritats sanit\u00e0ries. Per tant, sapigueu que tant les dates previstes com els procediments d\u2019administraci\u00f3 i gesti\u00f3 poden experimentar canvis i ajustaments en funci\u00f3 de com evoluciona la situaci\u00f3. M\u00e9s informaci\u00f3, <a href=\"https:\/\/www.delfscolaire.cat\/ca\/noticies-i-recursos\/noticies\/important-consultez-ici-le-communique-officiel-sur-le-report-de-la-session-delf-scolaire\/57\/0\/21\">aqu\u00ed<\/a>.<\/p>\n","protected":false},"excerpt":{"rendered":"<p>Com ja sabeu, amb motiu de la crisi sanit\u00e0ria provocada pel coronavirus i del conseg\u00fcent tancament dels centres educatius, l&#8217;Institut Fran\u00e7ais es va veure obligat a suspendre la realitzaci\u00f3 de les proves del DELF que s&#8217;havien previst inicialment per a la primavera del 2020. Confiant&hellip;  <a href=\"https:\/\/agora.xtec.cat\/iesrafaelcasanova\/eso\/eso-4\/ajornament-de-les-proves-del-delf\/\" title=\"Read Ajornament de les proves del DELF\">Llegeix m\u00e9s\u00bb<\/a><\/p>\n","protected":false},"author":1,"featured_media":0,"comment_status":"open","ping_status":"closed","sticky":false,"template":"","format":"standard","meta":{"_bbp_topic_count":0,"_bbp_reply_count":0,"_bbp_total_topic_count":0,"_bbp_total_reply_count":0,"_bbp_voice_count":0,"_bbp_anonymous_reply_count":0,"_bbp_topic_count_hidden":0,"_bbp_reply_count_hidden":0,"_bbp_forum_subforum_count":0,"footnotes":""},"categories":[8,7,29,121],"tags":[159,271,158,137],"class_list":["post-4909","post","type-post","status-publish","format-standard","hentry","category-batxillerat","category-eso-4","category-portada","category-projectes","tag-delf","tag-departament-de-llengues-estrangeres","tag-diplomes","tag-frances"],"post_mailing_queue_ids":[],"_links":{"self":[{"href":"https:\/\/agora.xtec.cat\/iesrafaelcasanova\/wp-json\/wp\/v2\/posts\/4909","targetHints":{"allow":["GET"]}}],"collection":[{"href":"https:\/\/agora.xtec.cat\/iesrafaelcasanova\/wp-json\/wp\/v2\/posts"}],"about":[{"href":"https:\/\/agora.xtec.cat\/iesrafaelcasanova\/wp-json\/wp\/v2\/types\/post"}],"author":[{"embeddable":true,"href":"https:\/\/agora.xtec.cat\/iesrafaelcasanova\/wp-json\/wp\/v2\/users\/1"}],"replies":[{"embeddable":true,"href":"https:\/\/agora.xtec.cat\/iesrafaelcasanova\/wp-json\/wp\/v2\/comments?post=4909"}],"version-history":[{"count":3,"href":"https:\/\/agora.xtec.cat\/iesrafaelcasanova\/wp-json\/wp\/v2\/posts\/4909\/revisions"}],"predecessor-version":[{"id":4922,"href":"https:\/\/agora.xtec.cat\/iesrafaelcasanova\/wp-json\/wp\/v2\/posts\/4909\/revisions\/4922"}],"wp:attachment":[{"href":"https:\/\/agora.xtec.cat\/iesrafaelcasanova\/wp-json\/wp\/v2\/media?parent=4909"}],"wp:term":[{"taxonomy":"category","embeddable":true,"href":"https:\/\/agora.xtec.cat\/iesrafaelcasanova\/wp-json\/wp\/v2\/categories?post=4909"},{"taxonomy":"post_tag","embeddable":true,"href":"https:\/\/agora.xtec.cat\/iesrafaelcasanova\/wp-json\/wp\/v2\/tags?post=4909"}],"curies":[{"name":"wp","href":"https:\/\/api.w.org\/{rel}","templated":true}]}}