{"id":2831,"date":"2019-06-19T06:06:30","date_gmt":"2019-06-19T04:06:30","guid":{"rendered":"http:\/\/agora.xtec.cat\/iesrafaelcasanova\/?p=2831"},"modified":"2019-06-19T06:06:37","modified_gmt":"2019-06-19T04:06:37","slug":"la-musica-i-el-planeta-b","status":"publish","type":"post","link":"https:\/\/agora.xtec.cat\/iesrafaelcasanova\/eso\/eso-1\/la-musica-i-el-planeta-b\/","title":{"rendered":"La m\u00fasica i el Planeta B"},"content":{"rendered":"<p style=\"text-align: justify;\">Tot i que <a href=\"https:\/\/agora.xtec.cat\/iesrafaelcasanova\/3-projectes-del-centre\/planeta-b\/\">Planeta B<\/a> ha estat un projecte realitzat majorit\u00e0riament a la mat\u00e8ria de Cultura i Valors de 1r d&#8217;ESO, aquest ha estat un projecte multidisciplinar en qu\u00e8 han intervingut diverses mat\u00e8ries. Tamb\u00e9 la de m\u00fasica. Aix\u00ed, vam descobrir que la defensa del planeta \u00e9s un tema recurrent en el m\u00f3n de la m\u00fasica. Grups com Man\u00e0, Els Pets, Sau o Joan Manuel Serrat han composat can\u00e7ons per conscienciar la gent de la necessitat de cuidar-lo. A partir d&#8217;all\u00e0 l&#8217;alumnat va donar ales a la seva imaginaci\u00f3. En primer lloc es van dividir en grups i van triar una can\u00e7\u00f3 que agrad\u00e8s a tots els membres de l&#8217;equip. Una vegada la van tenir, van buscar la seva base instrumental i la van tunejar, canviant la\u00a0lletra original i adaptant-ne una de nova que van crear junts tractant algun aspecte relacionat amb la cura i la sostenibilitat del planeta.<\/p>\n<p style=\"text-align: justify;\">Aqu\u00ed us presentem els v\u00eddeos de dos dels grups que han participat en aquesta activitat: l&#8217;Ariadna Vargas, la Mar Rapela i l&#8217;Ana Jas (grup E-14) interpreten &#8220;Reciclando&#8221;, una versi\u00f3 del fam\u00f3s &#8220;Malamente&#8221; de Rosal\u00eda.<\/p>\n<p style=\"text-align: center;\"><iframe loading=\"lazy\" src=\"https:\/\/www.youtube.com\/embed\/pjGBmAkOuqk\" width=\"560\" height=\"315\" frameborder=\"0\" allowfullscreen=\"allowfullscreen\"><\/iframe><\/p>\n<p style=\"text-align: justify;\">La Nayara Bravo, l&#8217;Andr\u00e9s Contel i la Judit G\u00f3mez (grup E-12) interpreten &#8220;Una lluna a l&#8217;aigua&#8221;, de Txarango, en versi\u00f3 Planeta B.<\/p>\n<p style=\"text-align: center;\"><iframe loading=\"lazy\" src=\"https:\/\/www.youtube.com\/embed\/olbR5wvoGNQ\" width=\"560\" height=\"315\" frameborder=\"0\" allowfullscreen=\"allowfullscreen\"><\/iframe><\/p>\n<p>&nbsp;<\/p>\n","protected":false},"excerpt":{"rendered":"<p>Tot i que <a href=\"https:\/\/agora.xtec.cat\/iesrafaelcasanova\/3-projectes-del-centre\/planeta-b\/\">Planeta B<\/a> ha estat un projecte realitzat majorit\u00e0riament a la mat\u00e8ria de Cultura i Valors de 1r d&#8217;ESO, aquest ha estat un projecte multidisciplinar en qu\u00e8 han intervingut diverses mat\u00e8ries. Tamb\u00e9 la de m\u00fasica. Aix\u00ed, vam descobrir que la defensa del&hellip;  <a href=\"https:\/\/agora.xtec.cat\/iesrafaelcasanova\/eso\/eso-1\/la-musica-i-el-planeta-b\/\" title=\"Read La m\u00fasica i el Planeta B\">Llegeix m\u00e9s\u00bb<\/a><\/p>\n","protected":false},"author":1,"featured_media":0,"comment_status":"open","ping_status":"closed","sticky":false,"template":"","format":"standard","meta":{"_bbp_topic_count":0,"_bbp_reply_count":0,"_bbp_total_topic_count":0,"_bbp_total_reply_count":0,"_bbp_voice_count":0,"_bbp_anonymous_reply_count":0,"_bbp_topic_count_hidden":0,"_bbp_reply_count_hidden":0,"_bbp_forum_subforum_count":0,"footnotes":""},"categories":[4,29,121],"tags":[232,114,163,116],"class_list":["post-2831","post","type-post","status-publish","format-standard","hentry","category-eso-1","category-portada","category-projectes","tag-cultura-i-valors","tag-musica","tag-planeta-b","tag-promocio-2018"],"post_mailing_queue_ids":[],"_links":{"self":[{"href":"https:\/\/agora.xtec.cat\/iesrafaelcasanova\/wp-json\/wp\/v2\/posts\/2831","targetHints":{"allow":["GET"]}}],"collection":[{"href":"https:\/\/agora.xtec.cat\/iesrafaelcasanova\/wp-json\/wp\/v2\/posts"}],"about":[{"href":"https:\/\/agora.xtec.cat\/iesrafaelcasanova\/wp-json\/wp\/v2\/types\/post"}],"author":[{"embeddable":true,"href":"https:\/\/agora.xtec.cat\/iesrafaelcasanova\/wp-json\/wp\/v2\/users\/1"}],"replies":[{"embeddable":true,"href":"https:\/\/agora.xtec.cat\/iesrafaelcasanova\/wp-json\/wp\/v2\/comments?post=2831"}],"version-history":[{"count":3,"href":"https:\/\/agora.xtec.cat\/iesrafaelcasanova\/wp-json\/wp\/v2\/posts\/2831\/revisions"}],"predecessor-version":[{"id":2836,"href":"https:\/\/agora.xtec.cat\/iesrafaelcasanova\/wp-json\/wp\/v2\/posts\/2831\/revisions\/2836"}],"wp:attachment":[{"href":"https:\/\/agora.xtec.cat\/iesrafaelcasanova\/wp-json\/wp\/v2\/media?parent=2831"}],"wp:term":[{"taxonomy":"category","embeddable":true,"href":"https:\/\/agora.xtec.cat\/iesrafaelcasanova\/wp-json\/wp\/v2\/categories?post=2831"},{"taxonomy":"post_tag","embeddable":true,"href":"https:\/\/agora.xtec.cat\/iesrafaelcasanova\/wp-json\/wp\/v2\/tags?post=2831"}],"curies":[{"name":"wp","href":"https:\/\/api.w.org\/{rel}","templated":true}]}}