{"id":1854,"date":"2019-02-13T08:30:52","date_gmt":"2019-02-13T07:30:52","guid":{"rendered":"http:\/\/agora.xtec.cat\/iesrafaelcasanova\/?p=1854"},"modified":"2019-02-18T09:37:10","modified_gmt":"2019-02-18T08:37:10","slug":"jordi-vidal-sacomiada-del-rafael-casanova","status":"publish","type":"post","link":"https:\/\/agora.xtec.cat\/iesrafaelcasanova\/general\/jordi-vidal-sacomiada-del-rafael-casanova\/","title":{"rendered":"Jordi Vidal s&#8217;acomiada del Rafael Casanova"},"content":{"rendered":"<p>&nbsp;<\/p>\n<p><a href=\"https:\/\/agora.xtec.cat\/iesrafaelcasanova\/wp-content\/uploads\/usu156\/2019\/02\/Jordi.jpg\"><img loading=\"lazy\" decoding=\"async\" class=\"aligncenter wp-image-1855\" src=\"https:\/\/agora.xtec.cat\/iesrafaelcasanova\/wp-content\/uploads\/usu156\/2019\/02\/Jordi.jpg\" alt=\"\" width=\"517\" height=\"562\" srcset=\"https:\/\/agora.xtec.cat\/iesrafaelcasanova\/wp-content\/uploads\/usu156\/2019\/02\/Jordi.jpg 2074w, https:\/\/agora.xtec.cat\/iesrafaelcasanova\/wp-content\/uploads\/usu156\/2019\/02\/Jordi-276x300.jpg 276w, https:\/\/agora.xtec.cat\/iesrafaelcasanova\/wp-content\/uploads\/usu156\/2019\/02\/Jordi-768x835.jpg 768w, https:\/\/agora.xtec.cat\/iesrafaelcasanova\/wp-content\/uploads\/usu156\/2019\/02\/Jordi-941x1024.jpg 941w\" sizes=\"auto, (max-width: 517px) 100vw, 517px\" \/><\/a><\/p>\n<p style=\"text-align: justify;\">Avui, dimecres 13 de febrer, es jubila el nostre estimat company Jordi Vidal. En Jordi ha treballat com a professor de matem\u00e0tiques durant 28 anys, 20 dels quals han estat al Rafael Casanova. En aquests \u00faltims dies hem recordat an\u00e8cdotes i moments viscuts i li hem pogut agrair el temps que ha passat entre nosaltres. Jordi, des d&#8217;aqu\u00ed volem\u00a0desitjar-te molt bona sort en aquesta nova etapa de la teva vida. No oblidis mai que el Rafael Casanova sempre ser\u00e0 casa teva. Fins molt aviat!<\/p>\n<p>&nbsp;<\/p>\n","protected":false},"excerpt":{"rendered":"<p>&nbsp;<br \/>\n<a href=\"https:\/\/agora.xtec.cat\/iesrafaelcasanova\/wp-content\/uploads\/usu156\/2019\/02\/Jordi.jpg\"><\/a><br \/>\nAvui, dimecres 13 de febrer, es jubila el nostre estimat company Jordi Vidal. En Jordi ha treballat com a professor de matem\u00e0tiques durant 28 anys, 20 dels quals han estat al Rafael Casanova. En aquests \u00faltims dies hem recordat an\u00e8cdotes i moments viscuts i&hellip;  <a href=\"https:\/\/agora.xtec.cat\/iesrafaelcasanova\/general\/jordi-vidal-sacomiada-del-rafael-casanova\/\" title=\"Read Jordi Vidal s&#8217;acomiada del Rafael Casanova\">Llegeix m\u00e9s\u00bb<\/a><\/p>\n","protected":false},"author":1,"featured_media":0,"comment_status":"open","ping_status":"closed","sticky":false,"template":"","format":"standard","meta":{"_bbp_topic_count":0,"_bbp_reply_count":0,"_bbp_total_topic_count":0,"_bbp_total_reply_count":0,"_bbp_voice_count":0,"_bbp_anonymous_reply_count":0,"_bbp_topic_count_hidden":0,"_bbp_reply_count_hidden":0,"_bbp_forum_subforum_count":0,"footnotes":""},"categories":[8,3,1,29],"tags":[185],"class_list":["post-1854","post","type-post","status-publish","format-standard","hentry","category-batxillerat","category-eso","category-general","category-portada","tag-jubilacions"],"post_mailing_queue_ids":[],"_links":{"self":[{"href":"https:\/\/agora.xtec.cat\/iesrafaelcasanova\/wp-json\/wp\/v2\/posts\/1854","targetHints":{"allow":["GET"]}}],"collection":[{"href":"https:\/\/agora.xtec.cat\/iesrafaelcasanova\/wp-json\/wp\/v2\/posts"}],"about":[{"href":"https:\/\/agora.xtec.cat\/iesrafaelcasanova\/wp-json\/wp\/v2\/types\/post"}],"author":[{"embeddable":true,"href":"https:\/\/agora.xtec.cat\/iesrafaelcasanova\/wp-json\/wp\/v2\/users\/1"}],"replies":[{"embeddable":true,"href":"https:\/\/agora.xtec.cat\/iesrafaelcasanova\/wp-json\/wp\/v2\/comments?post=1854"}],"version-history":[{"count":3,"href":"https:\/\/agora.xtec.cat\/iesrafaelcasanova\/wp-json\/wp\/v2\/posts\/1854\/revisions"}],"predecessor-version":[{"id":1858,"href":"https:\/\/agora.xtec.cat\/iesrafaelcasanova\/wp-json\/wp\/v2\/posts\/1854\/revisions\/1858"}],"wp:attachment":[{"href":"https:\/\/agora.xtec.cat\/iesrafaelcasanova\/wp-json\/wp\/v2\/media?parent=1854"}],"wp:term":[{"taxonomy":"category","embeddable":true,"href":"https:\/\/agora.xtec.cat\/iesrafaelcasanova\/wp-json\/wp\/v2\/categories?post=1854"},{"taxonomy":"post_tag","embeddable":true,"href":"https:\/\/agora.xtec.cat\/iesrafaelcasanova\/wp-json\/wp\/v2\/tags?post=1854"}],"curies":[{"name":"wp","href":"https:\/\/api.w.org\/{rel}","templated":true}]}}