{"id":1741,"date":"2019-01-29T12:56:18","date_gmt":"2019-01-29T11:56:18","guid":{"rendered":"http:\/\/agora.xtec.cat\/iesrafaelcasanova\/?p=1741"},"modified":"2019-01-29T19:50:43","modified_gmt":"2019-01-29T18:50:43","slug":"visitem-la-torre-de-la-vila-i-la-deixalleria","status":"publish","type":"post","link":"https:\/\/agora.xtec.cat\/iesrafaelcasanova\/general\/visitem-la-torre-de-la-vila-i-la-deixalleria\/","title":{"rendered":"Visitem la Torre de la Vila i la deixalleria"},"content":{"rendered":"<p><a title=\"Torre de la Vila i Deixalleria\" href=\"https:\/\/www.flickr.com\/photos\/168811058@N08\/albums\/72157702884832342\" data-flickr-embed=\"true\"><img loading=\"lazy\" decoding=\"async\" class=\"aligncenter\" src=\"https:\/\/farm5.staticflickr.com\/4887\/46001382195_10e5a41953_z.jpg\" alt=\"Torre de la Vila i Deixalleria\" width=\"640\" height=\"361\" \/><\/a><script async src=\"\/\/embedr.flickr.com\/assets\/client-code.js\" charset=\"utf-8\"><\/script><\/p>\n<p style=\"text-align: justify;\">Ahir, 28 de gener, l&#8217;alumnat de dos grups de 1r d&#8217;ESO (E-11 i E-13) van assistir al Centre d&#8217;Educaci\u00f3 Ambiental i d&#8217;Estudi dels Residus de la Masia Torre de la Vila i van realitzar una visita guiada a la deixalleria de Sant Boi de Llobregat.<\/p>\n<p style=\"text-align: justify;\">La Masia de Torre de la Vila \u00e9s un equipament municipal on es desenvolupen les activitats d&#8217;educaci\u00f3 ambiental adre\u00e7ades als centres educatius de Sant Boi. All\u00e0 vam participar en un joc de taula en qu\u00e8 hav\u00edem d&#8217;esbrinar quines eren les causes de la mort d&#8217;uns peixos a un riu i vam descobrir qu\u00e8 passa amb els productes que reciclem despr\u00e9s de depositar-los als contenidors corresponents.<\/p>\n<p style=\"text-align: justify;\">A la deixalleria vam aprendre qu\u00e8 hem de fer amb aquells residus que no es reciclen als contenidors groc, blau, vert o marr\u00f3: el rebuig, els electrodom\u00e8stics, l&#8217;oli, la roba, els mobles, etc.<\/p>\n<p style=\"text-align: justify;\">Aquestes dues activitats formen part del <a href=\"https:\/\/agora.xtec.cat\/iesrafaelcasanova\/3-projectes-del-centre\/planeta-b\/\">projecte Planeta B<\/a> que s&#8217;ha iniciat aquest curs a la mat\u00e8ria de Cultura i Valors. En els propers dies assistiran la resta de grups de 1r d&#8217;ESO. Segur que tamb\u00e9 els resulta molt profitosa i en treuen molt de profit!<\/p>\n<div class=\"centrepagina\">\n<div class=\"contingut\"><\/div>\n<\/div>\n","protected":false},"excerpt":{"rendered":"<p><a title=\"Torre de la Vila i Deixalleria\" href=\"https:\/\/www.flickr.com\/photos\/168811058@N08\/albums\/72157702884832342\" data-flickr-embed=\"true\"><\/a><br \/>\nAhir, 28 de gener, l&#8217;alumnat de dos grups de 1r d&#8217;ESO (E-11 i E-13) van assistir al Centre d&#8217;Educaci\u00f3 Ambiental i d&#8217;Estudi dels Residus de la Masia Torre de la Vila i van realitzar una visita guiada&hellip;  <a href=\"https:\/\/agora.xtec.cat\/iesrafaelcasanova\/general\/visitem-la-torre-de-la-vila-i-la-deixalleria\/\" title=\"Read Visitem la Torre de la Vila i la deixalleria\">Llegeix m\u00e9s\u00bb<\/a><\/p>\n","protected":false},"author":1,"featured_media":0,"comment_status":"open","ping_status":"closed","sticky":false,"template":"","format":"standard","meta":{"_bbp_topic_count":0,"_bbp_reply_count":0,"_bbp_total_topic_count":0,"_bbp_total_reply_count":0,"_bbp_voice_count":0,"_bbp_anonymous_reply_count":0,"_bbp_topic_count_hidden":0,"_bbp_reply_count_hidden":0,"_bbp_forum_subforum_count":0,"footnotes":""},"categories":[4,1,29,121,126],"tags":[163,116],"class_list":["post-1741","post","type-post","status-publish","format-standard","hentry","category-eso-1","category-general","category-portada","category-projectes","category-sortides","tag-planeta-b","tag-promocio-2018"],"post_mailing_queue_ids":[],"_links":{"self":[{"href":"https:\/\/agora.xtec.cat\/iesrafaelcasanova\/wp-json\/wp\/v2\/posts\/1741","targetHints":{"allow":["GET"]}}],"collection":[{"href":"https:\/\/agora.xtec.cat\/iesrafaelcasanova\/wp-json\/wp\/v2\/posts"}],"about":[{"href":"https:\/\/agora.xtec.cat\/iesrafaelcasanova\/wp-json\/wp\/v2\/types\/post"}],"author":[{"embeddable":true,"href":"https:\/\/agora.xtec.cat\/iesrafaelcasanova\/wp-json\/wp\/v2\/users\/1"}],"replies":[{"embeddable":true,"href":"https:\/\/agora.xtec.cat\/iesrafaelcasanova\/wp-json\/wp\/v2\/comments?post=1741"}],"version-history":[{"count":3,"href":"https:\/\/agora.xtec.cat\/iesrafaelcasanova\/wp-json\/wp\/v2\/posts\/1741\/revisions"}],"predecessor-version":[{"id":1749,"href":"https:\/\/agora.xtec.cat\/iesrafaelcasanova\/wp-json\/wp\/v2\/posts\/1741\/revisions\/1749"}],"wp:attachment":[{"href":"https:\/\/agora.xtec.cat\/iesrafaelcasanova\/wp-json\/wp\/v2\/media?parent=1741"}],"wp:term":[{"taxonomy":"category","embeddable":true,"href":"https:\/\/agora.xtec.cat\/iesrafaelcasanova\/wp-json\/wp\/v2\/categories?post=1741"},{"taxonomy":"post_tag","embeddable":true,"href":"https:\/\/agora.xtec.cat\/iesrafaelcasanova\/wp-json\/wp\/v2\/tags?post=1741"}],"curies":[{"name":"wp","href":"https:\/\/api.w.org\/{rel}","templated":true}]}}