{"id":12251,"date":"2026-09-04T14:14:11","date_gmt":"2026-09-04T12:14:11","guid":{"rendered":"https:\/\/agora.xtec.cat\/iesrafaelcasanova\/?p=12251"},"modified":"2026-09-04T14:16:36","modified_gmt":"2026-09-04T12:16:36","slug":"comunicat-de-vaga-del-8-de-setembre","status":"publish","type":"post","link":"https:\/\/agora.xtec.cat\/iesrafaelcasanova\/general\/comunicat-de-vaga-del-8-de-setembre\/","title":{"rendered":"Comunicat de vaga del 8 de setembre"},"content":{"rendered":"\n<p>Benvolgudes fam\u00edlies,<br>Us informem que les organitzacions sindicals USTEC-STEs, CGT, La Intersindical i COS han<br>convocat una jornada de vaga el dia 8 de setembre de 2026 de 00:00 a 24:00 hores, adre\u00e7ada al<br>personal docent (funcionari i inter\u00ed), al personal laboral i laboral docent i tot el personal que presta<br>serveis als centres educatius p\u00fablics i a l\u2019estructura del Departament d\u2019Educaci\u00f3 i Formaci\u00f3<br>Professional i dels diferents Serveis Territorials i del Consorci d\u2019Educaci\u00f3 de Barcelona. l\u2019organitzaci\u00f3<br>sindical<\/p>\n\n\n\n<p>At\u00e8s que els i les treballadores estan en el seu dret d\u2019adherir-se a aquesta convocat\u00f2ria, \u00e9s possible<br>que el centre no pugui funcionar amb normalitat. Nom\u00e9s podem garantir els serveis m\u00ednims establerts<br>per llei.<\/p>\n\n\n\n<p>D\u2019altra banda, us recordem que, en tractar-se de l\u2019inici de curs, els horaris d\u2019entrada de l\u2019alumnat<br>seran els seg\u00fcents:<br>\uf0b7 1r d\u2019ESO: 9:00h<br>\uf0b7 2n d\u2019ESO: 9:30h<br>\uf0b7 3r d\u2019ESO: 10:00h<br>\uf0b7 4t d\u2019ESO: 10:30h<br>\uf0b7 1r i 2n de Batxillerat: 11:45h<\/p>\n\n\n\n<p>Tanmateix, a causa de les convocat\u00f2ria de vaga esmentada, us informem que no podem garantir el<br>correcte acolliment.<\/p>\n\n\n\n<div data-wp-interactive=\"core\/file\" class=\"wp-block-file\"><object data-wp-bind--hidden=\"!state.hasPdfPreview\" hidden class=\"wp-block-file__embed\" data=\"https:\/\/agora.xtec.cat\/iesrafaelcasanova\/wp-content\/uploads\/usu156\/2026\/09\/Comunicat-families-vaga-treballadors.pdf\" type=\"application\/pdf\" style=\"width:100%;height:600px\" aria-label=\"Incrustaci\u00f3 del fitxer Comunicat fam\u00edlies vaga treballadors.\"><\/object><a id=\"wp-block-file--media-543e524a-f132-4c6e-976f-9b0852b4a888\" href=\"https:\/\/agora.xtec.cat\/iesrafaelcasanova\/wp-content\/uploads\/usu156\/2026\/09\/Comunicat-families-vaga-treballadors.pdf\">Comunicat fam\u00edlies vaga treballadors<\/a><a href=\"https:\/\/agora.xtec.cat\/iesrafaelcasanova\/wp-content\/uploads\/usu156\/2026\/09\/Comunicat-families-vaga-treballadors.pdf\" class=\"wp-block-file__button wp-element-button\" download aria-describedby=\"wp-block-file--media-543e524a-f132-4c6e-976f-9b0852b4a888\">Baixa<\/a><\/div>\n","protected":false},"excerpt":{"rendered":"<p>Benvolgudes fam\u00edlies,Us informem que les organitzacions sindicals USTEC-STEs, CGT, La Intersindical i COS hanconvocat una jornada de vaga el dia 8 de setembre de 2026 de 00:00 a 24:00 hores, adre\u00e7ada alpersonal docent (funcionari i inter\u00ed), al personal laboral i laboral docent i tot el&hellip;  <a href=\"https:\/\/agora.xtec.cat\/iesrafaelcasanova\/general\/comunicat-de-vaga-del-8-de-setembre\/\" title=\"Read Comunicat de vaga del 8 de setembre\">Llegeix m\u00e9s\u00bb<\/a><\/p>\n","protected":false},"author":1,"featured_media":0,"comment_status":"open","ping_status":"open","sticky":false,"template":"","format":"standard","meta":{"_bbp_topic_count":0,"_bbp_reply_count":0,"_bbp_total_topic_count":0,"_bbp_total_reply_count":0,"_bbp_voice_count":0,"_bbp_anonymous_reply_count":0,"_bbp_topic_count_hidden":0,"_bbp_reply_count_hidden":0,"_bbp_forum_subforum_count":0,"footnotes":""},"categories":[1,29],"tags":[],"class_list":["post-12251","post","type-post","status-publish","format-standard","hentry","category-general","category-portada"],"post_mailing_queue_ids":[],"_links":{"self":[{"href":"https:\/\/agora.xtec.cat\/iesrafaelcasanova\/wp-json\/wp\/v2\/posts\/12251","targetHints":{"allow":["GET"]}}],"collection":[{"href":"https:\/\/agora.xtec.cat\/iesrafaelcasanova\/wp-json\/wp\/v2\/posts"}],"about":[{"href":"https:\/\/agora.xtec.cat\/iesrafaelcasanova\/wp-json\/wp\/v2\/types\/post"}],"author":[{"embeddable":true,"href":"https:\/\/agora.xtec.cat\/iesrafaelcasanova\/wp-json\/wp\/v2\/users\/1"}],"replies":[{"embeddable":true,"href":"https:\/\/agora.xtec.cat\/iesrafaelcasanova\/wp-json\/wp\/v2\/comments?post=12251"}],"version-history":[{"count":1,"href":"https:\/\/agora.xtec.cat\/iesrafaelcasanova\/wp-json\/wp\/v2\/posts\/12251\/revisions"}],"predecessor-version":[{"id":12253,"href":"https:\/\/agora.xtec.cat\/iesrafaelcasanova\/wp-json\/wp\/v2\/posts\/12251\/revisions\/12253"}],"wp:attachment":[{"href":"https:\/\/agora.xtec.cat\/iesrafaelcasanova\/wp-json\/wp\/v2\/media?parent=12251"}],"wp:term":[{"taxonomy":"category","embeddable":true,"href":"https:\/\/agora.xtec.cat\/iesrafaelcasanova\/wp-json\/wp\/v2\/categories?post=12251"},{"taxonomy":"post_tag","embeddable":true,"href":"https:\/\/agora.xtec.cat\/iesrafaelcasanova\/wp-json\/wp\/v2\/tags?post=12251"}],"curies":[{"name":"wp","href":"https:\/\/api.w.org\/{rel}","templated":true}]}}