{"id":993,"date":"2015-12-21T18:16:00","date_gmt":"2015-12-21T17:16:00","guid":{"rendered":"http:\/\/agora.xtec.cat\/iesrafaelcampalans\/general\/jordi-pages-in-memoriam-text-de-roser-sidera-directora\/"},"modified":"2017-09-25T23:42:57","modified_gmt":"2017-09-25T21:42:57","slug":"jordi-pages-in-memoriam-text-de-roser-sidera-directora","status":"publish","type":"post","link":"https:\/\/agora.xtec.cat\/iesrafaelcampalans\/general\/jordi-pages-in-memoriam-text-de-roser-sidera-directora\/","title":{"rendered":"Jordi Pag\u00e8s, in memoriam (text de Roser Sidera, directora)"},"content":{"rendered":"<div style=\"clear: both; text-align: center;\"><a href=\"https:\/\/1f38ada3-a-62cb3a1a-s-sites.googlegroups.com\/site\/magatzemcampalans\/imatges\/pages.jpg?attachauth=ANoY7crswtdFkqBOPRe3zBAxJnW5jTFlTIZd7CMsQV_q4aqWmBgoL_kjR99TAc1BVkY7IUieUCItSiG8jjpdaEHQcCSTbpJP2QbPcxDYNua7B3oeVzS7SAMnx6OvmNrkfZ0wgvlnWm_0NHNxxuH1eVZqFebv37XaFCkze0bNZq5uIgo-rIeOpVtM6RWkgJpeDwF2-ogJ7ktW7ubLjEVstVZtayfygmpS-U9Ru0SlGedpjN2USHSXXSg%3D&amp;attredirects=0\" style=\"clear: right; float: right; margin-bottom: 1em; margin-left: 1em;\"><img loading=\"lazy\" decoding=\"async\" border=\"0\" height=\"212\" src=\"https:\/\/1f38ada3-a-62cb3a1a-s-sites.googlegroups.com\/site\/magatzemcampalans\/imatges\/pages.jpg?attachauth=ANoY7crswtdFkqBOPRe3zBAxJnW5jTFlTIZd7CMsQV_q4aqWmBgoL_kjR99TAc1BVkY7IUieUCItSiG8jjpdaEHQcCSTbpJP2QbPcxDYNua7B3oeVzS7SAMnx6OvmNrkfZ0wgvlnWm_0NHNxxuH1eVZqFebv37XaFCkze0bNZq5uIgo-rIeOpVtM6RWkgJpeDwF2-ogJ7ktW7ubLjEVstVZtayfygmpS-U9Ru0SlGedpjN2USHSXXSg%3D&amp;attredirects=0\" width=\"320\" \/><\/a><\/div>\n<p><i>Per a tu, Jordi, amic, que ens has deixat&#8230;<\/i><\/p>\n<div style=\"text-align: justify;\">Jordi, amic, professor, company, mestre&#8230; com ens costa trobar les paraules per explicar la pena que sentim que ens hagi deixat tan d\u2019hora&#8230;<\/div>\n<div style=\"text-align: justify;\"><\/div>\n<div style=\"text-align: justify;\">En Jordi ha estat un company silenci\u00f3s i discret com les seves llargues passes, gener\u00f3s i alhora divertit i genial enmig del desordre i els canvis, tamb\u00e9 ha estat un home poli\u00e8dric, persona de tantes facetes com habilitats&#8230;<\/div>\n<div style=\"text-align: justify;\"><a name='more'><\/a><\/div>\n<div style=\"text-align: justify;\">Parlar del que ha significat en Jordi per a l\u2019institut es fa tan dif\u00edcil perqu\u00e8 no es pot explicar amb pocs mots. Mentre escric m\u2019imagino el que diria si ens vei\u00e9s a tots reunits  aqu\u00ed&#8230;\u201dQu\u00e8 fan, qu\u00e8 passa?\u201d I se n\u2019aniria sense esperar la resposta perqu\u00e8 mai no se li acudiria pensar que hem vingut per ell&#8230;<\/div>\n<div style=\"text-align: justify;\"><\/div>\n<div style=\"text-align: justify;\">En Jordi no volia mai que se li don\u00e9s les gr\u00e0cies per a res del que feia, \u201cAh! aix\u00f2&#8230;\u201d i ens oblidava tot seguit per tornar al seu m\u00f3n a la cerca d\u2019imatges, colors i formes o paraules que ja estava rumiant que hauria de tenir el seu pr\u00f2xim projecte&#8230;<\/div>\n<div style=\"text-align: justify;\"><\/div>\n<div style=\"text-align: justify;\">En Jordi ens amenitzava les festes amb m\u00fasica, v\u00eddeo i televisi\u00f3, per\u00f2 el millor de tot va ser el seu mestratge: aquella colla d\u2019alumnes que el seguien a tot arreu perqu\u00e8 els deix\u00e9s manipular els aparells de la r\u00e0dio&#8230; per\u00f2 l\u2019engranatge que millor dominava era l\u2019hum\u00e0, perqu\u00e8 lligava els que tenia al seu entorn amb la m\u00e0gia de l\u2019encantador de feres.&nbsp;<\/div>\n<div style=\"text-align: justify;\"><\/div>\n<div style=\"text-align: justify;\">En una festa de final de curs li vam voler donar les gr\u00e0cies p\u00fablicament, per tot, i no en volia ni sentir a parlar&#8230;&nbsp;<\/div>\n<div style=\"text-align: justify;\"><\/div>\n<div style=\"text-align: justify;\">Per part meva i en nom de tots els professors i professores, personal de l\u2019administraci\u00f3 i serveis, pares, mares i alumnes de l\u2019institut que ara represento ho vull dir davant vostre perqu\u00e8 darrere un senzill gest de gratitud el que volem \u00e9s parlar de la profunda estima que tenim per en Jordi.&nbsp;<\/div>\n<div style=\"text-align: justify;\"><\/div>\n<div style=\"text-align: justify;\">Gr\u00e0cies del teu mestratge, Jordi, gr\u00e0cies per ser tan gener\u00f3s, humil i, alhora, gran i bo.<\/div>\n<div style=\"text-align: right;\">\n<div style=\"text-align: right;\"><i><i>Roser Sidera,&nbsp;<\/i><\/i><i style=\"text-align: right;\"><i>Directora de l\u2019institut Rafael Campalans<\/i><\/i><\/div>\n<\/div>\n<p><i><\/i><\/p>\n","protected":false},"excerpt":{"rendered":"<p>Per a tu, Jordi, amic, que ens has deixat&#8230; Jordi, amic, professor, company, mestre&#8230; com ens costa trobar les paraules per explicar la pena que sentim que ens hagi deixat tan d\u2019hora&#8230; En Jordi ha estat un company silenci\u00f3s i discret com les seves llargues passes, gener\u00f3s i alhora divertit i genial enmig del desordre [&hellip;]<\/p>\n","protected":false},"author":1,"featured_media":0,"comment_status":"closed","ping_status":"closed","sticky":false,"template":"","format":"standard","meta":{"_bbp_topic_count":0,"_bbp_reply_count":0,"_bbp_total_topic_count":0,"_bbp_total_reply_count":0,"_bbp_voice_count":0,"_bbp_anonymous_reply_count":0,"_bbp_topic_count_hidden":0,"_bbp_reply_count_hidden":0,"_bbp_forum_subforum_count":0,"site-sidebar-layout":"default","site-content-layout":"","ast-site-content-layout":"","site-content-style":"default","site-sidebar-style":"default","ast-global-header-display":"","ast-banner-title-visibility":"","ast-main-header-display":"","ast-hfb-above-header-display":"","ast-hfb-below-header-display":"","ast-hfb-mobile-header-display":"","site-post-title":"","ast-breadcrumbs-content":"","ast-featured-img":"","footer-sml-layout":"","theme-transparent-header-meta":"","adv-header-id-meta":"","stick-header-meta":"","header-above-stick-meta":"","header-main-stick-meta":"","header-below-stick-meta":"","astra-migrate-meta-layouts":"default","ast-page-background-enabled":"default","ast-page-background-meta":{"desktop":{"background-color":"var(--ast-global-color-4)","background-image":"","background-repeat":"repeat","background-position":"center center","background-size":"auto","background-attachment":"scroll","background-type":"","background-media":"","overlay-type":"","overlay-color":"","overlay-opacity":"","overlay-gradient":""},"tablet":{"background-color":"","background-image":"","background-repeat":"repeat","background-position":"center center","background-size":"auto","background-attachment":"scroll","background-type":"","background-media":"","overlay-type":"","overlay-color":"","overlay-opacity":"","overlay-gradient":""},"mobile":{"background-color":"","background-image":"","background-repeat":"repeat","background-position":"center center","background-size":"auto","background-attachment":"scroll","background-type":"","background-media":"","overlay-type":"","overlay-color":"","overlay-opacity":"","overlay-gradient":""}},"ast-content-background-meta":{"desktop":{"background-color":"var(--ast-global-color-5)","background-image":"","background-repeat":"repeat","background-position":"center center","background-size":"auto","background-attachment":"scroll","background-type":"","background-media":"","overlay-type":"","overlay-color":"","overlay-opacity":"","overlay-gradient":""},"tablet":{"background-color":"var(--ast-global-color-5)","background-image":"","background-repeat":"repeat","background-position":"center center","background-size":"auto","background-attachment":"scroll","background-type":"","background-media":"","overlay-type":"","overlay-color":"","overlay-opacity":"","overlay-gradient":""},"mobile":{"background-color":"var(--ast-global-color-5)","background-image":"","background-repeat":"repeat","background-position":"center center","background-size":"auto","background-attachment":"scroll","background-type":"","background-media":"","overlay-type":"","overlay-color":"","overlay-opacity":"","overlay-gradient":""}},"footnotes":""},"categories":[1,29],"tags":[],"class_list":["post-993","post","type-post","status-publish","format-standard","hentry","category-general","category-portada"],"post_mailing_queue_ids":[],"_links":{"self":[{"href":"https:\/\/agora.xtec.cat\/iesrafaelcampalans\/wp-json\/wp\/v2\/posts\/993","targetHints":{"allow":["GET"]}}],"collection":[{"href":"https:\/\/agora.xtec.cat\/iesrafaelcampalans\/wp-json\/wp\/v2\/posts"}],"about":[{"href":"https:\/\/agora.xtec.cat\/iesrafaelcampalans\/wp-json\/wp\/v2\/types\/post"}],"author":[{"embeddable":true,"href":"https:\/\/agora.xtec.cat\/iesrafaelcampalans\/wp-json\/wp\/v2\/users\/1"}],"replies":[{"embeddable":true,"href":"https:\/\/agora.xtec.cat\/iesrafaelcampalans\/wp-json\/wp\/v2\/comments?post=993"}],"version-history":[{"count":1,"href":"https:\/\/agora.xtec.cat\/iesrafaelcampalans\/wp-json\/wp\/v2\/posts\/993\/revisions"}],"predecessor-version":[{"id":1695,"href":"https:\/\/agora.xtec.cat\/iesrafaelcampalans\/wp-json\/wp\/v2\/posts\/993\/revisions\/1695"}],"wp:attachment":[{"href":"https:\/\/agora.xtec.cat\/iesrafaelcampalans\/wp-json\/wp\/v2\/media?parent=993"}],"wp:term":[{"taxonomy":"category","embeddable":true,"href":"https:\/\/agora.xtec.cat\/iesrafaelcampalans\/wp-json\/wp\/v2\/categories?post=993"},{"taxonomy":"post_tag","embeddable":true,"href":"https:\/\/agora.xtec.cat\/iesrafaelcampalans\/wp-json\/wp\/v2\/tags?post=993"}],"curies":[{"name":"wp","href":"https:\/\/api.w.org\/{rel}","templated":true}]}}