{"id":983,"date":"2016-01-20T11:49:00","date_gmt":"2016-01-20T10:49:00","guid":{"rendered":"http:\/\/agora.xtec.cat\/iesrafaelcampalans\/general\/entrevista-a-un-membre-de-tribunal-de-tr\/"},"modified":"2017-09-25T23:42:56","modified_gmt":"2017-09-25T21:42:56","slug":"entrevista-a-un-membre-de-tribunal-de-tr","status":"publish","type":"post","link":"https:\/\/agora.xtec.cat\/iesrafaelcampalans\/general\/entrevista-a-un-membre-de-tribunal-de-tr\/","title":{"rendered":"Entrevista a un membre de tribunal de TR"},"content":{"rendered":"<div style=\"text-align: center;\"><a href=\"http:\/\/2.bp.blogspot.com\/-yJTOqk76WOc\/Vp9WcJ0zQOI\/AAAAAAAABZQ\/2BE-BObKZUo\/s1600\/Anna%2BTorrent%2B015.jpg\" style=\"clear: right; float: right; margin-bottom: 1em; margin-left: 1em;\"><img loading=\"lazy\" decoding=\"async\" border=\"0\" height=\"320\" src=\"http:\/\/2.bp.blogspot.com\/-yJTOqk76WOc\/Vp9WcJ0zQOI\/AAAAAAAABZQ\/2BE-BObKZUo\/s320\/Anna%2BTorrent%2B015.jpg\" width=\"240\" \/><\/a><\/div>\n<div style=\"text-align: justify;\"><b><span style=\"font-size: 12pt; line-height: 18.4px;\"><span style=\"font-family: &quot;arial&quot; , &quot;helvetica&quot; , sans-serif;\">Entrevistem a Anna Torrent<\/span><\/span><\/b><\/div>\n<div style=\"text-align: justify;\"><b><span style=\"font-size: 12pt; line-height: 18.4px;\"><span style=\"font-family: &quot;arial&quot; , &quot;helvetica&quot; , sans-serif;\"><br \/><\/span><\/span><\/b><\/div>\n<div style=\"text-align: justify;\"><span style=\"font-size: 12pt; line-height: 115%;\"><span style=\"font-family: &quot;arial&quot; , &quot;helvetica&quot; , sans-serif;\">L\u2019Anna Torrent, professora de llengua anglesa de l\u2019institut, enguany s\u2019ha estrenat com a membre del tribunal del treball de recerca de Batxillerat. Li demanem que ens doni la seva opini\u00f3 sobre els TR de batxillerat.<o:p><\/o:p><\/span><\/span><\/div>\n<div style=\"text-align: justify;\"><span style=\"font-size: 12pt; line-height: 115%;\"><span style=\"font-family: &quot;arial&quot; , &quot;helvetica&quot; , sans-serif;\"><br \/><\/span><\/span><\/div>\n<div style=\"text-align: justify;\"><b><i><span style=\"font-size: 12pt; line-height: 115%;\"><span style=\"font-family: &quot;arial&quot; , &quot;helvetica&quot; , sans-serif;\">Com has viscut l\u2019experi\u00e8ncia de ser tribunal, ens en podries fer cinc c\u00e8ntims?<o:p><\/o:p><\/span><\/span><\/i><\/b><\/div>\n<div style=\"text-align: justify;\"><span style=\"font-size: 12pt; line-height: 115%;\"><span style=\"font-family: &quot;arial&quot; , &quot;helvetica&quot; , sans-serif;\">Amb cert nervis propis de la novetat, per\u00f2 tamb\u00e9 amb responsabilitat. Cada membre del tribunal ha d\u2019haver mirat b\u00e9 els treballs dels alumnes, con\u00e8ixer el que s\u2019hi ha fet i com s\u2019ha realitzat, en definitiva el que hi ha al darrere de cadascun.<o:p><\/o:p><\/span><\/span><\/div>\n<div style=\"text-align: justify;\"><span style=\"font-size: 12pt; line-height: 115%;\"><span style=\"font-family: &quot;arial&quot; , &quot;helvetica&quot; , sans-serif;\"><br \/><\/span><\/span><\/div>\n<div style=\"text-align: justify;\"><b><i><span style=\"font-size: 12pt; line-height: 115%;\"><span style=\"font-family: &quot;arial&quot; , &quot;helvetica&quot; , sans-serif;\">Alguna altra vegada havies estat membre d\u2019un tribunal de TR?<o:p><\/o:p><\/span><\/span><\/i><\/b><\/div>\n<div style=\"text-align: justify;\"><span style=\"font-size: 12pt; line-height: 115%;\"><span style=\"font-family: &quot;arial&quot; , &quot;helvetica&quot; , sans-serif;\">Jo tenia l\u2019experi\u00e8ncia d\u2019haver estat tribunal en algun altre centre, tot i que era diferent. La posada en escena del dia de les presentacions era m\u00e9s d\u2019estar per casa. Aqu\u00ed a Angl\u00e8s se segueix tot un protocol de preparaci\u00f3 de les exposicions, i els alumnes reben tota l\u2019orientaci\u00f3 per part dels tutors.<o:p><\/o:p><\/span><\/span><\/div>\n<div style=\"text-align: justify;\"><span style=\"font-size: 12pt; line-height: 115%;\"><span style=\"font-family: &quot;arial&quot; , &quot;helvetica&quot; , sans-serif;\">Estic conven\u00e7uda que aquesta preparaci\u00f3 \u00e9s una mostra del respecte que des del centre es t\u00e9 per tota la gran feina que ha fet l\u2019alumnat. Tenir cura dels detalls i preparar l\u2019escenari on l\u2019alumne haur\u00e0 de fer l\u2019exposici\u00f3 es fa perqu\u00e8 el centre creu que els treballs fets pels alumnes s\u2019ho mereixen.<o:p><\/o:p><\/span><\/span><\/div>\n<div style=\"text-align: justify;\"><span style=\"font-size: 12pt; line-height: 115%;\"><span style=\"font-family: &quot;arial&quot; , &quot;helvetica&quot; , sans-serif;\"><br \/><\/span><\/span><\/div>\n<div style=\"text-align: justify;\"><b><i><span style=\"font-size: 12pt; line-height: 115%;\"><span style=\"font-family: &quot;arial&quot; , &quot;helvetica&quot; , sans-serif;\">Ens podries explicar alguna cosa que t\u2019hagi sorpr\u00e8s?<o:p><\/o:p><\/span><\/span><\/i><\/b><\/div>\n<div style=\"text-align: justify;\"><span style=\"font-size: 12pt; line-height: 115%;\"><span style=\"font-family: &quot;arial&quot; , &quot;helvetica&quot; , sans-serif;\">Sobretot l\u2019organitzaci\u00f3. El temps que l\u2019alumne t\u00e9 per fer la seva exposici\u00f3 \u00e9s suficient perqu\u00e8 pugui explicar qu\u00e8 ha fet en el treball, les dificultats amb qu\u00e8 s\u2019ha trobat o all\u00f2 m\u00e9s fonamental que ha apr\u00e8s.<o:p><\/o:p><\/span><\/span><\/div>\n<div style=\"text-align: justify;\"><span style=\"font-size: 12pt; line-height: 115%;\"><span style=\"font-family: &quot;arial&quot; , &quot;helvetica&quot; , sans-serif;\">M\u2019ha agradat veure que for\u00e7a fam\u00edlies s\u2019impliquen molt en la feina dels fills i que tamb\u00e9 han estat presents en les presentacions. \u00c9s una cosa que m\u2019ha sorpr\u00e8s gratament, ja que l\u2019acompanyament \u00e9s molt important.<o:p><\/o:p><\/span><\/span><\/div>\n<div style=\"text-align: justify;\"><span style=\"font-size: 12pt; line-height: 115%;\"><span style=\"font-family: &quot;arial&quot; , &quot;helvetica&quot; , sans-serif;\"><br \/><\/span><\/span><\/div>\n<div style=\"text-align: justify;\"><b><i><span style=\"font-size: 12pt; line-height: 115%;\"><span style=\"font-family: &quot;arial&quot; , &quot;helvetica&quot; , sans-serif;\">Qu\u00e8 et sembla que des del centre tamb\u00e9 es convidi les autoritats municipals i directors d\u2019escoles, a m\u00e9s de les fam\u00edlies?<o:p><\/o:p><\/span><\/span><\/i><\/b><\/div>\n<div style=\"text-align: justify;\"><span style=\"font-size: 12pt; line-height: 115%;\"><span style=\"font-family: &quot;arial&quot; , &quot;helvetica&quot; , sans-serif;\">Trobo que la seva pres\u00e8ncia \u00e9s molt important, i \u00e9s una mostra de respecte a les activitats i a la feina que es fa al centre, ja que moltes vegades queda circumscrita en l\u2019\u00e0mbit intern i no es coneix prou. Que hagin assistit a les presentacions l\u2019alcalde de la Cellera o l\u2019alcadessa d\u2019Angl\u00e8s, i el director de l\u2019escola Pompeu Fabra \u00e9s una expressi\u00f3 de les bones relacions que t\u00e9 l\u2019institut amb el m\u00f3n local.<o:p><\/o:p><\/span><\/span><\/div>\n<div style=\"text-align: justify;\"><span style=\"font-size: 12pt; line-height: 115%;\"><span style=\"font-family: &quot;arial&quot; , &quot;helvetica&quot; , sans-serif;\"><br \/><\/span><\/span><\/div>\n<div style=\"text-align: justify;\"><b><i><span style=\"font-size: 12pt; line-height: 115%;\"><span style=\"font-family: &quot;arial&quot; , &quot;helvetica&quot; , sans-serif;\">Alguna cosa es podria millorar?<o:p><\/o:p><\/span><\/span><\/i><\/b><\/div>\n<div style=\"text-align: justify;\"><span style=\"font-family: &quot;arial&quot; , &quot;helvetica&quot; , sans-serif;\"><span style=\"font-size: 12pt; line-height: 115%;\">A veure, l\u2019institut prepara les presentacions amb gran dignitat per\u00f2 cal dir que el centre t\u00e9 una infraestructura limitada, tot i aix\u00ed queda molt b\u00e9 i \u00e9s ben correcte. Si em demanes per millorar alguna cosa, podria dir la il.luminaci\u00f3 de la biblioteca, ja que sobretot cap a \u00faltima hora la sala va anar quedant una mica fosca. I posats a demanar per qu\u00e8 no un institut nou?<\/span><span style=\"text-align: center;\">&nbsp;<\/span><\/span><\/div>\n<div style=\"clear: both; text-align: center;\"><a href=\"http:\/\/3.bp.blogspot.com\/-sdIoYoMsFuA\/Vp9WeqaKhLI\/AAAAAAAABZY\/JzDILDGRlxY\/s1600\/Anna%2BTorrent%2B020.jpg\" style=\"margin-left: 1em; margin-right: 1em;\"><span style=\"font-family: &quot;arial&quot; , &quot;helvetica&quot; , sans-serif;\"><img loading=\"lazy\" decoding=\"async\" border=\"0\" height=\"320\" src=\"http:\/\/3.bp.blogspot.com\/-sdIoYoMsFuA\/Vp9WeqaKhLI\/AAAAAAAABZY\/JzDILDGRlxY\/s320\/Anna%2BTorrent%2B020.jpg\" width=\"240\" \/><\/span><\/a><\/div>\n<div style=\"text-align: justify;\"><span style=\"font-size: 12pt; line-height: 115%;\"><span style=\"font-family: &quot;arial&quot; , &quot;helvetica&quot; , sans-serif;\"><br \/><\/span><\/span><\/div>\n<div style=\"text-align: justify;\"><span style=\"font-size: 12pt; line-height: 115%;\"><span style=\"font-family: &quot;arial&quot; , &quot;helvetica&quot; , sans-serif;\">Moltes gr\u00e0cies de les teves paraules i comentaris, Anna.<o:p><\/o:p><\/span><\/span><\/div>\n<p><\/p>\n<div align=\"right\" style=\"text-align: right;\"><i><span style=\"font-size: 12pt; line-height: 115%;\"><span style=\"font-family: &quot;arial&quot; , &quot;helvetica&quot; , sans-serif;\">\u201cFalc\u00f3 de not\u00edcies\u201d<\/span><span style=\"font-family: &quot;times new roman&quot; , serif;\"><o:p><\/o:p><\/span><\/span><\/i><\/div>\n","protected":false},"excerpt":{"rendered":"<p>Entrevistem a Anna Torrent L\u2019Anna Torrent, professora de llengua anglesa de l\u2019institut, enguany s\u2019ha estrenat com a membre del tribunal del treball de recerca de Batxillerat. Li demanem que ens doni la seva opini\u00f3 sobre els TR de batxillerat. Com has viscut l\u2019experi\u00e8ncia de ser tribunal, ens en podries fer cinc c\u00e8ntims? Amb cert nervis [&hellip;]<\/p>\n","protected":false},"author":1,"featured_media":0,"comment_status":"closed","ping_status":"closed","sticky":false,"template":"","format":"standard","meta":{"_bbp_topic_count":0,"_bbp_reply_count":0,"_bbp_total_topic_count":0,"_bbp_total_reply_count":0,"_bbp_voice_count":0,"_bbp_anonymous_reply_count":0,"_bbp_topic_count_hidden":0,"_bbp_reply_count_hidden":0,"_bbp_forum_subforum_count":0,"site-sidebar-layout":"default","site-content-layout":"","ast-site-content-layout":"","site-content-style":"default","site-sidebar-style":"default","ast-global-header-display":"","ast-banner-title-visibility":"","ast-main-header-display":"","ast-hfb-above-header-display":"","ast-hfb-below-header-display":"","ast-hfb-mobile-header-display":"","site-post-title":"","ast-breadcrumbs-content":"","ast-featured-img":"","footer-sml-layout":"","theme-transparent-header-meta":"","adv-header-id-meta":"","stick-header-meta":"","header-above-stick-meta":"","header-main-stick-meta":"","header-below-stick-meta":"","astra-migrate-meta-layouts":"default","ast-page-background-enabled":"default","ast-page-background-meta":{"desktop":{"background-color":"var(--ast-global-color-4)","background-image":"","background-repeat":"repeat","background-position":"center center","background-size":"auto","background-attachment":"scroll","background-type":"","background-media":"","overlay-type":"","overlay-color":"","overlay-opacity":"","overlay-gradient":""},"tablet":{"background-color":"","background-image":"","background-repeat":"repeat","background-position":"center center","background-size":"auto","background-attachment":"scroll","background-type":"","background-media":"","overlay-type":"","overlay-color":"","overlay-opacity":"","overlay-gradient":""},"mobile":{"background-color":"","background-image":"","background-repeat":"repeat","background-position":"center center","background-size":"auto","background-attachment":"scroll","background-type":"","background-media":"","overlay-type":"","overlay-color":"","overlay-opacity":"","overlay-gradient":""}},"ast-content-background-meta":{"desktop":{"background-color":"var(--ast-global-color-5)","background-image":"","background-repeat":"repeat","background-position":"center center","background-size":"auto","background-attachment":"scroll","background-type":"","background-media":"","overlay-type":"","overlay-color":"","overlay-opacity":"","overlay-gradient":""},"tablet":{"background-color":"var(--ast-global-color-5)","background-image":"","background-repeat":"repeat","background-position":"center center","background-size":"auto","background-attachment":"scroll","background-type":"","background-media":"","overlay-type":"","overlay-color":"","overlay-opacity":"","overlay-gradient":""},"mobile":{"background-color":"var(--ast-global-color-5)","background-image":"","background-repeat":"repeat","background-position":"center center","background-size":"auto","background-attachment":"scroll","background-type":"","background-media":"","overlay-type":"","overlay-color":"","overlay-opacity":"","overlay-gradient":""}},"footnotes":""},"categories":[1,29],"tags":[],"class_list":["post-983","post","type-post","status-publish","format-standard","hentry","category-general","category-portada"],"post_mailing_queue_ids":[],"_links":{"self":[{"href":"https:\/\/agora.xtec.cat\/iesrafaelcampalans\/wp-json\/wp\/v2\/posts\/983","targetHints":{"allow":["GET"]}}],"collection":[{"href":"https:\/\/agora.xtec.cat\/iesrafaelcampalans\/wp-json\/wp\/v2\/posts"}],"about":[{"href":"https:\/\/agora.xtec.cat\/iesrafaelcampalans\/wp-json\/wp\/v2\/types\/post"}],"author":[{"embeddable":true,"href":"https:\/\/agora.xtec.cat\/iesrafaelcampalans\/wp-json\/wp\/v2\/users\/1"}],"replies":[{"embeddable":true,"href":"https:\/\/agora.xtec.cat\/iesrafaelcampalans\/wp-json\/wp\/v2\/comments?post=983"}],"version-history":[{"count":1,"href":"https:\/\/agora.xtec.cat\/iesrafaelcampalans\/wp-json\/wp\/v2\/posts\/983\/revisions"}],"predecessor-version":[{"id":1686,"href":"https:\/\/agora.xtec.cat\/iesrafaelcampalans\/wp-json\/wp\/v2\/posts\/983\/revisions\/1686"}],"wp:attachment":[{"href":"https:\/\/agora.xtec.cat\/iesrafaelcampalans\/wp-json\/wp\/v2\/media?parent=983"}],"wp:term":[{"taxonomy":"category","embeddable":true,"href":"https:\/\/agora.xtec.cat\/iesrafaelcampalans\/wp-json\/wp\/v2\/categories?post=983"},{"taxonomy":"post_tag","embeddable":true,"href":"https:\/\/agora.xtec.cat\/iesrafaelcampalans\/wp-json\/wp\/v2\/tags?post=983"}],"curies":[{"name":"wp","href":"https:\/\/api.w.org\/{rel}","templated":true}]}}