{"id":971,"date":"2016-02-04T10:55:00","date_gmt":"2016-02-04T09:55:00","guid":{"rendered":"http:\/\/agora.xtec.cat\/iesrafaelcampalans\/general\/la-paraula-porta-es-femenina\/"},"modified":"2017-09-25T23:42:04","modified_gmt":"2017-09-25T21:42:04","slug":"la-paraula-porta-es-femenina","status":"publish","type":"post","link":"https:\/\/agora.xtec.cat\/iesrafaelcampalans\/general\/la-paraula-porta-es-femenina\/","title":{"rendered":"La paraula porta \u00e9s femenina!"},"content":{"rendered":"<div style=\"color: #444444; font-family: Georgia, 'Bitstream Charter', serif; font-size: 16px; line-height: 1.5; margin-bottom: 24px;\"><a data-mce-href=\"http:\/\/blocs.xtec.cat\/mesde8\/files\/2016\/02\/porta.jpg\" href=\"http:\/\/blocs.xtec.cat\/mesde8\/files\/2016\/02\/porta.jpg\" style=\"color: #743399; line-height: 1.5;\"><img loading=\"lazy\" decoding=\"async\" alt=\"porta\" class=\"aligncenter  wp-image-1264\" data-mce-src=\"http:\/\/blocs.xtec.cat\/mesde8\/files\/2016\/02\/porta-1024x760.jpg\" height=\"254\" src=\"http:\/\/blocs.xtec.cat\/mesde8\/files\/2016\/02\/porta-1024x760.jpg\" style=\"clear: both; color: #444444; display: block; line-height: 1.5; margin: 0px auto 12px;\" width=\"343\" \/><\/a><\/div>\n<div data-mce-style=\"text-align: justify;\" style=\"color: #444444; font-family: Georgia, 'Bitstream Charter', serif; font-size: 16px; line-height: 1.5; margin-bottom: 24px; text-align: justify;\">La paraula porta \u00e9s femenina<strong style=\"color: black; line-height: 1.5;\">, altra<\/strong>&nbsp;ha d\u2019acabar amb la lletra a ja que les dues paraules concorden. Per tant el cartell hauria de posar: \u201cper l\u2019altr<strong style=\"color: black; line-height: 1.5;\">a<\/strong>&nbsp;port<strong style=\"color: black; line-height: 1.5;\">a<\/strong>\u201d.<br style=\"line-height: 1.5;\" \/>Aquest \u00e9s un error molt t\u00edpic que segurament heu vist moltes vegades en alguns comer\u00e7os. Cal anar amb compte!<\/div>\n<div data-mce-style=\"text-align: right;\" style=\"color: #444444; font-family: Georgia, 'Bitstream Charter', serif; font-size: 16px; line-height: 1.5; margin-bottom: 24px; text-align: right;\"><em style=\"border: none; line-height: 1.5;\">Laura Vila 4t<\/em><\/div>\n","protected":false},"excerpt":{"rendered":"<p>La paraula porta \u00e9s femenina, altra&nbsp;ha d\u2019acabar amb la lletra a ja que les dues paraules concorden. Per tant el cartell hauria de posar: \u201cper l\u2019altra&nbsp;porta\u201d.Aquest \u00e9s un error molt t\u00edpic que segurament heu vist moltes vegades en alguns comer\u00e7os. Cal anar amb compte! Laura Vila 4t<\/p>\n","protected":false},"author":1,"featured_media":0,"comment_status":"closed","ping_status":"closed","sticky":false,"template":"","format":"standard","meta":{"_bbp_topic_count":0,"_bbp_reply_count":0,"_bbp_total_topic_count":0,"_bbp_total_reply_count":0,"_bbp_voice_count":0,"_bbp_anonymous_reply_count":0,"_bbp_topic_count_hidden":0,"_bbp_reply_count_hidden":0,"_bbp_forum_subforum_count":0,"site-sidebar-layout":"default","site-content-layout":"","ast-site-content-layout":"","site-content-style":"default","site-sidebar-style":"default","ast-global-header-display":"","ast-banner-title-visibility":"","ast-main-header-display":"","ast-hfb-above-header-display":"","ast-hfb-below-header-display":"","ast-hfb-mobile-header-display":"","site-post-title":"","ast-breadcrumbs-content":"","ast-featured-img":"","footer-sml-layout":"","theme-transparent-header-meta":"","adv-header-id-meta":"","stick-header-meta":"","header-above-stick-meta":"","header-main-stick-meta":"","header-below-stick-meta":"","astra-migrate-meta-layouts":"default","ast-page-background-enabled":"default","ast-page-background-meta":{"desktop":{"background-color":"var(--ast-global-color-4)","background-image":"","background-repeat":"repeat","background-position":"center center","background-size":"auto","background-attachment":"scroll","background-type":"","background-media":"","overlay-type":"","overlay-color":"","overlay-opacity":"","overlay-gradient":""},"tablet":{"background-color":"","background-image":"","background-repeat":"repeat","background-position":"center center","background-size":"auto","background-attachment":"scroll","background-type":"","background-media":"","overlay-type":"","overlay-color":"","overlay-opacity":"","overlay-gradient":""},"mobile":{"background-color":"","background-image":"","background-repeat":"repeat","background-position":"center center","background-size":"auto","background-attachment":"scroll","background-type":"","background-media":"","overlay-type":"","overlay-color":"","overlay-opacity":"","overlay-gradient":""}},"ast-content-background-meta":{"desktop":{"background-color":"var(--ast-global-color-5)","background-image":"","background-repeat":"repeat","background-position":"center center","background-size":"auto","background-attachment":"scroll","background-type":"","background-media":"","overlay-type":"","overlay-color":"","overlay-opacity":"","overlay-gradient":""},"tablet":{"background-color":"var(--ast-global-color-5)","background-image":"","background-repeat":"repeat","background-position":"center center","background-size":"auto","background-attachment":"scroll","background-type":"","background-media":"","overlay-type":"","overlay-color":"","overlay-opacity":"","overlay-gradient":""},"mobile":{"background-color":"var(--ast-global-color-5)","background-image":"","background-repeat":"repeat","background-position":"center center","background-size":"auto","background-attachment":"scroll","background-type":"","background-media":"","overlay-type":"","overlay-color":"","overlay-opacity":"","overlay-gradient":""}},"footnotes":""},"categories":[1,29],"tags":[],"class_list":["post-971","post","type-post","status-publish","format-standard","hentry","category-general","category-portada"],"post_mailing_queue_ids":[],"_links":{"self":[{"href":"https:\/\/agora.xtec.cat\/iesrafaelcampalans\/wp-json\/wp\/v2\/posts\/971","targetHints":{"allow":["GET"]}}],"collection":[{"href":"https:\/\/agora.xtec.cat\/iesrafaelcampalans\/wp-json\/wp\/v2\/posts"}],"about":[{"href":"https:\/\/agora.xtec.cat\/iesrafaelcampalans\/wp-json\/wp\/v2\/types\/post"}],"author":[{"embeddable":true,"href":"https:\/\/agora.xtec.cat\/iesrafaelcampalans\/wp-json\/wp\/v2\/users\/1"}],"replies":[{"embeddable":true,"href":"https:\/\/agora.xtec.cat\/iesrafaelcampalans\/wp-json\/wp\/v2\/comments?post=971"}],"version-history":[{"count":1,"href":"https:\/\/agora.xtec.cat\/iesrafaelcampalans\/wp-json\/wp\/v2\/posts\/971\/revisions"}],"predecessor-version":[{"id":1675,"href":"https:\/\/agora.xtec.cat\/iesrafaelcampalans\/wp-json\/wp\/v2\/posts\/971\/revisions\/1675"}],"wp:attachment":[{"href":"https:\/\/agora.xtec.cat\/iesrafaelcampalans\/wp-json\/wp\/v2\/media?parent=971"}],"wp:term":[{"taxonomy":"category","embeddable":true,"href":"https:\/\/agora.xtec.cat\/iesrafaelcampalans\/wp-json\/wp\/v2\/categories?post=971"},{"taxonomy":"post_tag","embeddable":true,"href":"https:\/\/agora.xtec.cat\/iesrafaelcampalans\/wp-json\/wp\/v2\/tags?post=971"}],"curies":[{"name":"wp","href":"https:\/\/api.w.org\/{rel}","templated":true}]}}