{"id":956,"date":"2016-02-22T15:29:00","date_gmt":"2016-02-22T14:29:00","guid":{"rendered":"http:\/\/agora.xtec.cat\/iesrafaelcampalans\/general\/nomes-cal-escriure-be-larrel-de-la-paraula\/"},"modified":"2017-09-25T23:34:55","modified_gmt":"2017-09-25T21:34:55","slug":"nomes-cal-escriure-be-larrel-de-la-paraula","status":"publish","type":"post","link":"https:\/\/agora.xtec.cat\/iesrafaelcampalans\/general\/nomes-cal-escriure-be-larrel-de-la-paraula\/","title":{"rendered":"Nom\u00e9s cal escriure b\u00e9 l&#8217;arrel de la paraula??"},"content":{"rendered":"<div data-mce-style=\"text-align: justify;\" style=\"color: #444444; font-family: Georgia, 'Bitstream Charter', serif; font-size: 16px; line-height: 1.5; margin-bottom: 24px; text-align: justify;\">El mes passat vaig estar un cap de setmana a Calonge i en un establiment local m&#8217;hi vaig trobar escrit &#8220;Carniciria&#8221;. Vaig poder entendre que es tractava d&#8217;un lloc on venien carn per l&#8217;arrel del mot, per\u00f2 la resta de lletres no semblaven gaire&nbsp;encertades. En lloc del d\u00edgraf &#8220;ss&#8221;, havien escollit una altra grafia que tamb\u00e9 serveix pel so d&#8217;essa sorda, la &#8220;c&#8221;.<\/div>\n<div data-mce-style=\"text-align: justify;\" style=\"color: #444444; font-family: Georgia, 'Bitstream Charter', serif; font-size: 16px; line-height: 1.5; margin-bottom: 24px; text-align: justify;\"><a data-mce-href=\"http:\/\/blocs.xtec.cat\/mesde8\/files\/2016\/02\/berta.jpg\" href=\"http:\/\/blocs.xtec.cat\/mesde8\/files\/2016\/02\/berta.jpg\" style=\"color: #743399; line-height: 1.5;\"><img loading=\"lazy\" decoding=\"async\" alt=\"berta\" class=\"aligncenter  wp-image-1296\" data-mce-src=\"http:\/\/blocs.xtec.cat\/mesde8\/files\/2016\/02\/berta.jpg\" height=\"294\" src=\"http:\/\/blocs.xtec.cat\/mesde8\/files\/2016\/02\/berta.jpg\" style=\"clear: both; color: #444444; display: block; line-height: 1.5; margin: 0px auto 12px;\" width=\"392\" \/><\/a>El que no vaig trobar l\u00f2gic \u00e9s per qu\u00e8 en comptes d&#8217;una &#8220;e&#8221; despr\u00e9s de l&#8217;essa sorda hi van escriure una &#8220;i&#8221;. Hi trobeu cap resposta, vosaltres?<\/div>\n<div data-mce-style=\"text-align: right;\" style=\"color: #444444; font-family: Georgia, 'Bitstream Charter', serif; font-size: 16px; line-height: 1.5; margin-bottom: 24px; text-align: right;\"><em style=\"border: none; line-height: 1.5;\">Berta Coll, 3r ESO<\/em><\/div>\n","protected":false},"excerpt":{"rendered":"<p>El mes passat vaig estar un cap de setmana a Calonge i en un establiment local m&#8217;hi vaig trobar escrit &#8220;Carniciria&#8221;. Vaig poder entendre que es tractava d&#8217;un lloc on venien carn per l&#8217;arrel del mot, per\u00f2 la resta de lletres no semblaven gaire&nbsp;encertades. En lloc del d\u00edgraf &#8220;ss&#8221;, havien escollit una altra grafia que [&hellip;]<\/p>\n","protected":false},"author":1,"featured_media":0,"comment_status":"closed","ping_status":"closed","sticky":false,"template":"","format":"standard","meta":{"_bbp_topic_count":0,"_bbp_reply_count":0,"_bbp_total_topic_count":0,"_bbp_total_reply_count":0,"_bbp_voice_count":0,"_bbp_anonymous_reply_count":0,"_bbp_topic_count_hidden":0,"_bbp_reply_count_hidden":0,"_bbp_forum_subforum_count":0,"site-sidebar-layout":"default","site-content-layout":"","ast-site-content-layout":"","site-content-style":"default","site-sidebar-style":"default","ast-global-header-display":"","ast-banner-title-visibility":"","ast-main-header-display":"","ast-hfb-above-header-display":"","ast-hfb-below-header-display":"","ast-hfb-mobile-header-display":"","site-post-title":"","ast-breadcrumbs-content":"","ast-featured-img":"","footer-sml-layout":"","theme-transparent-header-meta":"","adv-header-id-meta":"","stick-header-meta":"","header-above-stick-meta":"","header-main-stick-meta":"","header-below-stick-meta":"","astra-migrate-meta-layouts":"default","ast-page-background-enabled":"default","ast-page-background-meta":{"desktop":{"background-color":"var(--ast-global-color-4)","background-image":"","background-repeat":"repeat","background-position":"center center","background-size":"auto","background-attachment":"scroll","background-type":"","background-media":"","overlay-type":"","overlay-color":"","overlay-opacity":"","overlay-gradient":""},"tablet":{"background-color":"","background-image":"","background-repeat":"repeat","background-position":"center center","background-size":"auto","background-attachment":"scroll","background-type":"","background-media":"","overlay-type":"","overlay-color":"","overlay-opacity":"","overlay-gradient":""},"mobile":{"background-color":"","background-image":"","background-repeat":"repeat","background-position":"center center","background-size":"auto","background-attachment":"scroll","background-type":"","background-media":"","overlay-type":"","overlay-color":"","overlay-opacity":"","overlay-gradient":""}},"ast-content-background-meta":{"desktop":{"background-color":"var(--ast-global-color-5)","background-image":"","background-repeat":"repeat","background-position":"center center","background-size":"auto","background-attachment":"scroll","background-type":"","background-media":"","overlay-type":"","overlay-color":"","overlay-opacity":"","overlay-gradient":""},"tablet":{"background-color":"var(--ast-global-color-5)","background-image":"","background-repeat":"repeat","background-position":"center center","background-size":"auto","background-attachment":"scroll","background-type":"","background-media":"","overlay-type":"","overlay-color":"","overlay-opacity":"","overlay-gradient":""},"mobile":{"background-color":"var(--ast-global-color-5)","background-image":"","background-repeat":"repeat","background-position":"center center","background-size":"auto","background-attachment":"scroll","background-type":"","background-media":"","overlay-type":"","overlay-color":"","overlay-opacity":"","overlay-gradient":""}},"footnotes":""},"categories":[1,29],"tags":[],"class_list":["post-956","post","type-post","status-publish","format-standard","hentry","category-general","category-portada"],"post_mailing_queue_ids":[],"_links":{"self":[{"href":"https:\/\/agora.xtec.cat\/iesrafaelcampalans\/wp-json\/wp\/v2\/posts\/956","targetHints":{"allow":["GET"]}}],"collection":[{"href":"https:\/\/agora.xtec.cat\/iesrafaelcampalans\/wp-json\/wp\/v2\/posts"}],"about":[{"href":"https:\/\/agora.xtec.cat\/iesrafaelcampalans\/wp-json\/wp\/v2\/types\/post"}],"author":[{"embeddable":true,"href":"https:\/\/agora.xtec.cat\/iesrafaelcampalans\/wp-json\/wp\/v2\/users\/1"}],"replies":[{"embeddable":true,"href":"https:\/\/agora.xtec.cat\/iesrafaelcampalans\/wp-json\/wp\/v2\/comments?post=956"}],"version-history":[{"count":1,"href":"https:\/\/agora.xtec.cat\/iesrafaelcampalans\/wp-json\/wp\/v2\/posts\/956\/revisions"}],"predecessor-version":[{"id":1626,"href":"https:\/\/agora.xtec.cat\/iesrafaelcampalans\/wp-json\/wp\/v2\/posts\/956\/revisions\/1626"}],"wp:attachment":[{"href":"https:\/\/agora.xtec.cat\/iesrafaelcampalans\/wp-json\/wp\/v2\/media?parent=956"}],"wp:term":[{"taxonomy":"category","embeddable":true,"href":"https:\/\/agora.xtec.cat\/iesrafaelcampalans\/wp-json\/wp\/v2\/categories?post=956"},{"taxonomy":"post_tag","embeddable":true,"href":"https:\/\/agora.xtec.cat\/iesrafaelcampalans\/wp-json\/wp\/v2\/tags?post=956"}],"curies":[{"name":"wp","href":"https:\/\/api.w.org\/{rel}","templated":true}]}}