{"id":936,"date":"2016-04-04T21:45:00","date_gmt":"2016-04-04T19:45:00","guid":{"rendered":"http:\/\/agora.xtec.cat\/iesrafaelcampalans\/general\/cursa-a-puigdefrou-et-quedaras-exhaust\/"},"modified":"2017-09-25T23:34:32","modified_gmt":"2017-09-25T21:34:32","slug":"cursa-a-puigdefrou-et-quedaras-exhaust","status":"publish","type":"post","link":"https:\/\/agora.xtec.cat\/iesrafaelcampalans\/general\/cursa-a-puigdefrou-et-quedaras-exhaust\/","title":{"rendered":"Cursa a Puigdefrou: et quedar\u00e0s \u201cExhaust\u201d?"},"content":{"rendered":"<div style=\"background: rgb(255, 255, 255); border: 0px; color: #333333; font-size: 16px; line-height: 24px; margin-bottom: 24px; padding: 0px; text-align: justify; vertical-align: baseline;\"><span style=\"font-family: Arial, Helvetica, sans-serif;\">Ja \u00e9s el sis\u00e8 any que la Cellera de Ter acull la cursa Puigdefrou \u201cExhaust\u201d, que en comen\u00e7ar a la Pla\u00e7a de la Vila implica molt\u00edssima gent del poble. \u201cExhaust\u201d \u00e9s una cursa, a m\u00e9s, que disposa de diverses categories i on gaireb\u00e9 tothom hi trobar\u00e0 la seva. Es realitzar\u00e0 el proper diumenge 17 d\u2019abril.<\/span><\/p>\n<div style=\"font-family: georgia, 'bitstream charter', serif;\"><img loading=\"lazy\" decoding=\"async\" alt=\"exhaust\" class=\"aligncenter  wp-image-1367\" src=\"http:\/\/blocs.xtec.cat\/mesde8\/files\/2016\/04\/exhaust-1024x768.jpg\" height=\"308\" style=\"background: transparent; border: 0px; clear: both; display: block; margin: 0px auto 12px; padding: 0px; vertical-align: baseline;\" width=\"411\" \/><\/div>\n<p><a name='more'><\/a><\/div>\n<div style=\"background: rgb(255, 255, 255); border: 0px; color: #333333; font-size: 16px; line-height: 24px; margin-bottom: 24px; padding: 0px; text-align: justify; vertical-align: baseline;\"><span style=\"font-family: Arial, Helvetica, sans-serif;\">Per als m\u00e9s atletes, hi ha la cursa, que \u00e9s un recorregut d\u2019uns 17 quil\u00f2metres per la muntanya del poble; la gent una mica esportista, per\u00f2 no tant com els primers, tindr\u00e0 la possibilitat de fer la marxa de nou 9 quil\u00f2metres, que tamb\u00e9 passa per Puigdefrou; i els nens podran fer la cursa infantil, que \u00e9s gratu\u00efta i fa una volta per alguns carrers del poble. Aquesta \u00faltima cursa tindr\u00e0 dues categories separant l\u2019edat dels nens i ser\u00e0 d\u2019un m\u00e0xim de 500 metres.<\/span><br \/><span style=\"font-family: Arial, Helvetica, sans-serif;\">La cursa comen\u00e7ar\u00e0 a les 9 del mat\u00ed, la marxa un quart d\u2019hora m\u00e9s tard i la cursa infantil ser\u00e0 a dos quarts d\u20191 del migdia.&nbsp;\u00c9s una bona experi\u00e8ncia i una oportunitat genial per passar un mat\u00ed envoltat del paisatge de la Cellera!<\/span><\/p>\n<div style=\"text-align: right;\"><em style=\"background-attachment: initial; background-clip: initial; background-color: transparent; background-image: initial; background-origin: initial; background-position: initial; background-repeat: initial; background-size: initial; border-image-outset: initial; border-image-repeat: initial; border-image-slice: initial; border-image-source: initial; border-image-width: initial; border: 0px; margin: 0px; padding: 0px; vertical-align: baseline;\"><span style=\"font-family: Arial, Helvetica, sans-serif;\">Berta Coll Bosch, 3r A 04 abril 2016<\/span><\/em><\/div>\n<\/div>\n<div style=\"background: rgb(255, 255, 255); border: 0px; color: #333333; font-size: 16px; line-height: 24px; margin-bottom: 24px; padding: 0px; text-align: justify; vertical-align: baseline;\"><em style=\"background-attachment: initial; background-clip: initial; background-color: transparent; background-image: initial; background-origin: initial; background-position: initial; background-repeat: initial; background-size: initial; border-image-outset: initial; border-image-repeat: initial; border-image-slice: initial; border-image-source: initial; border-image-width: initial; border: 0px; margin: 0px; padding: 0px; text-align: right; vertical-align: baseline;\"><span style=\"font-family: Arial, Helvetica, sans-serif;\">&nbsp; &nbsp; &nbsp; &nbsp; &nbsp; &nbsp; &nbsp; &nbsp; &nbsp; &nbsp; &nbsp; &nbsp; &nbsp; &nbsp; &nbsp; &nbsp; &nbsp; &nbsp; &nbsp; &nbsp; &nbsp; &nbsp; &nbsp; &nbsp; &nbsp; &nbsp; &nbsp; &nbsp; &nbsp; &nbsp; &nbsp; &nbsp; &nbsp;<\/span><\/em><\/div>\n","protected":false},"excerpt":{"rendered":"<p>Ja \u00e9s el sis\u00e8 any que la Cellera de Ter acull la cursa Puigdefrou \u201cExhaust\u201d, que en comen\u00e7ar a la Pla\u00e7a de la Vila implica molt\u00edssima gent del poble. \u201cExhaust\u201d \u00e9s una cursa, a m\u00e9s, que disposa de diverses categories i on gaireb\u00e9 tothom hi trobar\u00e0 la seva. Es realitzar\u00e0 el proper diumenge 17 d\u2019abril. [&hellip;]<\/p>\n","protected":false},"author":1,"featured_media":0,"comment_status":"closed","ping_status":"closed","sticky":false,"template":"","format":"standard","meta":{"_bbp_topic_count":0,"_bbp_reply_count":0,"_bbp_total_topic_count":0,"_bbp_total_reply_count":0,"_bbp_voice_count":0,"_bbp_anonymous_reply_count":0,"_bbp_topic_count_hidden":0,"_bbp_reply_count_hidden":0,"_bbp_forum_subforum_count":0,"site-sidebar-layout":"default","site-content-layout":"","ast-site-content-layout":"","site-content-style":"default","site-sidebar-style":"default","ast-global-header-display":"","ast-banner-title-visibility":"","ast-main-header-display":"","ast-hfb-above-header-display":"","ast-hfb-below-header-display":"","ast-hfb-mobile-header-display":"","site-post-title":"","ast-breadcrumbs-content":"","ast-featured-img":"","footer-sml-layout":"","theme-transparent-header-meta":"","adv-header-id-meta":"","stick-header-meta":"","header-above-stick-meta":"","header-main-stick-meta":"","header-below-stick-meta":"","astra-migrate-meta-layouts":"default","ast-page-background-enabled":"default","ast-page-background-meta":{"desktop":{"background-color":"var(--ast-global-color-4)","background-image":"","background-repeat":"repeat","background-position":"center center","background-size":"auto","background-attachment":"scroll","background-type":"","background-media":"","overlay-type":"","overlay-color":"","overlay-opacity":"","overlay-gradient":""},"tablet":{"background-color":"","background-image":"","background-repeat":"repeat","background-position":"center center","background-size":"auto","background-attachment":"scroll","background-type":"","background-media":"","overlay-type":"","overlay-color":"","overlay-opacity":"","overlay-gradient":""},"mobile":{"background-color":"","background-image":"","background-repeat":"repeat","background-position":"center center","background-size":"auto","background-attachment":"scroll","background-type":"","background-media":"","overlay-type":"","overlay-color":"","overlay-opacity":"","overlay-gradient":""}},"ast-content-background-meta":{"desktop":{"background-color":"var(--ast-global-color-5)","background-image":"","background-repeat":"repeat","background-position":"center center","background-size":"auto","background-attachment":"scroll","background-type":"","background-media":"","overlay-type":"","overlay-color":"","overlay-opacity":"","overlay-gradient":""},"tablet":{"background-color":"var(--ast-global-color-5)","background-image":"","background-repeat":"repeat","background-position":"center center","background-size":"auto","background-attachment":"scroll","background-type":"","background-media":"","overlay-type":"","overlay-color":"","overlay-opacity":"","overlay-gradient":""},"mobile":{"background-color":"var(--ast-global-color-5)","background-image":"","background-repeat":"repeat","background-position":"center center","background-size":"auto","background-attachment":"scroll","background-type":"","background-media":"","overlay-type":"","overlay-color":"","overlay-opacity":"","overlay-gradient":""}},"footnotes":""},"categories":[1,29],"tags":[],"class_list":["post-936","post","type-post","status-publish","format-standard","hentry","category-general","category-portada"],"post_mailing_queue_ids":[],"_links":{"self":[{"href":"https:\/\/agora.xtec.cat\/iesrafaelcampalans\/wp-json\/wp\/v2\/posts\/936","targetHints":{"allow":["GET"]}}],"collection":[{"href":"https:\/\/agora.xtec.cat\/iesrafaelcampalans\/wp-json\/wp\/v2\/posts"}],"about":[{"href":"https:\/\/agora.xtec.cat\/iesrafaelcampalans\/wp-json\/wp\/v2\/types\/post"}],"author":[{"embeddable":true,"href":"https:\/\/agora.xtec.cat\/iesrafaelcampalans\/wp-json\/wp\/v2\/users\/1"}],"replies":[{"embeddable":true,"href":"https:\/\/agora.xtec.cat\/iesrafaelcampalans\/wp-json\/wp\/v2\/comments?post=936"}],"version-history":[{"count":1,"href":"https:\/\/agora.xtec.cat\/iesrafaelcampalans\/wp-json\/wp\/v2\/posts\/936\/revisions"}],"predecessor-version":[{"id":1606,"href":"https:\/\/agora.xtec.cat\/iesrafaelcampalans\/wp-json\/wp\/v2\/posts\/936\/revisions\/1606"}],"wp:attachment":[{"href":"https:\/\/agora.xtec.cat\/iesrafaelcampalans\/wp-json\/wp\/v2\/media?parent=936"}],"wp:term":[{"taxonomy":"category","embeddable":true,"href":"https:\/\/agora.xtec.cat\/iesrafaelcampalans\/wp-json\/wp\/v2\/categories?post=936"},{"taxonomy":"post_tag","embeddable":true,"href":"https:\/\/agora.xtec.cat\/iesrafaelcampalans\/wp-json\/wp\/v2\/tags?post=936"}],"curies":[{"name":"wp","href":"https:\/\/api.w.org\/{rel}","templated":true}]}}