{"id":932,"date":"2016-04-12T14:41:00","date_gmt":"2016-04-12T12:41:00","guid":{"rendered":"http:\/\/agora.xtec.cat\/iesrafaelcampalans\/general\/pep-coll-convidat-a-linstitut-com-a-autor-de-llibres-juvenils\/"},"modified":"2017-09-25T23:34:32","modified_gmt":"2017-09-25T21:34:32","slug":"pep-coll-convidat-a-linstitut-com-a-autor-de-llibres-juvenils","status":"publish","type":"post","link":"https:\/\/agora.xtec.cat\/iesrafaelcampalans\/general\/pep-coll-convidat-a-linstitut-com-a-autor-de-llibres-juvenils\/","title":{"rendered":"Pep Coll, convidat a l&#8217;institut com a autor de llibres juvenils"},"content":{"rendered":"<div data-mce-style=\"text-align: justify;\" style=\"color: #444444; line-height: 1.5; margin-bottom: 24px; text-align: justify;\"><span style=\"font-family: &quot;arial&quot; , &quot;helvetica&quot; , sans-serif;\">El dilluns 4 d\u2019abril, a l\u2019institut va venir l\u2019escriptor Pep Coll a fer-nos una xerrada sobre el llibre&nbsp;<em style=\"border: none; line-height: 1.5;\">Qu\u00e8 farem, qu\u00e8 direm?,&nbsp;<\/em>&nbsp;ja que els alumnes de 1r i 2n d\u2019ESO hav\u00edem llegit el llibre.<\/span><\/div>\n<div data-mce-style=\"text-align: justify;\" style=\"color: #444444; line-height: 1.5; margin-bottom: 24px; text-align: justify;\"><a data-mce-href=\"http:\/\/blocs.xtec.cat\/mesde8\/files\/2016\/04\/Minairons.jpg\" href=\"http:\/\/blocs.xtec.cat\/mesde8\/files\/2016\/04\/Minairons.jpg\" style=\"color: #743399; line-height: 1.5;\"><span style=\"font-family: &quot;arial&quot; , &quot;helvetica&quot; , sans-serif;\"><img loading=\"lazy\" decoding=\"async\" alt=\"Minairons\" class=\"aligncenter size-full wp-image-1397\" data-mce-src=\"http:\/\/blocs.xtec.cat\/mesde8\/files\/2016\/04\/Minairons.jpg\" src=\"http:\/\/blocs.xtec.cat\/mesde8\/files\/2016\/04\/Minairons.jpg\" height=\"201\" style=\"clear: both; color: #444444; display: block; height: auto; line-height: 1.5; margin: 0px auto 12px; max-width: 100%;\" width=\"499\" \/><\/span><\/a><\/div>\n<div data-mce-style=\"text-align: justify;\" style=\"color: #444444; line-height: 1.5; margin-bottom: 24px; text-align: justify;\"><span style=\"font-family: &quot;arial&quot; , &quot;helvetica&quot; , sans-serif;\">En Pep Coll \u00e9s un home menut, petit, per\u00f2 tot i aix\u00ed mostra una gran seguretat en el parlar. Li agrada transmetre als altres el que \u00e9s per a ell la literatura i el que sent quan escriu. Fa goig parlar amb una persona amb tanta energia i serenitat.<\/span><\/div>\n<div data-mce-style=\"text-align: justify;\" style=\"color: #444444; line-height: 1.5; margin-bottom: 24px; text-align: justify;\"><span style=\"font-family: &quot;arial&quot; , &quot;helvetica&quot; , sans-serif;\">Segons ell la literatura \u00e9s una cosa que els humans necessitem per viure. Diu que la necessitem per&nbsp; diferents raons: per entreteniment, per tradicions, aprenentatge&#8230; i explica que sense llibres no sabr\u00edem res de nosaltres mateixos, del nostre entorn o del nostre m\u00f3n.<\/span><\/div>\n<div data-mce-style=\"text-align: justify;\" style=\"color: #444444; line-height: 1.5; margin-bottom: 24px; text-align: justify;\"><a name='more'><\/a><span style=\"font-family: &quot;arial&quot; , &quot;helvetica&quot; , sans-serif;\">A m\u00e9s d&#8217;escriure el llibre de&nbsp;<em style=\"border: none; line-height: 1.5;\">Qu\u00e8 farem, qu\u00e8 direm?<\/em>&nbsp;n\u2019ha escrit d\u2019altres com per exemple:<\/span><\/div>\n<ul style=\"color: #444444; line-height: 1.5; list-style: square; margin: 0px 0px 24px 1.5em; padding: 0px;\">\n<li style=\"line-height: 1.5;\"><span style=\"font-family: &quot;arial&quot; , &quot;helvetica&quot; , sans-serif;\">1986 Quan Judes era fadr\u00ed i sa mare festejava.<\/span><\/li>\n<li style=\"line-height: 1.5;\"><span style=\"font-family: &quot;arial&quot; , &quot;helvetica&quot; , sans-serif;\">1988 El secret de la moixernera.<\/span><\/li>\n<li data-mce-style=\"text-align: justify;\" style=\"line-height: 1.5; text-align: justify;\"><span style=\"font-family: &quot;arial&quot; , &quot;helvetica&quot; , sans-serif;\">1991 Qu\u00e8 farem, qu\u00e8 direm?<\/span><\/li>\n<li data-mce-style=\"text-align: justify;\" style=\"line-height: 1.5; text-align: justify;\"><span style=\"font-family: &quot;arial&quot; , &quot;helvetica&quot; , sans-serif;\">1991 La bruixa del Pla de Beret11.<\/span><\/li>\n<li data-mce-style=\"text-align: justify;\" style=\"line-height: 1.5; text-align: justify;\"><span style=\"font-family: &quot;arial&quot; , &quot;helvetica&quot; , sans-serif;\">1994 Mi Long, el drac de la perla.<\/span><\/li>\n<li data-mce-style=\"text-align: justify;\" style=\"line-height: 1.5; text-align: justify;\"><span style=\"font-family: &quot;arial&quot; , &quot;helvetica&quot; , sans-serif;\">1994 Muntanyes mig-male\u00efdes.<\/span><\/li>\n<li data-mce-style=\"text-align: justify;\" style=\"line-height: 1.5; text-align: justify;\"><span style=\"font-family: &quot;arial&quot; , &quot;helvetica&quot; , sans-serif;\">1995 Les bruixes del Pla de Negua.<\/span><\/li>\n<li data-mce-style=\"text-align: justify;\" style=\"line-height: 1.5; text-align: justify;\"><span style=\"font-family: &quot;arial&quot; , &quot;helvetica&quot; , sans-serif;\">1996 La fada del mirall.<\/span><\/li>\n<li data-mce-style=\"text-align: justify;\" style=\"line-height: 1.5; text-align: justify;\"><span style=\"font-family: &quot;arial&quot; , &quot;helvetica&quot; , sans-serif;\">1998 El tresor de la nit de Nadal.<\/span><\/li>\n<li data-mce-style=\"text-align: justify;\" style=\"line-height: 1.5; text-align: justify;\"><span style=\"font-family: &quot;arial&quot; , &quot;helvetica&quot; , sans-serif;\">2005 La corona de Sant Nicolau.<\/span><\/li>\n<li data-mce-style=\"text-align: justify;\" style=\"line-height: 1.5; text-align: justify;\"><span style=\"font-family: &quot;arial&quot; , &quot;helvetica&quot; , sans-serif;\">2008 L&#8217;habitaci\u00f3 de ma germana.<\/span><\/li>\n<\/ul>\n<div data-mce-style=\"text-align: justify;\" style=\"color: #444444; line-height: 1.5; margin-bottom: 24px; text-align: justify;\"><span style=\"font-family: &quot;arial&quot; , &quot;helvetica&quot; , sans-serif;\">I totes aquestes nom\u00e9s s\u00f3n les hist\u00f2ries narratives infantils i juvenils. Tamb\u00e9 ha fet novel\u00b7les, textos narratius breus i obres de teatre.<\/span><\/div>\n<div data-mce-style=\"text-align: justify;\" style=\"color: #444444; line-height: 1.5; margin-bottom: 24px; text-align: justify;\"><span style=\"font-family: &quot;arial&quot; , &quot;helvetica&quot; , sans-serif;\"><em style=\"border: none; line-height: 1.5;\">Qu\u00e8 farem, qu\u00e8 direm?<\/em>&nbsp;\u00e9s un llibre que va ser escrit el 1991, \u00e9s a dir ja fa 25 anys que el va escriure, per aix\u00f2 quan vam parlar amb en Pep Coll el va sorprendre que tot i que han passat molts anys, el llibre es continu\u00ef llegint i que continu\u00ef agradant.<\/span><\/div>\n<div data-mce-style=\"text-align: justify;\" style=\"color: #444444; line-height: 1.5; margin-bottom: 24px; text-align: justify;\"><span style=\"font-family: &quot;arial&quot; , &quot;helvetica&quot; , sans-serif;\">L\u2019escriptor ens va dir que el que ens volia ensenyar amb aquest llibre, a partir del s\u00edmbol de la p\u00e8rdua del canut per part de la Bet (la protagonista) i tamb\u00e9 amb una mica d\u2019ajuda de l\u2019Iu (un altre personatge de la hist\u00f2ria), era una manera d\u2019explicar el pas de la infantesa a l\u2019adolesc\u00e8ncia.<\/span><\/div>\n<div data-mce-style=\"text-align: justify;\" style=\"color: #444444; line-height: 1.5; margin-bottom: 24px; text-align: justify;\"><a data-mce-href=\"http:\/\/blocs.xtec.cat\/mesde8\/files\/2016\/04\/Pep-Coll-04-04-2016-024.jpg\" href=\"http:\/\/blocs.xtec.cat\/mesde8\/files\/2016\/04\/Pep-Coll-04-04-2016-024.jpg\" style=\"color: #743399; line-height: 1.5;\"><span style=\"font-family: &quot;arial&quot; , &quot;helvetica&quot; , sans-serif;\"><img loading=\"lazy\" decoding=\"async\" alt=\"Pep Coll 04-04-2016 024\" class=\"aligncenter  wp-image-1398\" data-mce-src=\"http:\/\/blocs.xtec.cat\/mesde8\/files\/2016\/04\/Pep-Coll-04-04-2016-024.jpg\" src=\"http:\/\/blocs.xtec.cat\/mesde8\/files\/2016\/04\/Pep-Coll-04-04-2016-024.jpg\" height=\"286\" style=\"clear: both; color: #444444; display: block; line-height: 1.5; margin: 0px auto 12px;\" width=\"382\" \/><\/span><\/a><\/div>\n<div data-mce-style=\"text-align: justify;\" style=\"color: #444444; line-height: 1.5; margin-bottom: 24px; text-align: justify;\"><span style=\"font-family: &quot;arial&quot; , &quot;helvetica&quot; , sans-serif;\">Tamb\u00e9 digu\u00e9 que havia triat una protagonista femenina perqu\u00e8 les noies passem el proc\u00e9s de ser nenes a ser dones, d&#8217;una manera m\u00e9s r\u00e0pida, amb m\u00e9s canvis i abans que els nois.<\/span><\/div>\n<div data-mce-style=\"text-align: justify;\" style=\"color: #444444; line-height: 1.5; margin-bottom: 24px; text-align: justify;\"><span style=\"font-family: &quot;arial&quot; , &quot;helvetica&quot; , sans-serif;\">Els manairons o minairons de la novel.la s\u00f3n \u00e9ssers fant\u00e0stics que viuen en un canut i que tenen la capacitat de realitzar totes les tasques que li mani el seu amo amb rapidesa.<\/span><\/div>\n<div data-mce-style=\"text-align: justify;\" style=\"color: #444444; line-height: 1.5; margin-bottom: 24px; text-align: justify;\"><span style=\"font-family: &quot;arial&quot; , &quot;helvetica&quot; , sans-serif;\">Despr\u00e9s de parlar una mica sobre la literatura i sobre el llibre&nbsp;<em style=\"border: none; line-height: 1.5;\">Qu\u00e8 farem, qu\u00e8 direm?&nbsp;<\/em>li vam estar fent preguntes que ens va contestar amb molta sinceritat.<\/span><\/div>\n<div data-mce-style=\"text-align: justify;\" style=\"color: #444444; line-height: 1.5; margin-bottom: 24px; text-align: justify;\"><span style=\"font-family: &quot;arial&quot; , &quot;helvetica&quot; , sans-serif;\">Una de les preguntes va ser:&nbsp;<em style=\"border: none; line-height: 1.5;\">Qu\u00e8 faries si tinguessis el canut dels manairons o minairons?&nbsp;<\/em>El que va respondre va ser que, anys enrere, quan va escriure el llibre hauria demanat als manairons que li corregissin els ex\u00e0mens de llengua catalana, ja que abans de ser escriptor va ser professor de catal\u00e0, per\u00f2 ara mateix el que demanaria seria fer algunes accions quotidianes com anar a comprar al supermercat o coses aix\u00ed de senzilles. Per\u00f2 el que tenia ben clar era que no els deixaria pas escriure els seus llibres.<\/span><\/div>\n<div data-mce-style=\"text-align: justify;\" style=\"color: #444444; line-height: 1.5; margin-bottom: 24px; text-align: justify;\"><span style=\"font-family: &quot;arial&quot; , &quot;helvetica&quot; , sans-serif;\">Finalment ens van passar un v\u00eddeo sobre el primer cap\u00edtol del minairons.&nbsp;<\/span><span style=\"font-family: &quot;arial&quot; , &quot;helvetica&quot; , sans-serif; line-height: 1.5;\">La xerrada va ser tot un \u00e8xit, vam aprendre molt\u00edssimes coses sobre la literatura, com era escriure un llibre i una mica m\u00e9s sobre el mite dels manairons o minairons. Des del meu punt de vista va ser extraordinari.<\/span><\/p>\n<div style=\"text-align: right;\"><em style=\"border: none; font-size: 16px; line-height: 1.5;\"><span style=\"font-family: &quot;arial&quot; , &quot;helvetica&quot; , sans-serif;\">Aina Luz, 1r C &nbsp;12 abril 2016<\/span><\/em><\/div>\n<\/div>\n","protected":false},"excerpt":{"rendered":"<p>El dilluns 4 d\u2019abril, a l\u2019institut va venir l\u2019escriptor Pep Coll a fer-nos una xerrada sobre el llibre&nbsp;Qu\u00e8 farem, qu\u00e8 direm?,&nbsp;&nbsp;ja que els alumnes de 1r i 2n d\u2019ESO hav\u00edem llegit el llibre. En Pep Coll \u00e9s un home menut, petit, per\u00f2 tot i aix\u00ed mostra una gran seguretat en el parlar. Li agrada transmetre [&hellip;]<\/p>\n","protected":false},"author":1,"featured_media":0,"comment_status":"closed","ping_status":"closed","sticky":false,"template":"","format":"standard","meta":{"_bbp_topic_count":0,"_bbp_reply_count":0,"_bbp_total_topic_count":0,"_bbp_total_reply_count":0,"_bbp_voice_count":0,"_bbp_anonymous_reply_count":0,"_bbp_topic_count_hidden":0,"_bbp_reply_count_hidden":0,"_bbp_forum_subforum_count":0,"site-sidebar-layout":"default","site-content-layout":"","ast-site-content-layout":"","site-content-style":"default","site-sidebar-style":"default","ast-global-header-display":"","ast-banner-title-visibility":"","ast-main-header-display":"","ast-hfb-above-header-display":"","ast-hfb-below-header-display":"","ast-hfb-mobile-header-display":"","site-post-title":"","ast-breadcrumbs-content":"","ast-featured-img":"","footer-sml-layout":"","theme-transparent-header-meta":"","adv-header-id-meta":"","stick-header-meta":"","header-above-stick-meta":"","header-main-stick-meta":"","header-below-stick-meta":"","astra-migrate-meta-layouts":"default","ast-page-background-enabled":"default","ast-page-background-meta":{"desktop":{"background-color":"var(--ast-global-color-4)","background-image":"","background-repeat":"repeat","background-position":"center center","background-size":"auto","background-attachment":"scroll","background-type":"","background-media":"","overlay-type":"","overlay-color":"","overlay-opacity":"","overlay-gradient":""},"tablet":{"background-color":"","background-image":"","background-repeat":"repeat","background-position":"center center","background-size":"auto","background-attachment":"scroll","background-type":"","background-media":"","overlay-type":"","overlay-color":"","overlay-opacity":"","overlay-gradient":""},"mobile":{"background-color":"","background-image":"","background-repeat":"repeat","background-position":"center center","background-size":"auto","background-attachment":"scroll","background-type":"","background-media":"","overlay-type":"","overlay-color":"","overlay-opacity":"","overlay-gradient":""}},"ast-content-background-meta":{"desktop":{"background-color":"var(--ast-global-color-5)","background-image":"","background-repeat":"repeat","background-position":"center center","background-size":"auto","background-attachment":"scroll","background-type":"","background-media":"","overlay-type":"","overlay-color":"","overlay-opacity":"","overlay-gradient":""},"tablet":{"background-color":"var(--ast-global-color-5)","background-image":"","background-repeat":"repeat","background-position":"center center","background-size":"auto","background-attachment":"scroll","background-type":"","background-media":"","overlay-type":"","overlay-color":"","overlay-opacity":"","overlay-gradient":""},"mobile":{"background-color":"var(--ast-global-color-5)","background-image":"","background-repeat":"repeat","background-position":"center center","background-size":"auto","background-attachment":"scroll","background-type":"","background-media":"","overlay-type":"","overlay-color":"","overlay-opacity":"","overlay-gradient":""}},"footnotes":""},"categories":[1,29],"tags":[],"class_list":["post-932","post","type-post","status-publish","format-standard","hentry","category-general","category-portada"],"post_mailing_queue_ids":[],"_links":{"self":[{"href":"https:\/\/agora.xtec.cat\/iesrafaelcampalans\/wp-json\/wp\/v2\/posts\/932","targetHints":{"allow":["GET"]}}],"collection":[{"href":"https:\/\/agora.xtec.cat\/iesrafaelcampalans\/wp-json\/wp\/v2\/posts"}],"about":[{"href":"https:\/\/agora.xtec.cat\/iesrafaelcampalans\/wp-json\/wp\/v2\/types\/post"}],"author":[{"embeddable":true,"href":"https:\/\/agora.xtec.cat\/iesrafaelcampalans\/wp-json\/wp\/v2\/users\/1"}],"replies":[{"embeddable":true,"href":"https:\/\/agora.xtec.cat\/iesrafaelcampalans\/wp-json\/wp\/v2\/comments?post=932"}],"version-history":[{"count":1,"href":"https:\/\/agora.xtec.cat\/iesrafaelcampalans\/wp-json\/wp\/v2\/posts\/932\/revisions"}],"predecessor-version":[{"id":1602,"href":"https:\/\/agora.xtec.cat\/iesrafaelcampalans\/wp-json\/wp\/v2\/posts\/932\/revisions\/1602"}],"wp:attachment":[{"href":"https:\/\/agora.xtec.cat\/iesrafaelcampalans\/wp-json\/wp\/v2\/media?parent=932"}],"wp:term":[{"taxonomy":"category","embeddable":true,"href":"https:\/\/agora.xtec.cat\/iesrafaelcampalans\/wp-json\/wp\/v2\/categories?post=932"},{"taxonomy":"post_tag","embeddable":true,"href":"https:\/\/agora.xtec.cat\/iesrafaelcampalans\/wp-json\/wp\/v2\/tags?post=932"}],"curies":[{"name":"wp","href":"https:\/\/api.w.org\/{rel}","templated":true}]}}