{"id":925,"date":"2016-04-20T12:49:00","date_gmt":"2016-04-20T10:49:00","guid":{"rendered":"http:\/\/agora.xtec.cat\/iesrafaelcampalans\/general\/participem-al-fem-matematiques-2\/"},"modified":"2017-09-25T23:34:32","modified_gmt":"2017-09-25T21:34:32","slug":"participem-al-fem-matematiques-2","status":"publish","type":"post","link":"https:\/\/agora.xtec.cat\/iesrafaelcampalans\/general\/participem-al-fem-matematiques-2\/","title":{"rendered":"Participem al FEM MATEM\u00c0TIQUES"},"content":{"rendered":"<div style=\"text-align: justify;\"><span style=\"line-height: 107%;\"><span style=\"font-family: &quot;arial&quot; , &quot;helvetica&quot; , sans-serif;\">El&nbsp;FEM MATEM\u00c0TIQUES&nbsp;\u00e9s una activitat que t\u00e9 la finalitat de contribuir a desenvolupar la compet\u00e8ncia matem\u00e0tica en tot l\u2019alumnat de sis\u00e8 de Prim\u00e0ria i primer cicle de l\u2019ESO. Tamb\u00e9 permet intercanviar experi\u00e8ncies i compartir propostes per part del professorat de les diferents comarques de Catalunya. El nostre centre, ja fa una bona colla d\u2019anys que hi participa amb alumnes de primer i segon d\u2019ESO. <o:p><\/o:p><\/span><\/span><\/div>\n<div style=\"text-align: justify;\"><span style=\"line-height: 107%;\"><span style=\"font-family: &quot;arial&quot; , &quot;helvetica&quot; , sans-serif;\"><br \/><\/span><\/span><\/div>\n<div style=\"text-align: center;\"><i style=\"font-family: Arial, Helvetica, sans-serif;\"><a href=\"https:\/\/4.bp.blogspot.com\/-NOdx-0Se2OY\/VxdeZYPYrFI\/AAAAAAAABrc\/yyvmXt4E040DeIdkt1yZ9zaJVqfYG8TtwCLcB\/s1600\/fem%2Bmates.JPG\" style=\"margin-left: 1em; margin-right: 1em;\"><img loading=\"lazy\" decoding=\"async\" border=\"0\" height=\"240\" src=\"https:\/\/4.bp.blogspot.com\/-NOdx-0Se2OY\/VxdeZYPYrFI\/AAAAAAAABrc\/yyvmXt4E040DeIdkt1yZ9zaJVqfYG8TtwCLcB\/s320\/fem%2Bmates.JPG\" width=\"320\" \/><\/a><\/i><\/div>\n<div style=\"text-align: justify;\"><span style=\"line-height: 107%;\"><span style=\"font-family: &quot;arial&quot; , &quot;helvetica&quot; , sans-serif;\"><\/span><\/span><br \/><a name='more'><\/a><span style=\"line-height: 107%;\"><span style=\"font-family: &quot;arial&quot; , &quot;helvetica&quot; , sans-serif;\"><br \/><\/span><\/span><\/div>\n<div style=\"text-align: justify;\"><span style=\"line-height: 107%;\"><span style=\"font-family: &quot;arial&quot; , &quot;helvetica&quot; , sans-serif;\">Aquest any, tres alumnes de primer d\u2019ESO, la Mar do Nascimento, S\u00f3nia Gameiro i Roger Maqueda, i tres alumnes de segon d\u2019ESO, en Jaume Gelm\u00e0, l\u2019Ariadna Quer i l\u2019Ivet Rios, han superat la primera fase d\u2019aquest concurs, en qu\u00e8 han resolt tres problemes de manera brillant. <o:p><\/o:p><\/span><\/span><\/div>\n<div style=\"text-align: justify;\"><span style=\"line-height: 107%;\"><span style=\"font-family: &quot;arial&quot; , &quot;helvetica&quot; , sans-serif;\"><br \/><\/span><\/span><\/div>\n<div style=\"text-align: justify;\"><span style=\"line-height: 107%;\"><span style=\"font-family: &quot;arial&quot; , &quot;helvetica&quot; , sans-serif;\">El proper dissabte 30 d\u2019abril, se celebrar\u00e0 al centre Bell-Lloc de Girona la segona fase, en la qual els nostres alumnes hauran de respondre les preguntes d\u2019un q\u00fcestionari (de manera individual) i fer una gimcana matem\u00e0tica (de manera grupal) per tal d\u2019intentar guanyar una pla\u00e7a per a la fase catalana de la prova que es realitzar\u00e0 al voltant del 12 de maig (dia escolar de les matem\u00e0tiques).<o:p><\/o:p><\/span><\/span><\/div>\n<div style=\"text-align: center;\"><i style=\"font-family: Arial, Helvetica, sans-serif;\"><a href=\"https:\/\/2.bp.blogspot.com\/-1CDEQ--QHBk\/Vxdeds_QFPI\/AAAAAAAABrg\/epmieKrJ7MI_KRwY5yQitLsefuQzaj87gCLcB\/s1600\/mates.JPG\" style=\"margin-left: 1em; margin-right: 1em;\"><img loading=\"lazy\" decoding=\"async\" border=\"0\" height=\"240\" src=\"https:\/\/2.bp.blogspot.com\/-1CDEQ--QHBk\/Vxdeds_QFPI\/AAAAAAAABrg\/epmieKrJ7MI_KRwY5yQitLsefuQzaj87gCLcB\/s320\/mates.JPG\" width=\"320\" \/><\/a><\/i><\/div>\n<p><\/p>\n<div style=\"text-align: justify;\"><span style=\"font-family: &quot;arial&quot; , &quot;helvetica&quot; , sans-serif; line-height: 107%;\">Des de l\u2019institut d&#8217;Angl\u00e8s, nom\u00e9s ens queda desitjar-los molta sort en aquest dia i que puguin accedir a la seg\u00fcent fase del concurs.&nbsp;<\/span><\/div>\n<div style=\"text-align: right;\"><span style=\"line-height: 107%;\"><span style=\"font-family: &quot;arial&quot; , &quot;helvetica&quot; , sans-serif;\"><i>&#8220;Falc\u00f3 de not\u00edcies&#8221; 20 abril 2016<\/i><\/span><\/span><\/div>\n<div style=\"clear: both; text-align: center;\"><\/div>\n<p><\/p>\n<div style=\"clear: both; text-align: center;\"><\/div>\n","protected":false},"excerpt":{"rendered":"<p>El&nbsp;FEM MATEM\u00c0TIQUES&nbsp;\u00e9s una activitat que t\u00e9 la finalitat de contribuir a desenvolupar la compet\u00e8ncia matem\u00e0tica en tot l\u2019alumnat de sis\u00e8 de Prim\u00e0ria i primer cicle de l\u2019ESO. Tamb\u00e9 permet intercanviar experi\u00e8ncies i compartir propostes per part del professorat de les diferents comarques de Catalunya. El nostre centre, ja fa una bona colla d\u2019anys que hi [&hellip;]<\/p>\n","protected":false},"author":1,"featured_media":0,"comment_status":"closed","ping_status":"closed","sticky":false,"template":"","format":"standard","meta":{"_bbp_topic_count":0,"_bbp_reply_count":0,"_bbp_total_topic_count":0,"_bbp_total_reply_count":0,"_bbp_voice_count":0,"_bbp_anonymous_reply_count":0,"_bbp_topic_count_hidden":0,"_bbp_reply_count_hidden":0,"_bbp_forum_subforum_count":0,"site-sidebar-layout":"default","site-content-layout":"","ast-site-content-layout":"","site-content-style":"default","site-sidebar-style":"default","ast-global-header-display":"","ast-banner-title-visibility":"","ast-main-header-display":"","ast-hfb-above-header-display":"","ast-hfb-below-header-display":"","ast-hfb-mobile-header-display":"","site-post-title":"","ast-breadcrumbs-content":"","ast-featured-img":"","footer-sml-layout":"","theme-transparent-header-meta":"","adv-header-id-meta":"","stick-header-meta":"","header-above-stick-meta":"","header-main-stick-meta":"","header-below-stick-meta":"","astra-migrate-meta-layouts":"default","ast-page-background-enabled":"default","ast-page-background-meta":{"desktop":{"background-color":"var(--ast-global-color-4)","background-image":"","background-repeat":"repeat","background-position":"center center","background-size":"auto","background-attachment":"scroll","background-type":"","background-media":"","overlay-type":"","overlay-color":"","overlay-opacity":"","overlay-gradient":""},"tablet":{"background-color":"","background-image":"","background-repeat":"repeat","background-position":"center center","background-size":"auto","background-attachment":"scroll","background-type":"","background-media":"","overlay-type":"","overlay-color":"","overlay-opacity":"","overlay-gradient":""},"mobile":{"background-color":"","background-image":"","background-repeat":"repeat","background-position":"center center","background-size":"auto","background-attachment":"scroll","background-type":"","background-media":"","overlay-type":"","overlay-color":"","overlay-opacity":"","overlay-gradient":""}},"ast-content-background-meta":{"desktop":{"background-color":"var(--ast-global-color-5)","background-image":"","background-repeat":"repeat","background-position":"center center","background-size":"auto","background-attachment":"scroll","background-type":"","background-media":"","overlay-type":"","overlay-color":"","overlay-opacity":"","overlay-gradient":""},"tablet":{"background-color":"var(--ast-global-color-5)","background-image":"","background-repeat":"repeat","background-position":"center center","background-size":"auto","background-attachment":"scroll","background-type":"","background-media":"","overlay-type":"","overlay-color":"","overlay-opacity":"","overlay-gradient":""},"mobile":{"background-color":"var(--ast-global-color-5)","background-image":"","background-repeat":"repeat","background-position":"center center","background-size":"auto","background-attachment":"scroll","background-type":"","background-media":"","overlay-type":"","overlay-color":"","overlay-opacity":"","overlay-gradient":""}},"footnotes":""},"categories":[1,29],"tags":[],"class_list":["post-925","post","type-post","status-publish","format-standard","hentry","category-general","category-portada"],"post_mailing_queue_ids":[],"_links":{"self":[{"href":"https:\/\/agora.xtec.cat\/iesrafaelcampalans\/wp-json\/wp\/v2\/posts\/925","targetHints":{"allow":["GET"]}}],"collection":[{"href":"https:\/\/agora.xtec.cat\/iesrafaelcampalans\/wp-json\/wp\/v2\/posts"}],"about":[{"href":"https:\/\/agora.xtec.cat\/iesrafaelcampalans\/wp-json\/wp\/v2\/types\/post"}],"author":[{"embeddable":true,"href":"https:\/\/agora.xtec.cat\/iesrafaelcampalans\/wp-json\/wp\/v2\/users\/1"}],"replies":[{"embeddable":true,"href":"https:\/\/agora.xtec.cat\/iesrafaelcampalans\/wp-json\/wp\/v2\/comments?post=925"}],"version-history":[{"count":1,"href":"https:\/\/agora.xtec.cat\/iesrafaelcampalans\/wp-json\/wp\/v2\/posts\/925\/revisions"}],"predecessor-version":[{"id":1595,"href":"https:\/\/agora.xtec.cat\/iesrafaelcampalans\/wp-json\/wp\/v2\/posts\/925\/revisions\/1595"}],"wp:attachment":[{"href":"https:\/\/agora.xtec.cat\/iesrafaelcampalans\/wp-json\/wp\/v2\/media?parent=925"}],"wp:term":[{"taxonomy":"category","embeddable":true,"href":"https:\/\/agora.xtec.cat\/iesrafaelcampalans\/wp-json\/wp\/v2\/categories?post=925"},{"taxonomy":"post_tag","embeddable":true,"href":"https:\/\/agora.xtec.cat\/iesrafaelcampalans\/wp-json\/wp\/v2\/tags?post=925"}],"curies":[{"name":"wp","href":"https:\/\/api.w.org\/{rel}","templated":true}]}}