{"id":910,"date":"2016-05-12T08:55:00","date_gmt":"2016-05-12T06:55:00","guid":{"rendered":"http:\/\/agora.xtec.cat\/iesrafaelcampalans\/general\/excursio-a-banyoles-al-parc-de-la-draga\/"},"modified":"2017-09-25T23:33:55","modified_gmt":"2017-09-25T21:33:55","slug":"excursio-a-banyoles-al-parc-de-la-draga","status":"publish","type":"post","link":"https:\/\/agora.xtec.cat\/iesrafaelcampalans\/general\/excursio-a-banyoles-al-parc-de-la-draga\/","title":{"rendered":"Excursi\u00f3 a Banyoles al parc de la Draga"},"content":{"rendered":"<div style=\"text-align: center;\"><a href=\"https:\/\/4.bp.blogspot.com\/-iFoJklT2STo\/VzQocrTovCI\/AAAAAAAAB40\/FD6CRVUyyNIMgErIFNvufYimQEVBcS7fwCLcB\/s1600\/draga.jpg\" style=\"margin-left: 1em; margin-right: 1em;\"><img decoding=\"async\" border=\"0\" src=\"https:\/\/4.bp.blogspot.com\/-iFoJklT2STo\/VzQocrTovCI\/AAAAAAAAB40\/FD6CRVUyyNIMgErIFNvufYimQEVBcS7fwCLcB\/s1600\/draga.jpg\" \/><\/a><\/div>\n<div style=\"text-align: justify;\"><span style=\"font-size: 12pt; line-height: 17.12px;\"><br \/><\/span><\/div>\n<div style=\"text-align: justify;\"><span style=\"font-family: &quot;arial&quot; , &quot;helvetica&quot; , sans-serif;\"><span style=\"font-size: 12pt; line-height: 17.12px;\">Dijous de la setmana passada, dia 5 de maig, els alumnes de 1r de l\u2019ESO&nbsp;<\/span><span style=\"font-size: 12pt; line-height: 17.12px;\">&nbsp;<\/span><span style=\"font-size: 12pt; line-height: 17.12px;\">vam anar a l\u2019estany de Banyoles a visitar el jaciment neol\u00edtic de la Draga. Ens vam trobar tots a l&#8217;institut a primera hora. Els professors van passar llista i veient que no faltava ning\u00fa ens vam encaminar cap al<\/span><span style=\"font-size: 12pt; line-height: 17.12px; text-align: justify;\">&nbsp;M\u00e0xi Dia on ens esperaven els autobusos. Quan vam ser tots a lloc vam anar a fent via cap a Banyoles.<\/span><\/span><br \/><a name='more'><\/a><\/div>\n<div style=\"text-align: justify;\"><span style=\"font-family: &quot;arial&quot; , &quot;helvetica&quot; , sans-serif;\"><span style=\"font-size: 12pt; line-height: 17.12px;\">En arribar-hi, v\u00e0rem esmorzar&nbsp;<\/span><span style=\"font-size: 16px; line-height: 17.12px;\">plegats<\/span><span style=\"font-size: 12pt; line-height: 17.12px;\">. Despr\u00e9s, ens vam separar per classes i cada una va anar acompanyada d&#8217;un guia que ens va anar ensenyant i explicant tot el que v\u00e8iem relacionat amb el poblat neol\u00edtic reconstru\u00eft. Ens van informar sobre la Draga i l\u2019estany de Banyoles; tamb\u00e9 vam fer activitats molt divertides, com pescar i explorar els diferents ecosistemes del llac. En acabar la feina vam dinar. Tot seguit vam iniciar la seg\u00fcent activitat prevista. Ens van estar parlant de les eines que feien servir a l\u2019\u00e8poca prehist\u00f2rica. Per emportar-nos alguna cosa \u00fatil del passat, vam confeccionar uns raspadors neol\u00edtics. En acabar la tarda torn\u00e0rem cap a casa.<\/span><\/span><\/div>\n<p><\/p>\n<div style=\"text-align: justify;\"><span style=\"font-size: 12pt; line-height: 17.12px;\"><span style=\"font-family: &quot;arial&quot; , &quot;helvetica&quot; , sans-serif;\">Per a mi va ser una excursi\u00f3 molt divertida i interessant. En fi, va ser tot un \u00e8xit.<\/span><\/span><\/div>\n<div style=\"clear: both; text-align: center;\"><\/div>\n<div style=\"clear: both; text-align: center;\"><a href=\"https:\/\/1.bp.blogspot.com\/-n8ulhl-opFQ\/VzQoeTIDveI\/AAAAAAAAB44\/3UOelpjq3J04UThgLPBdUU9uRj7gm9yqQCLcB\/s1600\/la%2Bdraga.jpg\" style=\"margin-left: 1em; margin-right: 1em;\"><img decoding=\"async\" border=\"0\" src=\"https:\/\/1.bp.blogspot.com\/-n8ulhl-opFQ\/VzQoeTIDveI\/AAAAAAAAB44\/3UOelpjq3J04UThgLPBdUU9uRj7gm9yqQCLcB\/s1600\/la%2Bdraga.jpg\" \/><\/a><\/div>\n<div style=\"clear: both; text-align: right;\"><span style=\"font-family: &quot;arial&quot; , &quot;helvetica&quot; , sans-serif;\"><i>Aina Luz, 1r ESO, 12 de maig 2016<\/i><\/span><\/div>\n<div style=\"text-align: right;\"><\/div>\n<div style=\"text-align: center;\"><\/div>\n","protected":false},"excerpt":{"rendered":"<p>Dijous de la setmana passada, dia 5 de maig, els alumnes de 1r de l\u2019ESO&nbsp;&nbsp;vam anar a l\u2019estany de Banyoles a visitar el jaciment neol\u00edtic de la Draga. Ens vam trobar tots a l&#8217;institut a primera hora. Els professors van passar llista i veient que no faltava ning\u00fa ens vam encaminar cap al&nbsp;M\u00e0xi Dia on [&hellip;]<\/p>\n","protected":false},"author":1,"featured_media":0,"comment_status":"closed","ping_status":"closed","sticky":false,"template":"","format":"standard","meta":{"_bbp_topic_count":0,"_bbp_reply_count":0,"_bbp_total_topic_count":0,"_bbp_total_reply_count":0,"_bbp_voice_count":0,"_bbp_anonymous_reply_count":0,"_bbp_topic_count_hidden":0,"_bbp_reply_count_hidden":0,"_bbp_forum_subforum_count":0,"site-sidebar-layout":"default","site-content-layout":"","ast-site-content-layout":"","site-content-style":"default","site-sidebar-style":"default","ast-global-header-display":"","ast-banner-title-visibility":"","ast-main-header-display":"","ast-hfb-above-header-display":"","ast-hfb-below-header-display":"","ast-hfb-mobile-header-display":"","site-post-title":"","ast-breadcrumbs-content":"","ast-featured-img":"","footer-sml-layout":"","theme-transparent-header-meta":"","adv-header-id-meta":"","stick-header-meta":"","header-above-stick-meta":"","header-main-stick-meta":"","header-below-stick-meta":"","astra-migrate-meta-layouts":"default","ast-page-background-enabled":"default","ast-page-background-meta":{"desktop":{"background-color":"var(--ast-global-color-4)","background-image":"","background-repeat":"repeat","background-position":"center center","background-size":"auto","background-attachment":"scroll","background-type":"","background-media":"","overlay-type":"","overlay-color":"","overlay-opacity":"","overlay-gradient":""},"tablet":{"background-color":"","background-image":"","background-repeat":"repeat","background-position":"center center","background-size":"auto","background-attachment":"scroll","background-type":"","background-media":"","overlay-type":"","overlay-color":"","overlay-opacity":"","overlay-gradient":""},"mobile":{"background-color":"","background-image":"","background-repeat":"repeat","background-position":"center center","background-size":"auto","background-attachment":"scroll","background-type":"","background-media":"","overlay-type":"","overlay-color":"","overlay-opacity":"","overlay-gradient":""}},"ast-content-background-meta":{"desktop":{"background-color":"var(--ast-global-color-5)","background-image":"","background-repeat":"repeat","background-position":"center center","background-size":"auto","background-attachment":"scroll","background-type":"","background-media":"","overlay-type":"","overlay-color":"","overlay-opacity":"","overlay-gradient":""},"tablet":{"background-color":"var(--ast-global-color-5)","background-image":"","background-repeat":"repeat","background-position":"center center","background-size":"auto","background-attachment":"scroll","background-type":"","background-media":"","overlay-type":"","overlay-color":"","overlay-opacity":"","overlay-gradient":""},"mobile":{"background-color":"var(--ast-global-color-5)","background-image":"","background-repeat":"repeat","background-position":"center center","background-size":"auto","background-attachment":"scroll","background-type":"","background-media":"","overlay-type":"","overlay-color":"","overlay-opacity":"","overlay-gradient":""}},"footnotes":""},"categories":[1,29],"tags":[],"class_list":["post-910","post","type-post","status-publish","format-standard","hentry","category-general","category-portada"],"post_mailing_queue_ids":[],"_links":{"self":[{"href":"https:\/\/agora.xtec.cat\/iesrafaelcampalans\/wp-json\/wp\/v2\/posts\/910","targetHints":{"allow":["GET"]}}],"collection":[{"href":"https:\/\/agora.xtec.cat\/iesrafaelcampalans\/wp-json\/wp\/v2\/posts"}],"about":[{"href":"https:\/\/agora.xtec.cat\/iesrafaelcampalans\/wp-json\/wp\/v2\/types\/post"}],"author":[{"embeddable":true,"href":"https:\/\/agora.xtec.cat\/iesrafaelcampalans\/wp-json\/wp\/v2\/users\/1"}],"replies":[{"embeddable":true,"href":"https:\/\/agora.xtec.cat\/iesrafaelcampalans\/wp-json\/wp\/v2\/comments?post=910"}],"version-history":[{"count":1,"href":"https:\/\/agora.xtec.cat\/iesrafaelcampalans\/wp-json\/wp\/v2\/posts\/910\/revisions"}],"predecessor-version":[{"id":1580,"href":"https:\/\/agora.xtec.cat\/iesrafaelcampalans\/wp-json\/wp\/v2\/posts\/910\/revisions\/1580"}],"wp:attachment":[{"href":"https:\/\/agora.xtec.cat\/iesrafaelcampalans\/wp-json\/wp\/v2\/media?parent=910"}],"wp:term":[{"taxonomy":"category","embeddable":true,"href":"https:\/\/agora.xtec.cat\/iesrafaelcampalans\/wp-json\/wp\/v2\/categories?post=910"},{"taxonomy":"post_tag","embeddable":true,"href":"https:\/\/agora.xtec.cat\/iesrafaelcampalans\/wp-json\/wp\/v2\/tags?post=910"}],"curies":[{"name":"wp","href":"https:\/\/api.w.org\/{rel}","templated":true}]}}