{"id":909,"date":"2016-05-12T11:49:00","date_gmt":"2016-05-12T09:49:00","guid":{"rendered":"http:\/\/agora.xtec.cat\/iesrafaelcampalans\/general\/campanya-de-recollida-daliments-a-linstitut-per-a-caritas-dangles\/"},"modified":"2017-09-25T23:33:54","modified_gmt":"2017-09-25T21:33:54","slug":"campanya-de-recollida-daliments-a-linstitut-per-a-caritas-dangles","status":"publish","type":"post","link":"https:\/\/agora.xtec.cat\/iesrafaelcampalans\/general\/campanya-de-recollida-daliments-a-linstitut-per-a-caritas-dangles\/","title":{"rendered":"Campanya de recollida d&#8217;aliments a l&#8217;institut per a Caritas d&#8217;Angl\u00e8s"},"content":{"rendered":"<div style=\"text-align: center;\"><a href=\"https:\/\/3.bp.blogspot.com\/-mNz9RfMHlbM\/VzRQ5kzhFiI\/AAAAAAAAB5I\/JYItAyy1Y0A3l-QXG-cqI2HzidZxFdlBwCLcB\/s1600\/missatge.png\" style=\"margin-left: 1em; margin-right: 1em;\"><img loading=\"lazy\" decoding=\"async\" border=\"0\" height=\"140\" src=\"https:\/\/3.bp.blogspot.com\/-mNz9RfMHlbM\/VzRQ5kzhFiI\/AAAAAAAAB5I\/JYItAyy1Y0A3l-QXG-cqI2HzidZxFdlBwCLcB\/s400\/missatge.png\" width=\"400\" \/><\/a><\/div>\n<div style=\"text-align: justify; text-justify: inter-ideograph;\"><span style=\"font-family: &quot;arial&quot; , &quot;sans-serif&quot;; font-size: 12.0pt; line-height: 115%;\">Aquest curs 2015-16, els alumnes de tercer d&#8217;ESO han participat en una nova edici\u00f3 del projecte <i>Delegats\/des en 3D<\/i>, que dep\u00e8n de la Direcci\u00f3 General de Joventut de la Generalitat de Catalunya i que t\u00e9 com a objectiu principal fomentar la participaci\u00f3 dels nois i noies en la din\u00e0mica de l&#8217;institut.<\/span><br \/><a name='more'><\/a><\/div>\n<p><\/p>\n<div style=\"clear: both; text-align: center;\"><a href=\"https:\/\/3.bp.blogspot.com\/-L0YGar5iwa4\/VzRQ7UuwYWI\/AAAAAAAAB5M\/3rofjL8YCs0IIo9MG4bbHMH2U2wfpBgCACLcB\/s1600\/solidaritat.jpg\" style=\"margin-left: 1em; margin-right: 1em;\"><img decoding=\"async\" border=\"0\" src=\"https:\/\/3.bp.blogspot.com\/-L0YGar5iwa4\/VzRQ7UuwYWI\/AAAAAAAAB5M\/3rofjL8YCs0IIo9MG4bbHMH2U2wfpBgCACLcB\/s1600\/solidaritat.jpg\" \/><\/a><\/div>\n<p><\/p>\n<div style=\"clear: both; text-align: justify;\"><span style=\"font-family: &quot;arial&quot; , sans-serif; font-size: 12pt; line-height: 18.4px;\">Aquest any, amb l&#8217;ajuda d&#8217;un t\u00e8cnic de joventut, dels tutors i de la coordinadora del consell de delegats, es va decidir dur a terme un projecte que t\u00e9 com a objectiu final recollir aliments entre la comunitat educativa de l&#8217;institut -alumnes, professors, fam\u00edlies i personal d&#8217;administraci\u00f3 i serveis \u2013 per portar-los a&nbsp;<\/span><i style=\"font-family: Arial, sans-serif; font-size: 12pt; line-height: 18.4px;\">Caritas<\/i><span style=\"font-family: &quot;arial&quot; , sans-serif; font-size: 12pt; line-height: 18.4px;\">&nbsp;que, en col\u00b7laboraci\u00f3 amb els Serveis Socials del municipi, els repartir\u00e0&nbsp; entre les fam\u00edlies del municipi que m\u00e9s ho necessiten.<\/span><\/div>\n<div style=\"text-align: justify; text-justify: inter-ideograph;\"><span style=\"font-family: &quot;arial&quot; , &quot;sans-serif&quot;; font-size: 12.0pt; line-height: 115%;\"><br \/><\/span><\/div>\n<div style=\"text-align: justify; text-justify: inter-ideograph;\"><span style=\"font-family: &quot;arial&quot; , &quot;sans-serif&quot;; font-size: 12.0pt; line-height: 115%;\">Aquesta recollida d&#8217;aliments es dur\u00e0 a terme durant la <b>setmana del 16 a 20 de maig de 2016<\/b>. Els aliments m\u00e9s adequats s\u00f3n aquells que tenen una llarga caducitat com, per exemple, els llegums, l&#8217;arr\u00f2s, la pasta, la farina, l&#8217;oli, les llaunes -tonyina, sardines, pinya i pr\u00e9ssec en alm\u00edvar, sucs de fruita- etc.<o:p><\/o:p><\/span><\/div>\n<div style=\"text-align: center;\"><a href=\"https:\/\/2.bp.blogspot.com\/-KNBlfneKGjo\/VzRQ-rOBh_I\/AAAAAAAAB5Q\/ChQPN2AMPo0py_-tY9jYtBYgdu2y_PG8gCLcB\/s1600\/caritas.jpg\" style=\"margin-left: 1em; margin-right: 1em;\"><img decoding=\"async\" border=\"0\" src=\"https:\/\/2.bp.blogspot.com\/-KNBlfneKGjo\/VzRQ-rOBh_I\/AAAAAAAAB5Q\/ChQPN2AMPo0py_-tY9jYtBYgdu2y_PG8gCLcB\/s1600\/caritas.jpg\" \/><\/a><\/div>\n<div style=\"text-align: center;\"><span style=\"font-family: &quot;arial&quot; , &quot;sans-serif&quot;; font-size: 12.0pt; line-height: 115%;\"><br \/><\/span><\/div>\n<div><span style=\"font-family: &quot;arial&quot; , &quot;sans-serif&quot;; font-size: 12.0pt; line-height: 115%;\">Als alumnes de 3r d&#8217;ESO els fa molta il\u00b7lusi\u00f3 tirar endavant aquest projecte que els involucra a tots i a totes.&nbsp;Agraeixen per endavant la col.laboraci\u00f3 de tothom.<o:p><\/o:p><\/span><\/div>\n<div><\/div>\n<div style=\"text-align: right;\"><i><span style=\"font-family: &quot;arial&quot; , &quot;sans-serif&quot;; font-size: 12.0pt; line-height: 115%;\">Alumnat de tercer A i tercer B de l&#8217;institut Rafael Campalans<o:p><\/o:p><\/span><\/i><\/div>\n<div><span style=\"font-family: &quot;arial&quot; , &quot;sans-serif&quot;; font-size: 12.0pt; line-height: 115%;\">&nbsp;&nbsp;&nbsp;&nbsp;&nbsp;&nbsp;&nbsp;&nbsp;&nbsp;&nbsp;&nbsp;&nbsp;&nbsp;&nbsp;&nbsp;&nbsp;&nbsp;&nbsp;&nbsp;&nbsp;&nbsp;&nbsp;&nbsp;&nbsp;&nbsp;&nbsp;&nbsp;&nbsp;&nbsp;&nbsp;&nbsp;&nbsp;&nbsp;&nbsp; &nbsp;&nbsp;&nbsp;&nbsp;&nbsp;&nbsp;&nbsp;&nbsp;&nbsp;&nbsp;&nbsp;&nbsp;&nbsp;&nbsp;&nbsp;&nbsp;&nbsp;&nbsp;&nbsp;&nbsp;&nbsp;&nbsp;&nbsp;&nbsp;&nbsp;&nbsp;&nbsp;&nbsp;&nbsp; <o:p><\/o:p><\/span><\/div>\n<p><\/p>\n<div><\/div>\n","protected":false},"excerpt":{"rendered":"<p>Aquest curs 2015-16, els alumnes de tercer d&#8217;ESO han participat en una nova edici\u00f3 del projecte Delegats\/des en 3D, que dep\u00e8n de la Direcci\u00f3 General de Joventut de la Generalitat de Catalunya i que t\u00e9 com a objectiu principal fomentar la participaci\u00f3 dels nois i noies en la din\u00e0mica de l&#8217;institut. Aquest any, amb l&#8217;ajuda [&hellip;]<\/p>\n","protected":false},"author":1,"featured_media":0,"comment_status":"closed","ping_status":"closed","sticky":false,"template":"","format":"standard","meta":{"_bbp_topic_count":0,"_bbp_reply_count":0,"_bbp_total_topic_count":0,"_bbp_total_reply_count":0,"_bbp_voice_count":0,"_bbp_anonymous_reply_count":0,"_bbp_topic_count_hidden":0,"_bbp_reply_count_hidden":0,"_bbp_forum_subforum_count":0,"site-sidebar-layout":"default","site-content-layout":"","ast-site-content-layout":"","site-content-style":"default","site-sidebar-style":"default","ast-global-header-display":"","ast-banner-title-visibility":"","ast-main-header-display":"","ast-hfb-above-header-display":"","ast-hfb-below-header-display":"","ast-hfb-mobile-header-display":"","site-post-title":"","ast-breadcrumbs-content":"","ast-featured-img":"","footer-sml-layout":"","theme-transparent-header-meta":"","adv-header-id-meta":"","stick-header-meta":"","header-above-stick-meta":"","header-main-stick-meta":"","header-below-stick-meta":"","astra-migrate-meta-layouts":"default","ast-page-background-enabled":"default","ast-page-background-meta":{"desktop":{"background-color":"var(--ast-global-color-4)","background-image":"","background-repeat":"repeat","background-position":"center center","background-size":"auto","background-attachment":"scroll","background-type":"","background-media":"","overlay-type":"","overlay-color":"","overlay-opacity":"","overlay-gradient":""},"tablet":{"background-color":"","background-image":"","background-repeat":"repeat","background-position":"center center","background-size":"auto","background-attachment":"scroll","background-type":"","background-media":"","overlay-type":"","overlay-color":"","overlay-opacity":"","overlay-gradient":""},"mobile":{"background-color":"","background-image":"","background-repeat":"repeat","background-position":"center center","background-size":"auto","background-attachment":"scroll","background-type":"","background-media":"","overlay-type":"","overlay-color":"","overlay-opacity":"","overlay-gradient":""}},"ast-content-background-meta":{"desktop":{"background-color":"var(--ast-global-color-5)","background-image":"","background-repeat":"repeat","background-position":"center center","background-size":"auto","background-attachment":"scroll","background-type":"","background-media":"","overlay-type":"","overlay-color":"","overlay-opacity":"","overlay-gradient":""},"tablet":{"background-color":"var(--ast-global-color-5)","background-image":"","background-repeat":"repeat","background-position":"center center","background-size":"auto","background-attachment":"scroll","background-type":"","background-media":"","overlay-type":"","overlay-color":"","overlay-opacity":"","overlay-gradient":""},"mobile":{"background-color":"var(--ast-global-color-5)","background-image":"","background-repeat":"repeat","background-position":"center center","background-size":"auto","background-attachment":"scroll","background-type":"","background-media":"","overlay-type":"","overlay-color":"","overlay-opacity":"","overlay-gradient":""}},"footnotes":""},"categories":[1,29],"tags":[],"class_list":["post-909","post","type-post","status-publish","format-standard","hentry","category-general","category-portada"],"post_mailing_queue_ids":[],"_links":{"self":[{"href":"https:\/\/agora.xtec.cat\/iesrafaelcampalans\/wp-json\/wp\/v2\/posts\/909","targetHints":{"allow":["GET"]}}],"collection":[{"href":"https:\/\/agora.xtec.cat\/iesrafaelcampalans\/wp-json\/wp\/v2\/posts"}],"about":[{"href":"https:\/\/agora.xtec.cat\/iesrafaelcampalans\/wp-json\/wp\/v2\/types\/post"}],"author":[{"embeddable":true,"href":"https:\/\/agora.xtec.cat\/iesrafaelcampalans\/wp-json\/wp\/v2\/users\/1"}],"replies":[{"embeddable":true,"href":"https:\/\/agora.xtec.cat\/iesrafaelcampalans\/wp-json\/wp\/v2\/comments?post=909"}],"version-history":[{"count":1,"href":"https:\/\/agora.xtec.cat\/iesrafaelcampalans\/wp-json\/wp\/v2\/posts\/909\/revisions"}],"predecessor-version":[{"id":1579,"href":"https:\/\/agora.xtec.cat\/iesrafaelcampalans\/wp-json\/wp\/v2\/posts\/909\/revisions\/1579"}],"wp:attachment":[{"href":"https:\/\/agora.xtec.cat\/iesrafaelcampalans\/wp-json\/wp\/v2\/media?parent=909"}],"wp:term":[{"taxonomy":"category","embeddable":true,"href":"https:\/\/agora.xtec.cat\/iesrafaelcampalans\/wp-json\/wp\/v2\/categories?post=909"},{"taxonomy":"post_tag","embeddable":true,"href":"https:\/\/agora.xtec.cat\/iesrafaelcampalans\/wp-json\/wp\/v2\/tags?post=909"}],"curies":[{"name":"wp","href":"https:\/\/api.w.org\/{rel}","templated":true}]}}