{"id":908,"date":"2016-05-18T09:50:00","date_gmt":"2016-05-18T07:50:00","guid":{"rendered":"http:\/\/agora.xtec.cat\/iesrafaelcampalans\/general\/mostra-de-teatre-de-secundaria-a-blanes\/"},"modified":"2017-09-25T23:33:54","modified_gmt":"2017-09-25T21:33:54","slug":"mostra-de-teatre-de-secundaria-a-blanes","status":"publish","type":"post","link":"https:\/\/agora.xtec.cat\/iesrafaelcampalans\/general\/mostra-de-teatre-de-secundaria-a-blanes\/","title":{"rendered":"Mostra de teatre de secund\u00e0ria a Blanes"},"content":{"rendered":"<div style=\"clear: both; text-align: justify;\"><span style=\"font-family: &quot;arial&quot; , &quot;helvetica&quot; , sans-serif;\">Avui comen\u00e7a la mostra de teatre de secund\u00e0ria a Blanes, en la qual participaran un grup d&#8217;alumnes del nostre institut amb la representaci\u00f3 d&#8217;una obra cl\u00e0ssica <b>Electra.<\/b>&nbsp;Durant tot el curs l&#8217;han estat preparant, amb la guia i direcci\u00f3 del professors Albert Prat i Llu\u00eds Sol\u00e9, i ara comencen a recollir el fruit d&#8217;un bon treball.<\/span><\/div>\n<div style=\"clear: both; text-align: justify;\"><span style=\"font-family: &quot;arial&quot; , &quot;helvetica&quot; , sans-serif;\"><br \/><\/span><\/div>\n<div style=\"clear: both; text-align: center;\"><a href=\"https:\/\/3.bp.blogspot.com\/-iGLU4ap5QtE\/VzwZPCLNknI\/AAAAAAAAB5k\/wFK5zLeyWJkFWA6VNPkeo8amwSjciYnMgCLcB\/s1600\/soldats.JPG\" style=\"margin-left: 1em; margin-right: 1em;\"><img loading=\"lazy\" decoding=\"async\" border=\"0\" height=\"240\" src=\"https:\/\/3.bp.blogspot.com\/-iGLU4ap5QtE\/VzwZPCLNknI\/AAAAAAAAB5k\/wFK5zLeyWJkFWA6VNPkeo8amwSjciYnMgCLcB\/s400\/soldats.JPG\" width=\"400\" \/><\/a><\/div>\n<p><a name='more'><\/a><\/p>\n<div style=\"clear: both; text-align: center;\"><a href=\"https:\/\/3.bp.blogspot.com\/-DaqXyTz9M-s\/VzwZQaMT-kI\/AAAAAAAAB5o\/dgkQn18NMBwWRUA2-KpxNnZH0Gzgi-0hACLcB\/s1600\/noies.JPG\" style=\"margin-left: 1em; margin-right: 1em;\"><img loading=\"lazy\" decoding=\"async\" border=\"0\" height=\"240\" src=\"https:\/\/3.bp.blogspot.com\/-DaqXyTz9M-s\/VzwZQaMT-kI\/AAAAAAAAB5o\/dgkQn18NMBwWRUA2-KpxNnZH0Gzgi-0hACLcB\/s400\/noies.JPG\" width=\"400\" \/><\/a><\/div>\n<div style=\"clear: both; text-align: center;\"><a href=\"https:\/\/1.bp.blogspot.com\/-VCwhpamAKDE\/VzwZS0rSDvI\/AAAAAAAAB5s\/7HpGJYGF74c094GBCXO0rPmJEGZhN63rACLcB\/s1600\/electra.JPG\" style=\"margin-left: 1em; margin-right: 1em;\"><img loading=\"lazy\" decoding=\"async\" border=\"0\" height=\"312\" src=\"https:\/\/1.bp.blogspot.com\/-VCwhpamAKDE\/VzwZS0rSDvI\/AAAAAAAAB5s\/7HpGJYGF74c094GBCXO0rPmJEGZhN63rACLcB\/s400\/electra.JPG\" width=\"400\" \/><\/a><\/div>\n<div style=\"text-align: justify;\"><span style=\"font-family: &quot;arial&quot; , &quot;helvetica&quot; , sans-serif;\"><br \/><\/span><span style=\"font-family: &quot;arial&quot; , &quot;helvetica&quot; , sans-serif;\">Els nostres alumnes actuaran dem\u00e0 a les 6 de la tarda. Un grup d&#8217;alumnes de diferents cursos els acompanyar\u00e0 i tindran el goig, no nom\u00e9s de visionar l&#8217;obra preparada pels seus companys sin\u00f3 que visionaran tres obres m\u00e9s. Sortiran de l&#8217;institut a la 1 i tornaran a Angl\u00e8s a les 8 del vespre tocades.<\/span><\/div>\n<div style=\"text-align: right;\"><span style=\"font-family: &quot;arial&quot; , &quot;helvetica&quot; , sans-serif;\"><i>&#8220;Falc\u00f3 de not\u00edcies&#8221;, 18 maig 2016<\/i><\/span><\/div>\n","protected":false},"excerpt":{"rendered":"<p>Avui comen\u00e7a la mostra de teatre de secund\u00e0ria a Blanes, en la qual participaran un grup d&#8217;alumnes del nostre institut amb la representaci\u00f3 d&#8217;una obra cl\u00e0ssica Electra.&nbsp;Durant tot el curs l&#8217;han estat preparant, amb la guia i direcci\u00f3 del professors Albert Prat i Llu\u00eds Sol\u00e9, i ara comencen a recollir el fruit d&#8217;un bon treball. [&hellip;]<\/p>\n","protected":false},"author":1,"featured_media":0,"comment_status":"closed","ping_status":"closed","sticky":false,"template":"","format":"standard","meta":{"_bbp_topic_count":0,"_bbp_reply_count":0,"_bbp_total_topic_count":0,"_bbp_total_reply_count":0,"_bbp_voice_count":0,"_bbp_anonymous_reply_count":0,"_bbp_topic_count_hidden":0,"_bbp_reply_count_hidden":0,"_bbp_forum_subforum_count":0,"site-sidebar-layout":"default","site-content-layout":"","ast-site-content-layout":"","site-content-style":"default","site-sidebar-style":"default","ast-global-header-display":"","ast-banner-title-visibility":"","ast-main-header-display":"","ast-hfb-above-header-display":"","ast-hfb-below-header-display":"","ast-hfb-mobile-header-display":"","site-post-title":"","ast-breadcrumbs-content":"","ast-featured-img":"","footer-sml-layout":"","theme-transparent-header-meta":"","adv-header-id-meta":"","stick-header-meta":"","header-above-stick-meta":"","header-main-stick-meta":"","header-below-stick-meta":"","astra-migrate-meta-layouts":"default","ast-page-background-enabled":"default","ast-page-background-meta":{"desktop":{"background-color":"var(--ast-global-color-4)","background-image":"","background-repeat":"repeat","background-position":"center center","background-size":"auto","background-attachment":"scroll","background-type":"","background-media":"","overlay-type":"","overlay-color":"","overlay-opacity":"","overlay-gradient":""},"tablet":{"background-color":"","background-image":"","background-repeat":"repeat","background-position":"center center","background-size":"auto","background-attachment":"scroll","background-type":"","background-media":"","overlay-type":"","overlay-color":"","overlay-opacity":"","overlay-gradient":""},"mobile":{"background-color":"","background-image":"","background-repeat":"repeat","background-position":"center center","background-size":"auto","background-attachment":"scroll","background-type":"","background-media":"","overlay-type":"","overlay-color":"","overlay-opacity":"","overlay-gradient":""}},"ast-content-background-meta":{"desktop":{"background-color":"var(--ast-global-color-5)","background-image":"","background-repeat":"repeat","background-position":"center center","background-size":"auto","background-attachment":"scroll","background-type":"","background-media":"","overlay-type":"","overlay-color":"","overlay-opacity":"","overlay-gradient":""},"tablet":{"background-color":"var(--ast-global-color-5)","background-image":"","background-repeat":"repeat","background-position":"center center","background-size":"auto","background-attachment":"scroll","background-type":"","background-media":"","overlay-type":"","overlay-color":"","overlay-opacity":"","overlay-gradient":""},"mobile":{"background-color":"var(--ast-global-color-5)","background-image":"","background-repeat":"repeat","background-position":"center center","background-size":"auto","background-attachment":"scroll","background-type":"","background-media":"","overlay-type":"","overlay-color":"","overlay-opacity":"","overlay-gradient":""}},"footnotes":""},"categories":[1,29],"tags":[],"class_list":["post-908","post","type-post","status-publish","format-standard","hentry","category-general","category-portada"],"post_mailing_queue_ids":[],"_links":{"self":[{"href":"https:\/\/agora.xtec.cat\/iesrafaelcampalans\/wp-json\/wp\/v2\/posts\/908","targetHints":{"allow":["GET"]}}],"collection":[{"href":"https:\/\/agora.xtec.cat\/iesrafaelcampalans\/wp-json\/wp\/v2\/posts"}],"about":[{"href":"https:\/\/agora.xtec.cat\/iesrafaelcampalans\/wp-json\/wp\/v2\/types\/post"}],"author":[{"embeddable":true,"href":"https:\/\/agora.xtec.cat\/iesrafaelcampalans\/wp-json\/wp\/v2\/users\/1"}],"replies":[{"embeddable":true,"href":"https:\/\/agora.xtec.cat\/iesrafaelcampalans\/wp-json\/wp\/v2\/comments?post=908"}],"version-history":[{"count":1,"href":"https:\/\/agora.xtec.cat\/iesrafaelcampalans\/wp-json\/wp\/v2\/posts\/908\/revisions"}],"predecessor-version":[{"id":1578,"href":"https:\/\/agora.xtec.cat\/iesrafaelcampalans\/wp-json\/wp\/v2\/posts\/908\/revisions\/1578"}],"wp:attachment":[{"href":"https:\/\/agora.xtec.cat\/iesrafaelcampalans\/wp-json\/wp\/v2\/media?parent=908"}],"wp:term":[{"taxonomy":"category","embeddable":true,"href":"https:\/\/agora.xtec.cat\/iesrafaelcampalans\/wp-json\/wp\/v2\/categories?post=908"},{"taxonomy":"post_tag","embeddable":true,"href":"https:\/\/agora.xtec.cat\/iesrafaelcampalans\/wp-json\/wp\/v2\/tags?post=908"}],"curies":[{"name":"wp","href":"https:\/\/api.w.org\/{rel}","templated":true}]}}