{"id":906,"date":"2016-05-19T12:49:00","date_gmt":"2016-05-19T10:49:00","guid":{"rendered":"http:\/\/agora.xtec.cat\/iesrafaelcampalans\/general\/neus-marti-tona-a-guanyar-el-fonix\/"},"modified":"2017-09-25T23:33:54","modified_gmt":"2017-09-25T21:33:54","slug":"neus-marti-tona-a-guanyar-el-fonix","status":"publish","type":"post","link":"https:\/\/agora.xtec.cat\/iesrafaelcampalans\/general\/neus-marti-tona-a-guanyar-el-fonix\/","title":{"rendered":"Neus Mart\u00ed tona a guanyar el FONIX"},"content":{"rendered":"<div style=\"line-height: 150%; margin-bottom: .0001pt; margin-bottom: 0cm; text-align: justify;\"><\/div>\n<div style=\"clear: both; text-align: center;\"><a href=\"https:\/\/4.bp.blogspot.com\/-X6OpMDXvtGc\/V0V1mOQkYsI\/AAAAAAAAB9Q\/OqXPBbCgSTol9zuPa9T6FxtN_eZ92YeYQCLcB\/s1600\/fonix.JPG\" style=\"margin-left: 1em; margin-right: 1em;\"><img loading=\"lazy\" decoding=\"async\" border=\"0\" height=\"180\" src=\"https:\/\/4.bp.blogspot.com\/-X6OpMDXvtGc\/V0V1mOQkYsI\/AAAAAAAAB9Q\/OqXPBbCgSTol9zuPa9T6FxtN_eZ92YeYQCLcB\/s320\/fonix.JPG\" width=\"320\" \/><\/a><\/div>\n<div style=\"line-height: 150%; margin-bottom: 0.0001pt; text-align: center;\"><span style=\"font-family: &quot;arial&quot; , &quot;sans-serif&quot;; font-size: 12.0pt; line-height: 150%;\"><br \/><\/span><\/div>\n<div style=\"line-height: 150%; margin-bottom: .0001pt; margin-bottom: 0cm; text-align: justify;\"><span style=\"font-family: &quot;arial&quot; , &quot;helvetica&quot; , sans-serif;\"><span style=\"line-height: 150%;\">L\u2019alumna Neus Mart\u00ed, de 1r de Batxillerat, ha quedat classificada en primera posici\u00f3 de la seva categoria en el concurs d\u2019angl\u00e8s The F\u00f2nix. La Neus va participar a la gran final que va tenir lloc el passat 16 d\u2019abril i va obtenir una qualificaci\u00f3 final de 115,2 punts. Aquest primer lloc va acompanyat d\u2019una menci\u00f3 especial, ja que fa dos anys tamb\u00e9 va obtenir un premi en aquest mateix concurs. El lliurament&nbsp;<o:p><\/o:p><\/span><span style=\"line-height: 150%;\">de premis tindr\u00e0 lloc dem\u00e0 20 de maig a les 17.00 a la seu d\u2019INEFC Montju\u00efc a Barcelona i comptar\u00e0 amb la pres\u00e8ncia de la consellera d\u2019Ensenyament Meritxell Ruiz.<\/span><\/span>  <\/p>\n<div style=\"text-align: center;\"><span style=\"font-family: &quot;arial&quot; , &quot;helvetica&quot; , sans-serif;\"><span style=\"line-height: 150%;\"><a href=\"https:\/\/4.bp.blogspot.com\/-2W74ngeybYk\/V0V1nsWcSVI\/AAAAAAAAB9U\/iLtF8RyDSH0EdAivxJB30hO10cj62jSmQCLcB\/s1600\/neus.jpg\" style=\"font-family: 'Times New Roman'; line-height: normal; margin-left: 1em; margin-right: 1em;\"><img loading=\"lazy\" decoding=\"async\" border=\"0\" height=\"320\" src=\"https:\/\/4.bp.blogspot.com\/-2W74ngeybYk\/V0V1nsWcSVI\/AAAAAAAAB9U\/iLtF8RyDSH0EdAivxJB30hO10cj62jSmQCLcB\/s320\/neus.jpg\" width=\"180\" \/><\/a><\/span><\/span><\/div>\n<div style=\"text-align: left;\"><\/div>\n<div style=\"text-align: left;\"><span style=\"font-family: &quot;arial&quot; , &quot;helvetica&quot; , sans-serif; line-height: 150%; text-align: justify;\">Cal destacar tamb\u00e9 que la Neus ha obtingut una beca de la Fundaci\u00f3 Riera Gubau que li permetr\u00e0 fer una estada de quatre setmanes a Michigan, als Estats Units.<\/span><\/div>\n<\/div>\n<div style=\"line-height: 150%; margin-bottom: .0001pt; margin-bottom: 0cm; text-align: justify;\"><span style=\"font-family: &quot;arial&quot; , &quot;helvetica&quot; , sans-serif; line-height: 150%;\">Des del departament de Lleng\u00fces estrangeres, i tamb\u00e9 des del centre,&nbsp; volem felicitar la Neus i animar-la a&nbsp; gaudir al m\u00e0xim de les experi\u00e8ncies que aquests premis li permetran viure.&nbsp;<\/span><span style=\"font-family: arial, helvetica, sans-serif; line-height: 150%;\">Felicitats Neus!<\/span><\/div>\n<div style=\"text-align: center;\"><a href=\"https:\/\/3.bp.blogspot.com\/-QzIIfrFsWWQ\/Vz2Z17EAaVI\/AAAAAAAAB6M\/jxsaGffl7X0xiHU-dulosn6Fv30DFQY-QCKgB\/s1600\/fonix.jpg\" style=\"margin-left: 1em; margin-right: 1em;\"><img decoding=\"async\" border=\"0\" src=\"https:\/\/3.bp.blogspot.com\/-QzIIfrFsWWQ\/Vz2Z17EAaVI\/AAAAAAAAB6M\/jxsaGffl7X0xiHU-dulosn6Fv30DFQY-QCKgB\/s1600\/fonix.jpg\" \/><\/a><\/p>\n<\/div>\n<div style=\"line-height: 150%; margin-bottom: 0.0001pt; text-align: right;\"><span style=\"font-family: &quot;arial&quot; , &quot;sans-serif&quot;; font-size: x-small; line-height: 150%;\"><i>&#8220;Falc\u00f3 de not\u00edcies&#8221;, 19 maig 2016<\/i><\/span><\/div>\n","protected":false},"excerpt":{"rendered":"<p>L\u2019alumna Neus Mart\u00ed, de 1r de Batxillerat, ha quedat classificada en primera posici\u00f3 de la seva categoria en el concurs d\u2019angl\u00e8s The F\u00f2nix. La Neus va participar a la gran final que va tenir lloc el passat 16 d\u2019abril i va obtenir una qualificaci\u00f3 final de 115,2 punts. Aquest primer lloc va acompanyat d\u2019una menci\u00f3 [&hellip;]<\/p>\n","protected":false},"author":1,"featured_media":0,"comment_status":"closed","ping_status":"closed","sticky":false,"template":"","format":"standard","meta":{"_bbp_topic_count":0,"_bbp_reply_count":0,"_bbp_total_topic_count":0,"_bbp_total_reply_count":0,"_bbp_voice_count":0,"_bbp_anonymous_reply_count":0,"_bbp_topic_count_hidden":0,"_bbp_reply_count_hidden":0,"_bbp_forum_subforum_count":0,"site-sidebar-layout":"default","site-content-layout":"","ast-site-content-layout":"","site-content-style":"default","site-sidebar-style":"default","ast-global-header-display":"","ast-banner-title-visibility":"","ast-main-header-display":"","ast-hfb-above-header-display":"","ast-hfb-below-header-display":"","ast-hfb-mobile-header-display":"","site-post-title":"","ast-breadcrumbs-content":"","ast-featured-img":"","footer-sml-layout":"","theme-transparent-header-meta":"","adv-header-id-meta":"","stick-header-meta":"","header-above-stick-meta":"","header-main-stick-meta":"","header-below-stick-meta":"","astra-migrate-meta-layouts":"default","ast-page-background-enabled":"default","ast-page-background-meta":{"desktop":{"background-color":"var(--ast-global-color-4)","background-image":"","background-repeat":"repeat","background-position":"center center","background-size":"auto","background-attachment":"scroll","background-type":"","background-media":"","overlay-type":"","overlay-color":"","overlay-opacity":"","overlay-gradient":""},"tablet":{"background-color":"","background-image":"","background-repeat":"repeat","background-position":"center center","background-size":"auto","background-attachment":"scroll","background-type":"","background-media":"","overlay-type":"","overlay-color":"","overlay-opacity":"","overlay-gradient":""},"mobile":{"background-color":"","background-image":"","background-repeat":"repeat","background-position":"center center","background-size":"auto","background-attachment":"scroll","background-type":"","background-media":"","overlay-type":"","overlay-color":"","overlay-opacity":"","overlay-gradient":""}},"ast-content-background-meta":{"desktop":{"background-color":"var(--ast-global-color-5)","background-image":"","background-repeat":"repeat","background-position":"center center","background-size":"auto","background-attachment":"scroll","background-type":"","background-media":"","overlay-type":"","overlay-color":"","overlay-opacity":"","overlay-gradient":""},"tablet":{"background-color":"var(--ast-global-color-5)","background-image":"","background-repeat":"repeat","background-position":"center center","background-size":"auto","background-attachment":"scroll","background-type":"","background-media":"","overlay-type":"","overlay-color":"","overlay-opacity":"","overlay-gradient":""},"mobile":{"background-color":"var(--ast-global-color-5)","background-image":"","background-repeat":"repeat","background-position":"center center","background-size":"auto","background-attachment":"scroll","background-type":"","background-media":"","overlay-type":"","overlay-color":"","overlay-opacity":"","overlay-gradient":""}},"footnotes":""},"categories":[1,29],"tags":[],"class_list":["post-906","post","type-post","status-publish","format-standard","hentry","category-general","category-portada"],"post_mailing_queue_ids":[],"_links":{"self":[{"href":"https:\/\/agora.xtec.cat\/iesrafaelcampalans\/wp-json\/wp\/v2\/posts\/906","targetHints":{"allow":["GET"]}}],"collection":[{"href":"https:\/\/agora.xtec.cat\/iesrafaelcampalans\/wp-json\/wp\/v2\/posts"}],"about":[{"href":"https:\/\/agora.xtec.cat\/iesrafaelcampalans\/wp-json\/wp\/v2\/types\/post"}],"author":[{"embeddable":true,"href":"https:\/\/agora.xtec.cat\/iesrafaelcampalans\/wp-json\/wp\/v2\/users\/1"}],"replies":[{"embeddable":true,"href":"https:\/\/agora.xtec.cat\/iesrafaelcampalans\/wp-json\/wp\/v2\/comments?post=906"}],"version-history":[{"count":1,"href":"https:\/\/agora.xtec.cat\/iesrafaelcampalans\/wp-json\/wp\/v2\/posts\/906\/revisions"}],"predecessor-version":[{"id":1576,"href":"https:\/\/agora.xtec.cat\/iesrafaelcampalans\/wp-json\/wp\/v2\/posts\/906\/revisions\/1576"}],"wp:attachment":[{"href":"https:\/\/agora.xtec.cat\/iesrafaelcampalans\/wp-json\/wp\/v2\/media?parent=906"}],"wp:term":[{"taxonomy":"category","embeddable":true,"href":"https:\/\/agora.xtec.cat\/iesrafaelcampalans\/wp-json\/wp\/v2\/categories?post=906"},{"taxonomy":"post_tag","embeddable":true,"href":"https:\/\/agora.xtec.cat\/iesrafaelcampalans\/wp-json\/wp\/v2\/tags?post=906"}],"curies":[{"name":"wp","href":"https:\/\/api.w.org\/{rel}","templated":true}]}}