{"id":905,"date":"2016-05-21T13:05:00","date_gmt":"2016-05-21T11:05:00","guid":{"rendered":"http:\/\/agora.xtec.cat\/iesrafaelcampalans\/general\/guanyadors-dun-primer-premi-del-videomat-2016\/"},"modified":"2017-09-25T23:33:54","modified_gmt":"2017-09-25T21:33:54","slug":"guanyadors-dun-primer-premi-del-videomat-2016","status":"publish","type":"post","link":"https:\/\/agora.xtec.cat\/iesrafaelcampalans\/general\/guanyadors-dun-primer-premi-del-videomat-2016\/","title":{"rendered":"Guanyadors d&#8217;un primer premi del v\u00eddeoMAT 2016"},"content":{"rendered":"<div style=\"clear: both; text-align: center;\"><a href=\"https:\/\/1f38ada3-a-62cb3a1a-s-sites.googlegroups.com\/site\/magatzemcampalans\/imatges2\/videomat%20(1).jpg?attachauth=ANoY7crOxGGcqQpCmkOs61C8iaqFUXzp3DG6nvwJvWIvvmn3tAPQeDsc-UywLMgpQn_BhAM0TvC88spQ4_jW_0RjLvHLwjEn87LtS2TMq4A133STJ9TcKsOf3ehuTq-cYQRe3nYv9zfdZY5zXuTVLCr3jIzm4hnx7eTpYlpeVoxpzb7ockHVywuXe2zIx-qQp4BJ4EhinIEE6Xsmakcgia9IKuYCAxJq4MmIk66_kBo9ETflVevh6Dw%3D&amp;attredirects=0\" style=\"margin-left: 1em; margin-right: 1em;\"><img loading=\"lazy\" decoding=\"async\" border=\"0\" height=\"225\" src=\"https:\/\/1f38ada3-a-62cb3a1a-s-sites.googlegroups.com\/site\/magatzemcampalans\/imatges2\/videomat%20(1).jpg?attachauth=ANoY7crOxGGcqQpCmkOs61C8iaqFUXzp3DG6nvwJvWIvvmn3tAPQeDsc-UywLMgpQn_BhAM0TvC88spQ4_jW_0RjLvHLwjEn87LtS2TMq4A133STJ9TcKsOf3ehuTq-cYQRe3nYv9zfdZY5zXuTVLCr3jIzm4hnx7eTpYlpeVoxpzb7ockHVywuXe2zIx-qQp4BJ4EhinIEE6Xsmakcgia9IKuYCAxJq4MmIk66_kBo9ETflVevh6Dw%3D&amp;attredirects=0\" width=\"400\" \/><\/a><\/div>\n<div style=\"clear: both; text-align: center;\"><\/div>\n<div style=\"text-align: justify;\"><span style=\"color: #222222; font-family: &quot;arial&quot; , &quot;helvetica&quot; , sans-serif; line-height: 24px;\">Un grup d&#8217;alumnes de 2n d&#8217;ESO del &nbsp;nostre institut ha guanyat un del primers premis en la categoria que correspon a 1r, 2n i 3r del concurs de matem\u00e0tiques&nbsp;<\/span><b style=\"color: #222222; font-family: Arial, Helvetica, sans-serif; line-height: 24px;\">Videomat<\/b><span style=\"color: #222222; font-family: &quot;arial&quot; , &quot;helvetica&quot; , sans-serif; line-height: 24px;\">. El curs passat un grup de noies de 3r tamb\u00e9 varen confeccionar un v\u00eddeo -que en el seu moment ja vam penjar en aquest web- van participar en aquest concurs, tot i que en aquell moment no van guanyar. Aquest any s\u00ed!<\/span><br \/><a name='more'><\/a><\/div>\n<div style=\"text-align: justify;\"><span style=\"background-color: white; color: #222222; font-family: &quot;arial&quot; , &quot;helvetica&quot; , sans-serif; font-style: inherit; font-weight: inherit; line-height: 24px;\">El jurat del v\u00eddeoMAT 2016, format per representants &nbsp;del CESIRE del Departament d\u2019Ensenyament, del Museu de Matem\u00e0tiques de Catalunya (MMACA), de la Societat Catalana de Matem\u00e0tiques (SCM), de la Federaci\u00f3 d\u2019Entitats per a l\u2019Ensenyament de les Matem\u00e0tiques de Catalunya (FEEMCAT), de la Societat Balear de Matem\u00e0tiques (SBM-Xeix), de l\u2019Info K de TVC, de Cinema en curs, i per persones independents de<\/span><span style=\"background-color: white; color: #222222; font-style: inherit; font-weight: inherit; line-height: 24px;\"><span style=\"font-family: &quot;arial&quot; , &quot;helvetica&quot; , sans-serif;\">l m\u00f3n de les Matem\u00e0tiques i el m\u00f3n audiovisual, ha concedit els premis d&#8217;enguany, entre els quals el nostre.<\/span><\/span><\/div>\n<div style=\"text-align: justify;\"><span style=\"background-color: white; color: #222222; font-style: inherit; font-weight: inherit; line-height: 24px;\"><span style=\"font-family: &quot;arial&quot; , &quot;helvetica&quot; , sans-serif;\">Els alumnes, molt contents, acompanyats d&#8217;alguns pares i del professor de matem\u00e0tiques del centre, Rafael Mart\u00ed, van rebre el guard\u00f3 pel seu v\u00eddeo titulat&nbsp;<\/span><\/span><span style=\"color: #222222; line-height: 24px;\"><span style=\"font-family: &quot;arial&quot; , &quot;helvetica&quot; , sans-serif;\"><i style=\"font-weight: bold;\">Nom\u00e9s es poden enrajolar parets amb quadril\u00e0ters? <\/i>Els alumnes havien de plantejar una q\u00fcesti\u00f3 i resoldre-la matem\u00e0ticament, i tot seguit fer el v\u00eddeo.<\/span><\/span><\/div>\n<div style=\"text-align: justify;\"><span style=\"background-color: white; color: #222222; font-family: &quot;arial&quot; , &quot;helvetica&quot; , sans-serif; font-style: inherit; font-weight: inherit; line-height: 24px;\">A sota mateix, hi teniu l&#8217;enlla\u00e7 que us permetr\u00e0 visionar el v\u00eddeo i gaudir del bon treball matem\u00e0tic que han realitzat aquests nois i noies.<\/span><\/div>\n<div style=\"text-align: justify;\"><span style=\"background-color: white; color: #222222; font-style: inherit; font-weight: inherit; line-height: 24px;\"><span style=\"font-family: &quot;arial&quot; , &quot;helvetica&quot; , sans-serif;\">Moltes felicitats, alumnes i professor!<\/span><\/span><\/div>\n<div style=\"text-align: justify;\">\n<div style=\"clear: both; text-align: center;\"><iframe loading=\"lazy\" allowfullscreen=\"\" data-thumbnail-src=\"https:\/\/i.ytimg.com\/vi\/b0ENyc68tns\/0.jpg\" frameborder=\"0\" height=\"266\" src=\"https:\/\/www.youtube.com\/embed\/b0ENyc68tns?feature=player_embedded\" width=\"320\"><\/iframe><\/div>\n<p><\/div>\n<div style=\"text-align: justify;\">\n<div style=\"text-align: right;\"><span style=\"font-family: &quot;arial&quot; , &quot;helvetica&quot; , sans-serif; font-size: x-small;\"><i>&#8220;Falc\u00f3 de not\u00edcies&#8221; 21 de maig 2016<\/i><\/span><\/div>\n<\/div>\n","protected":false},"excerpt":{"rendered":"<p>Un grup d&#8217;alumnes de 2n d&#8217;ESO del &nbsp;nostre institut ha guanyat un del primers premis en la categoria que correspon a 1r, 2n i 3r del concurs de matem\u00e0tiques&nbsp;Videomat. El curs passat un grup de noies de 3r tamb\u00e9 varen confeccionar un v\u00eddeo -que en el seu moment ja vam penjar en aquest web- van [&hellip;]<\/p>\n","protected":false},"author":1,"featured_media":0,"comment_status":"closed","ping_status":"closed","sticky":false,"template":"","format":"standard","meta":{"_bbp_topic_count":0,"_bbp_reply_count":0,"_bbp_total_topic_count":0,"_bbp_total_reply_count":0,"_bbp_voice_count":0,"_bbp_anonymous_reply_count":0,"_bbp_topic_count_hidden":0,"_bbp_reply_count_hidden":0,"_bbp_forum_subforum_count":0,"site-sidebar-layout":"default","site-content-layout":"","ast-site-content-layout":"","site-content-style":"default","site-sidebar-style":"default","ast-global-header-display":"","ast-banner-title-visibility":"","ast-main-header-display":"","ast-hfb-above-header-display":"","ast-hfb-below-header-display":"","ast-hfb-mobile-header-display":"","site-post-title":"","ast-breadcrumbs-content":"","ast-featured-img":"","footer-sml-layout":"","theme-transparent-header-meta":"","adv-header-id-meta":"","stick-header-meta":"","header-above-stick-meta":"","header-main-stick-meta":"","header-below-stick-meta":"","astra-migrate-meta-layouts":"default","ast-page-background-enabled":"default","ast-page-background-meta":{"desktop":{"background-color":"var(--ast-global-color-4)","background-image":"","background-repeat":"repeat","background-position":"center center","background-size":"auto","background-attachment":"scroll","background-type":"","background-media":"","overlay-type":"","overlay-color":"","overlay-opacity":"","overlay-gradient":""},"tablet":{"background-color":"","background-image":"","background-repeat":"repeat","background-position":"center center","background-size":"auto","background-attachment":"scroll","background-type":"","background-media":"","overlay-type":"","overlay-color":"","overlay-opacity":"","overlay-gradient":""},"mobile":{"background-color":"","background-image":"","background-repeat":"repeat","background-position":"center center","background-size":"auto","background-attachment":"scroll","background-type":"","background-media":"","overlay-type":"","overlay-color":"","overlay-opacity":"","overlay-gradient":""}},"ast-content-background-meta":{"desktop":{"background-color":"var(--ast-global-color-5)","background-image":"","background-repeat":"repeat","background-position":"center center","background-size":"auto","background-attachment":"scroll","background-type":"","background-media":"","overlay-type":"","overlay-color":"","overlay-opacity":"","overlay-gradient":""},"tablet":{"background-color":"var(--ast-global-color-5)","background-image":"","background-repeat":"repeat","background-position":"center center","background-size":"auto","background-attachment":"scroll","background-type":"","background-media":"","overlay-type":"","overlay-color":"","overlay-opacity":"","overlay-gradient":""},"mobile":{"background-color":"var(--ast-global-color-5)","background-image":"","background-repeat":"repeat","background-position":"center center","background-size":"auto","background-attachment":"scroll","background-type":"","background-media":"","overlay-type":"","overlay-color":"","overlay-opacity":"","overlay-gradient":""}},"footnotes":""},"categories":[1,29],"tags":[],"class_list":["post-905","post","type-post","status-publish","format-standard","hentry","category-general","category-portada"],"post_mailing_queue_ids":[],"_links":{"self":[{"href":"https:\/\/agora.xtec.cat\/iesrafaelcampalans\/wp-json\/wp\/v2\/posts\/905","targetHints":{"allow":["GET"]}}],"collection":[{"href":"https:\/\/agora.xtec.cat\/iesrafaelcampalans\/wp-json\/wp\/v2\/posts"}],"about":[{"href":"https:\/\/agora.xtec.cat\/iesrafaelcampalans\/wp-json\/wp\/v2\/types\/post"}],"author":[{"embeddable":true,"href":"https:\/\/agora.xtec.cat\/iesrafaelcampalans\/wp-json\/wp\/v2\/users\/1"}],"replies":[{"embeddable":true,"href":"https:\/\/agora.xtec.cat\/iesrafaelcampalans\/wp-json\/wp\/v2\/comments?post=905"}],"version-history":[{"count":1,"href":"https:\/\/agora.xtec.cat\/iesrafaelcampalans\/wp-json\/wp\/v2\/posts\/905\/revisions"}],"predecessor-version":[{"id":1575,"href":"https:\/\/agora.xtec.cat\/iesrafaelcampalans\/wp-json\/wp\/v2\/posts\/905\/revisions\/1575"}],"wp:attachment":[{"href":"https:\/\/agora.xtec.cat\/iesrafaelcampalans\/wp-json\/wp\/v2\/media?parent=905"}],"wp:term":[{"taxonomy":"category","embeddable":true,"href":"https:\/\/agora.xtec.cat\/iesrafaelcampalans\/wp-json\/wp\/v2\/categories?post=905"},{"taxonomy":"post_tag","embeddable":true,"href":"https:\/\/agora.xtec.cat\/iesrafaelcampalans\/wp-json\/wp\/v2\/tags?post=905"}],"curies":[{"name":"wp","href":"https:\/\/api.w.org\/{rel}","templated":true}]}}