{"id":894,"date":"2016-06-01T18:04:00","date_gmt":"2016-06-01T16:04:00","guid":{"rendered":"http:\/\/agora.xtec.cat\/iesrafaelcampalans\/general\/els-guanyadors-de-lolimpiada-deconomia-2016\/"},"modified":"2017-09-25T23:33:28","modified_gmt":"2017-09-25T21:33:28","slug":"els-guanyadors-de-lolimpiada-deconomia-2016","status":"publish","type":"post","link":"https:\/\/agora.xtec.cat\/iesrafaelcampalans\/general\/els-guanyadors-de-lolimpiada-deconomia-2016\/","title":{"rendered":"Els guanyadors de l&#8217;Olimp\u00edada d&#8217;Economia 2016"},"content":{"rendered":"<h5 style=\"background: none 0% 0% repeat scroll rgb(255, 255, 255); border: 0px; font-family: Verdana, helvetica, sans-serif; font-stretch: normal; margin: 2ex 0px 1ex; padding: 0px; vertical-align: baseline;\"><span style=\"font-weight: normal;\"><span style=\"font-size: small;\">PREMIATS 2016<\/span><\/span><\/h5>\n<div style=\"background-color: white; border: 0px; color: #404040; font-stretch: inherit; margin-bottom: 1ex; margin-top: 1ex; padding: 0px; text-align: justify; vertical-align: baseline;\"><span style=\"font-family: &quot;arial&quot; , &quot;helvetica&quot; , sans-serif;\">Aquest any ha estat la primera vegada que alumnes de l&#8217;institut participaven a l&#8217;Olimp\u00edada d&#8217;Economia que organitza la Facultat de Ci\u00e8ncies Econ\u00f2miques i Empresarials de la UdG. I per ser el primer cop no ha estat gens malament, ja que la nostra alumna de 2n de Batxillerat, Anna Jord\u00e0 Rigau s&#8217;ha emportat un bon cinqu\u00e8 lloc. L&#8217;Anna ha explicat que ha estat una magn\u00edfica experi\u00e8ncia que li ha perm\u00e8s posar a prova els seus coneixements fora del context de l&#8217;aula de l&#8217;institut, i a m\u00e9s de ser un bon exercici de preparaci\u00f3 de les proves de selectivitat, les PAU.<\/span><\/div>\n<div style=\"background: none 0% 0% repeat scroll rgb(255, 255, 255); border: 0px; color: #404040; font-stretch: inherit; margin-bottom: 1ex; margin-top: 1ex; padding: 0px; text-align: justify; vertical-align: baseline;\"><span style=\"font-family: &quot;arial&quot; , &quot;helvetica&quot; , sans-serif;\">Els tres primers classificats (per ordre alfab\u00e8tic) de la fase local UdG de les Olimp\u00edades d&#8217;Economia 2016 van ser:<\/span><\/div>\n<div style=\"background: none 0% 0% repeat scroll rgb(255, 255, 255); border: 0px; color: #404040; font-stretch: inherit; margin-bottom: 1ex; margin-top: 1ex; padding: 0px; text-align: justify; vertical-align: baseline;\"><span style=\"font-family: &quot;arial&quot; , &quot;helvetica&quot; , sans-serif;\"><strong style=\"border: 0px; font-stretch: inherit; font-style: inherit; font-variant: inherit; line-height: inherit; margin: 0px; padding: 0px; vertical-align: baseline;\">Vanessa Castell\u00f3 Morales<\/strong><span style=\"border: 0px; font-stretch: inherit; font-style: inherit; font-variant: inherit; font-weight: inherit; line-height: inherit; margin: 0px; padding: 0px; vertical-align: baseline;\">&nbsp;del&nbsp;&nbsp;Col\u00b7legi&nbsp;<\/span><strong style=\"border: 0px; font-stretch: inherit; font-style: inherit; font-variant: inherit; line-height: inherit; margin: 0px; padding: 0px; vertical-align: baseline;\">La Salle&nbsp;<\/strong><span style=\"border: 0px; font-stretch: inherit; font-style: inherit; font-variant: inherit; font-weight: inherit; line-height: inherit; margin: 0px; padding: 0px; vertical-align: baseline;\">de Girona.<\/span><\/span><\/div>\n<div style=\"background: none 0% 0% repeat scroll rgb(255, 255, 255); border: 0px; color: #404040; font-stretch: inherit; margin-bottom: 1ex; margin-top: 1ex; padding: 0px; text-align: justify; vertical-align: baseline;\"><span style=\"font-family: &quot;arial&quot; , &quot;helvetica&quot; , sans-serif;\"><strong style=\"border: 0px; font-stretch: inherit; font-style: inherit; font-variant: inherit; line-height: inherit; margin: 0px; padding: 0px; vertical-align: baseline;\">Nil D\u00edaz Lloancy<\/strong>&nbsp; de&nbsp;&nbsp;l&#8217;Institut&nbsp;&nbsp;<strong style=\"border: 0px; font-stretch: inherit; font-style: inherit; font-variant: inherit; line-height: inherit; margin: 0px; padding: 0px; vertical-align: baseline;\">Cap Norfeu<\/strong>&nbsp;de Roses.<\/span><\/div>\n<div style=\"background: none 0% 0% repeat scroll rgb(255, 255, 255); border: 0px; color: #404040; font-stretch: inherit; margin-bottom: 1ex; margin-top: 1ex; padding: 0px; text-align: justify; vertical-align: baseline;\"><span style=\"font-family: &quot;arial&quot; , &quot;helvetica&quot; , sans-serif;\"><strong style=\"border: 0px; font-stretch: inherit; font-style: inherit; font-variant: inherit; line-height: inherit; margin: 0px; padding: 0px; vertical-align: baseline;\">Carla Feliu Vila<\/strong>&nbsp; de&nbsp;&nbsp;l&#8217;Institut&nbsp;&nbsp;<strong style=\"border: 0px; font-stretch: inherit; font-style: inherit; font-variant: inherit; line-height: inherit; margin: 0px; padding: 0px; vertical-align: baseline;\">Pla de l&#8217;Estany<\/strong>&nbsp;de Banyoles.<\/span><\/div>\n<div style=\"background: none 0% 0% repeat scroll rgb(255, 255, 255); border: 0px; color: #404040; font-stretch: inherit; margin-bottom: 1ex; margin-top: 1ex; padding: 0px; text-align: justify; vertical-align: baseline;\"><span style=\"font-family: &quot;arial&quot; , &quot;helvetica&quot; , sans-serif;\">El dia del lliurament de premis es comunicar\u00e0 l&#8217;ordre dels premiats.&nbsp;<span style=\"border-image-outset: initial; border-image-repeat: initial; border-image-slice: initial; border-image-source: initial; border-image-width: initial; border: 0px; font-stretch: inherit; font-style: inherit; font-variant: inherit; font-weight: inherit; line-height: inherit; margin: 0px; padding: 0px; vertical-align: baseline;\">L&#8217;enhorabona&nbsp;als tres guanyadors\/res i als seus respectius Centres i professors\/res, Elisa Boix, Magda Tresseras i Adriana Bonet.<\/span><\/span><\/div>\n<div style=\"clear: both; text-align: center;\"><a href=\"https:\/\/4.bp.blogspot.com\/-7ar4iCIsGd4\/V08EqHWF9ZI\/AAAAAAAAB_A\/ZYUb7qtMxOQgaIc7mXrQC1LwNoUbgGWBACLcB\/s1600\/IMG_0455.jpg\" style=\"margin-left: 1em; margin-right: 1em;\"><img loading=\"lazy\" decoding=\"async\" border=\"0\" height=\"266\" src=\"https:\/\/4.bp.blogspot.com\/-7ar4iCIsGd4\/V08EqHWF9ZI\/AAAAAAAAB_A\/ZYUb7qtMxOQgaIc7mXrQC1LwNoUbgGWBACLcB\/s400\/IMG_0455.jpg\" width=\"400\" \/><\/a><\/div>\n<div style=\"background: none 0% 0% repeat scroll rgb(255, 255, 255); border: 0px; color: #404040; font-stretch: inherit; margin-bottom: 1ex; margin-top: 1ex; padding: 0px; text-align: justify; vertical-align: baseline;\">\n<div style=\"text-align: justify;\"><span style=\"font-family: &quot;arial&quot; , &quot;helvetica&quot; , sans-serif;\">A m\u00e9s dels 3 guanyadors que reben el premi, els resultats de la resta de classificats fins a la desena posici\u00f3 s\u00f3n els seg\u00fcents:<\/span><span style=\"font-family: &quot;arial&quot; , &quot;helvetica&quot; , sans-serif;\"><\/span><\/div>\n<\/div>\n<div style=\"background: none 0% 0% repeat scroll rgb(255, 255, 255); border: 0px; color: #404040; font-stretch: inherit; margin-bottom: 1ex; margin-top: 1ex; padding: 0px; text-align: justify; vertical-align: baseline;\"><span style=\"font-family: &quot;arial&quot; , &quot;helvetica&quot; , sans-serif;\">4a posici\u00f3: Judith Poch Oll\u00e9 de l&#8217;Institut Jaume Vicens Vives de Girona.<\/span><\/div>\n<div style=\"background: none 0% 0% repeat scroll rgb(255, 255, 255); border: 0px; color: #404040; font-stretch: inherit; margin-bottom: 1ex; margin-top: 1ex; padding: 0px; text-align: justify; vertical-align: baseline;\"><b><span style=\"font-family: &quot;arial&quot; , &quot;helvetica&quot; , sans-serif;\">5a posici\u00f3: Anna Jord\u00e0 Rigau de l&#8217;Institut Rafael Campalans d&#8217;Angl\u00e8s.<\/span><\/b><br \/><a name='more'><\/a><\/div>\n<div style=\"background: none 0% 0% repeat scroll rgb(255, 255, 255); border: 0px; color: #404040; font-stretch: inherit; margin-bottom: 1ex; margin-top: 1ex; padding: 0px; text-align: justify; vertical-align: baseline;\"><span style=\"font-family: &quot;arial&quot; , &quot;helvetica&quot; , sans-serif;\">6a posici\u00f3: David Cot Ca\u00f1igueral de l&#8217;Institut de Cass\u00e0 de la Selva.<\/span><\/div>\n<div style=\"background: none 0% 0% repeat scroll rgb(255, 255, 255); border: 0px; color: #404040; font-stretch: inherit; margin-bottom: 1ex; margin-top: 1ex; padding: 0px; text-align: justify; vertical-align: baseline;\"><span style=\"font-family: &quot;arial&quot; , &quot;helvetica&quot; , sans-serif;\">7a posici\u00f3: Mario G\u00fcera Duch de l&#8217;Institut Serrallarga de Blanes.<\/span><\/div>\n<div style=\"background: none 0% 0% repeat scroll rgb(255, 255, 255); border: 0px; color: #404040; font-stretch: inherit; margin-bottom: 1ex; margin-top: 1ex; padding: 0px; text-align: justify; vertical-align: baseline;\"><span style=\"font-family: &quot;arial&quot; , &quot;helvetica&quot; , sans-serif;\">8a posici\u00f3: Irene Rodr\u00edguez L\u00f3pez de l&#8217;Institut Montilivi de Girona.<\/span><\/div>\n<div style=\"background: none 0% 0% repeat scroll rgb(255, 255, 255); border: 0px; color: #404040; font-stretch: inherit; margin-bottom: 1ex; margin-top: 1ex; padding: 0px; text-align: justify; vertical-align: baseline;\"><span style=\"font-family: &quot;arial&quot; , &quot;helvetica&quot; , sans-serif;\">9a posici\u00f3: Paula Llanet Ferrer de&nbsp;&nbsp;l&#8217;Institut Cap Norfeu<strong style=\"border: 0px; font-stretch: inherit; font-style: inherit; font-variant: inherit; line-height: inherit; margin: 0px; padding: 0px; vertical-align: baseline;\">&nbsp;<\/strong>de Roses.<\/span><\/div>\n<div style=\"background: none 0% 0% repeat scroll rgb(255, 255, 255); border: 0px; color: #404040; font-stretch: inherit; margin-bottom: 1ex; margin-top: 1ex; padding: 0px; text-align: justify; vertical-align: baseline;\"><span style=\"font-family: &quot;arial&quot; , &quot;helvetica&quot; , sans-serif;\">10a posici\u00f3: Ros\u00f3 Soler Paul\u00ed de l&#8217;Institut Jaume Vicens Vives de Girona.<\/span><\/div>\n<div style=\"background: none 0% 0% repeat scroll rgb(255, 255, 255); border: 0px; color: #404040; font-stretch: inherit; margin-bottom: 1ex; margin-top: 1ex; padding: 0px; text-align: justify; vertical-align: baseline;\"><span style=\"font-family: &quot;arial&quot; , &quot;helvetica&quot; , sans-serif; font-style: inherit; font-variant: inherit; font-weight: inherit; line-height: inherit;\">Felicitem tamb\u00e9 tots els estudiants\/tes i centres participants, pel seu inter\u00e8s i bon fer en les proves de la fase local de l&#8217;Olimp\u00edada.<\/span><\/div>\n<div style=\"background: none 0% 0% repeat scroll rgb(255, 255, 255); border: 0px; color: #404040; font-stretch: inherit; margin-bottom: 1ex; margin-top: 1ex; padding: 0px; text-align: justify; vertical-align: baseline;\"><span style=\"border: 0px; font-family: &quot;arial&quot; , &quot;helvetica&quot; , sans-serif; font-stretch: inherit; font-style: inherit; font-variant: inherit; line-height: inherit; margin: 0px; padding: 0px; vertical-align: baseline;\">L&#8217;acte de lliurament de premis tindr\u00e0 lloc<\/span><span style=\"border: 0px; font-family: &quot;arial&quot; , &quot;helvetica&quot; , sans-serif; font-stretch: inherit; font-style: inherit; font-variant: inherit; font-weight: bold; line-height: inherit; margin: 0px; padding: 0px; vertical-align: baseline;\">&nbsp;<\/span><span style=\"border: 0px; font-family: &quot;arial&quot; , &quot;helvetica&quot; , sans-serif; font-stretch: inherit; font-style: inherit; font-variant: inherit; font-weight: inherit; line-height: inherit; margin: 0px; padding: 0px; vertical-align: baseline;\">dilluns,&nbsp;<\/span><strong style=\"border: 0px; font-family: Arial, Helvetica, sans-serif; font-stretch: inherit; font-style: inherit; font-variant: inherit; line-height: inherit; margin: 0px; padding: 0px; vertical-align: baseline;\">6 de juny de 2016 a les 17,30h,<\/strong><span style=\"border: 0px; font-family: &quot;arial&quot; , &quot;helvetica&quot; , sans-serif; font-stretch: inherit; font-style: inherit; font-variant: inherit; font-weight: inherit; line-height: inherit; margin: 0px; padding: 0px; vertical-align: baseline;\">&nbsp;juntament amb responsables de les entitats col\u00b7laboradores. Es realitzar\u00e0 a la&nbsp;<\/span><strong style=\"border: 0px; font-family: Arial, Helvetica, sans-serif; font-stretch: inherit; font-style: inherit; font-variant: inherit; line-height: inherit; margin: 0px; padding: 0px; vertical-align: baseline;\">Sala de Graus de la Facultat de Ci\u00e8ncies Econ\u00f2miques i Empresarials<\/strong><span style=\"border: 0px; font-family: &quot;arial&quot; , &quot;helvetica&quot; , sans-serif; font-stretch: inherit; font-style: inherit; font-variant: inherit; font-weight: inherit; line-height: inherit; margin: 0px; padding: 0px; vertical-align: baseline;\">&nbsp;de la UdG.<\/span><\/div>\n<div style=\"background: none 0% 0% repeat scroll rgb(255, 255, 255); border: 0px; color: #404040; font-stretch: inherit; margin: 6pt 0cm 0pt; padding: 0px; text-align: justify; vertical-align: baseline;\"><span style=\"font-family: &quot;arial&quot; , &quot;helvetica&quot; , sans-serif;\">En aquest acte \u00e9s lliuraran els premis als tres guanyadors de la fase local, que a m\u00e9s, passaran a participar a la&nbsp;<strong style=\"border-image-outset: initial; border-image-repeat: initial; border-image-slice: initial; border-image-source: initial; border-image-width: initial; border: 0px; font-stretch: inherit; font-style: inherit; font-variant: inherit; line-height: inherit; margin: 0px; padding: 0px; vertical-align: baseline;\">fase final<\/strong>&nbsp;que tindr\u00e0 lloc a la Universitat de Valladolid, &nbsp;els dies 22, 23 i 24 de juny de 2016.<\/span><\/div>\n<div style=\"background: none 0% 0% repeat scroll rgb(255, 255, 255); border: 0px; color: #404040; font-stretch: inherit; margin: 6pt 0cm 0pt; padding: 0px; text-align: right; vertical-align: baseline;\"><span style=\"font-family: &quot;arial&quot; , &quot;helvetica&quot; , sans-serif; font-size: x-small;\"><i>&#8220;Falc\u00f3 de not\u00edcies&#8221;, 1 de junt 2016<\/i><\/span><\/div>\n","protected":false},"excerpt":{"rendered":"<p>PREMIATS 2016 Aquest any ha estat la primera vegada que alumnes de l&#8217;institut participaven a l&#8217;Olimp\u00edada d&#8217;Economia que organitza la Facultat de Ci\u00e8ncies Econ\u00f2miques i Empresarials de la UdG. I per ser el primer cop no ha estat gens malament, ja que la nostra alumna de 2n de Batxillerat, Anna Jord\u00e0 Rigau s&#8217;ha emportat un [&hellip;]<\/p>\n","protected":false},"author":1,"featured_media":0,"comment_status":"closed","ping_status":"closed","sticky":false,"template":"","format":"standard","meta":{"_bbp_topic_count":0,"_bbp_reply_count":0,"_bbp_total_topic_count":0,"_bbp_total_reply_count":0,"_bbp_voice_count":0,"_bbp_anonymous_reply_count":0,"_bbp_topic_count_hidden":0,"_bbp_reply_count_hidden":0,"_bbp_forum_subforum_count":0,"site-sidebar-layout":"default","site-content-layout":"","ast-site-content-layout":"","site-content-style":"default","site-sidebar-style":"default","ast-global-header-display":"","ast-banner-title-visibility":"","ast-main-header-display":"","ast-hfb-above-header-display":"","ast-hfb-below-header-display":"","ast-hfb-mobile-header-display":"","site-post-title":"","ast-breadcrumbs-content":"","ast-featured-img":"","footer-sml-layout":"","theme-transparent-header-meta":"","adv-header-id-meta":"","stick-header-meta":"","header-above-stick-meta":"","header-main-stick-meta":"","header-below-stick-meta":"","astra-migrate-meta-layouts":"default","ast-page-background-enabled":"default","ast-page-background-meta":{"desktop":{"background-color":"var(--ast-global-color-4)","background-image":"","background-repeat":"repeat","background-position":"center center","background-size":"auto","background-attachment":"scroll","background-type":"","background-media":"","overlay-type":"","overlay-color":"","overlay-opacity":"","overlay-gradient":""},"tablet":{"background-color":"","background-image":"","background-repeat":"repeat","background-position":"center center","background-size":"auto","background-attachment":"scroll","background-type":"","background-media":"","overlay-type":"","overlay-color":"","overlay-opacity":"","overlay-gradient":""},"mobile":{"background-color":"","background-image":"","background-repeat":"repeat","background-position":"center center","background-size":"auto","background-attachment":"scroll","background-type":"","background-media":"","overlay-type":"","overlay-color":"","overlay-opacity":"","overlay-gradient":""}},"ast-content-background-meta":{"desktop":{"background-color":"var(--ast-global-color-5)","background-image":"","background-repeat":"repeat","background-position":"center center","background-size":"auto","background-attachment":"scroll","background-type":"","background-media":"","overlay-type":"","overlay-color":"","overlay-opacity":"","overlay-gradient":""},"tablet":{"background-color":"var(--ast-global-color-5)","background-image":"","background-repeat":"repeat","background-position":"center center","background-size":"auto","background-attachment":"scroll","background-type":"","background-media":"","overlay-type":"","overlay-color":"","overlay-opacity":"","overlay-gradient":""},"mobile":{"background-color":"var(--ast-global-color-5)","background-image":"","background-repeat":"repeat","background-position":"center center","background-size":"auto","background-attachment":"scroll","background-type":"","background-media":"","overlay-type":"","overlay-color":"","overlay-opacity":"","overlay-gradient":""}},"footnotes":""},"categories":[1,29],"tags":[],"class_list":["post-894","post","type-post","status-publish","format-standard","hentry","category-general","category-portada"],"post_mailing_queue_ids":[],"_links":{"self":[{"href":"https:\/\/agora.xtec.cat\/iesrafaelcampalans\/wp-json\/wp\/v2\/posts\/894","targetHints":{"allow":["GET"]}}],"collection":[{"href":"https:\/\/agora.xtec.cat\/iesrafaelcampalans\/wp-json\/wp\/v2\/posts"}],"about":[{"href":"https:\/\/agora.xtec.cat\/iesrafaelcampalans\/wp-json\/wp\/v2\/types\/post"}],"author":[{"embeddable":true,"href":"https:\/\/agora.xtec.cat\/iesrafaelcampalans\/wp-json\/wp\/v2\/users\/1"}],"replies":[{"embeddable":true,"href":"https:\/\/agora.xtec.cat\/iesrafaelcampalans\/wp-json\/wp\/v2\/comments?post=894"}],"version-history":[{"count":1,"href":"https:\/\/agora.xtec.cat\/iesrafaelcampalans\/wp-json\/wp\/v2\/posts\/894\/revisions"}],"predecessor-version":[{"id":1564,"href":"https:\/\/agora.xtec.cat\/iesrafaelcampalans\/wp-json\/wp\/v2\/posts\/894\/revisions\/1564"}],"wp:attachment":[{"href":"https:\/\/agora.xtec.cat\/iesrafaelcampalans\/wp-json\/wp\/v2\/media?parent=894"}],"wp:term":[{"taxonomy":"category","embeddable":true,"href":"https:\/\/agora.xtec.cat\/iesrafaelcampalans\/wp-json\/wp\/v2\/categories?post=894"},{"taxonomy":"post_tag","embeddable":true,"href":"https:\/\/agora.xtec.cat\/iesrafaelcampalans\/wp-json\/wp\/v2\/tags?post=894"}],"curies":[{"name":"wp","href":"https:\/\/api.w.org\/{rel}","templated":true}]}}