{"id":893,"date":"2016-06-02T10:50:00","date_gmt":"2016-06-02T08:50:00","guid":{"rendered":"http:\/\/agora.xtec.cat\/iesrafaelcampalans\/general\/sacaba-el-curs-dedicio-i-tractament-de-la-imatge\/"},"modified":"2017-09-25T23:33:28","modified_gmt":"2017-09-25T21:33:28","slug":"sacaba-el-curs-dedicio-i-tractament-de-la-imatge","status":"publish","type":"post","link":"https:\/\/agora.xtec.cat\/iesrafaelcampalans\/general\/sacaba-el-curs-dedicio-i-tractament-de-la-imatge\/","title":{"rendered":"S&#8217;acaba el curs d&#8217;edici\u00f3 i tractament de la imatge"},"content":{"rendered":"<div style=\"background-color: white; color: #222222;\"><span style=\"font-family: &quot;arial&quot; , &quot;helvetica&quot; , sans-serif; line-height: 17.92px; text-align: justify;\">Aquest curs d&#8217;edici\u00f3 i tractament de la imatge, organitzat per l&#8217;AMPA de l&#8217;institut i impartit per Salvador Mainou, arriba a la fi aquesta setmana, propera al final de curs. Tot seguit us deixem unes paraules del mateix professor Mainou que ens explica qu\u00e8 s&#8217;ha fet durant aquest taller.<\/span><br \/><a name='more'><\/a><\/div>\n<div style=\"background-color: white; color: #222222; text-align: justify;\"><span style=\"font-family: &quot;arial&quot; , &quot;helvetica&quot; , sans-serif;\"><br \/><\/span><\/div>\n<div style=\"background-color: white; color: #222222; text-align: justify;\"><span style=\"font-family: &quot;arial&quot; , &quot;helvetica&quot; , sans-serif;\">&#8220;En aquest curset ens hem centrat en la fotografia i vam aprendre com funciona realment una c\u00e0mera r\u00e8flex i a no tenir por de disparar en modes no autom\u00e0tics. Vam comen\u00e7ar identificant les diferents parts que componen aquest tipus de c\u00e0meres, les diferents funcions que tenen, qu\u00e8 s\u00f3n i per a qu\u00e8 serveixen la velocitat d\u2019obturaci\u00f3, el diafragma i l\u2019ISO. Amb aquests conceptes ja clars, ens vam endinsar en temes de composici\u00f3, com poder transmetre all\u00f2 que volem, qu\u00e8 hem de tenir en compte i, fins i tot, vam fer algunes classes d\u2019edici\u00f3 i petits muntatges on es van fusionar diverses imatges en una de sola.<\/span><\/div>\n<div style=\"background-color: white; color: #222222; text-align: justify;\"><span style=\"font-family: &quot;arial&quot; , &quot;helvetica&quot; , sans-serif;\">Finalment vam veure diferents maneres d\u2019utilitzar el flaix de la c\u00e0mera, com es pot modificar la llum que crea, i ens vam atrevir a fer un parell de sessions de retrat entre nosaltres, primer amb llum natural, i l\u2019ajuda del flaix de la c\u00e0mera si era necessari, i despr\u00e9s muntant un petit estudi amb flaixos externs.&#8221;<\/span><\/div>\n<div style=\"background-color: white; color: #222222; font-family: arial, sans-serif; font-size: 12.8px; text-align: justify;\"><\/div>\n<div style=\"clear: both; text-align: center;\"><a href=\"https:\/\/1.bp.blogspot.com\/-0B5bjAi0QPo\/V0_yuXF7wYI\/AAAAAAAAB_Q\/a7Nqh1AFI8Qyj_GM83kxaJpuVcDZNQ6CgCLcB\/s1600\/IMG_1006.JPG\" style=\"margin-left: 1em; margin-right: 1em;\"><img loading=\"lazy\" decoding=\"async\" border=\"0\" height=\"300\" src=\"https:\/\/1.bp.blogspot.com\/-0B5bjAi0QPo\/V0_yuXF7wYI\/AAAAAAAAB_Q\/a7Nqh1AFI8Qyj_GM83kxaJpuVcDZNQ6CgCLcB\/s400\/IMG_1006.JPG\" width=\"400\" \/><\/a><\/div>\n<div style=\"clear: both; text-align: center;\"><a href=\"https:\/\/3.bp.blogspot.com\/-Ep2F9lzYrpc\/V0_yv8rmdKI\/AAAAAAAAB_U\/LOUOMiL7BkIkW1iTJtHfZKeojjAPrf8UACLcB\/s1600\/IMG_1008.JPG\" style=\"margin-left: 1em; margin-right: 1em;\"><img loading=\"lazy\" decoding=\"async\" border=\"0\" height=\"300\" src=\"https:\/\/3.bp.blogspot.com\/-Ep2F9lzYrpc\/V0_yv8rmdKI\/AAAAAAAAB_U\/LOUOMiL7BkIkW1iTJtHfZKeojjAPrf8UACLcB\/s400\/IMG_1008.JPG\" width=\"400\" \/><\/a><\/div>\n<div style=\"text-align: center;\">\n<div style=\"clear: both; text-align: center;\"><a href=\"https:\/\/1.bp.blogspot.com\/-zc2RPEwc5w0\/V1AeWEZzacI\/AAAAAAAAB_s\/um4fVQ5df0gIDyt73GRJ_GhXZOfrAMaAgCLcB\/s1600\/Retrat-01.JPG\" style=\"margin-left: 1em; margin-right: 1em;\"><img loading=\"lazy\" decoding=\"async\" border=\"0\" height=\"213\" src=\"https:\/\/1.bp.blogspot.com\/-zc2RPEwc5w0\/V1AeWEZzacI\/AAAAAAAAB_s\/um4fVQ5df0gIDyt73GRJ_GhXZOfrAMaAgCLcB\/s320\/Retrat-01.JPG\" width=\"320\" \/><\/a><\/div>\n<div style=\"clear: both; text-align: center;\"><a href=\"https:\/\/4.bp.blogspot.com\/-3Au8qQyHP-4\/V1AfyBW-JSI\/AAAAAAAACAA\/FSo4quDHR1sgbgg0WFdGxowZsgZ1-FV6ACLcB\/s1600\/IMG_1010.JPG\" style=\"margin-left: 1em; margin-right: 1em;\"><img loading=\"lazy\" decoding=\"async\" border=\"0\" height=\"320\" src=\"https:\/\/4.bp.blogspot.com\/-3Au8qQyHP-4\/V1AfyBW-JSI\/AAAAAAAACAA\/FSo4quDHR1sgbgg0WFdGxowZsgZ1-FV6ACLcB\/s320\/IMG_1010.JPG\" width=\"240\" \/><\/a><\/div>\n<\/div>\n<div style=\"background-color: white; color: #222222; font-family: arial, sans-serif; font-size: 12.8px; text-align: right;\"><a href=\"https:\/\/3.bp.blogspot.com\/-cr4HWEqTyto\/V1AeX0UiMCI\/AAAAAAAAB_w\/k_sy6YnclD4UC2-Mi0pc0B781LD5tE7-wCLcB\/s1600\/Retrat-02.JPG\" style=\"font-family: 'Times New Roman'; font-size: medium; margin-left: 1em; margin-right: 1em; text-align: center;\"><img loading=\"lazy\" decoding=\"async\" border=\"0\" height=\"266\" src=\"https:\/\/3.bp.blogspot.com\/-cr4HWEqTyto\/V1AeX0UiMCI\/AAAAAAAAB_w\/k_sy6YnclD4UC2-Mi0pc0B781LD5tE7-wCLcB\/s400\/Retrat-02.JPG\" width=\"400\" \/><\/a><br \/><i style=\"font-size: 12.8px;\"><span style=\"font-size: 12.8px;\"><br \/><\/span><\/i><i style=\"font-size: 12.8px;\"><span style=\"font-size: 12.8px;\"><i style=\"font-size: 12.8px;\"><span style=\"font-size: 12.8px;\">Salvador Mainou&nbsp;<\/span><span style=\"font-size: 12.8px;\">(monit<\/span><\/i>or del curset d&#8217;Edici\u00f3 i Tractament de la Imatge)<\/span><\/i><\/div>\n<div style=\"background-color: white; color: #222222; font-family: arial, sans-serif; font-size: 12.8px;\"><\/div>\n<div style=\"background-color: white; color: #222222; font-family: arial, sans-serif; font-size: 12.8px;\"><\/div>\n<div style=\"background-color: white; color: #222222; font-family: arial, sans-serif; font-size: 12.8px;\">\n<div dir=\"ltr\"><img decoding=\"async\" class=\"CToWUd\" src=\"https:\/\/ci6.googleusercontent.com\/proxy\/iIbWeHYksEon00aL8T8M3MeiBmN4vxyXqA1S7Ykz_y6dlmzC-Uv0gtlM3TSeoNm8JY5GdGLJo2DWmAOOiW0hHRP9sb3TqP2BvTUnnDsqPctnMC7E0OngkEPlWyAy32lFlGq1J19u9AOwnNnqIabZF4v5V_GT7RHOUJXadTNNKiVLM2g1NFq50UgoH7zkG6AefkpxG4hV8GbdnBo=s0-d-e1-ft#https:\/\/docs.google.com\/uc?export=download&amp;id=0B8KbCx1liNSoai0zTWFUUUN3X3M&amp;revid=0B8KbCx1liNSoQjhJUlJRWmUrNFo5MVFUWnRSN0dnRk5sdWQ4PQ\" \/><\/div>\n<\/div>\n","protected":false},"excerpt":{"rendered":"<p>Aquest curs d&#8217;edici\u00f3 i tractament de la imatge, organitzat per l&#8217;AMPA de l&#8217;institut i impartit per Salvador Mainou, arriba a la fi aquesta setmana, propera al final de curs. Tot seguit us deixem unes paraules del mateix professor Mainou que ens explica qu\u00e8 s&#8217;ha fet durant aquest taller. &#8220;En aquest curset ens hem centrat en [&hellip;]<\/p>\n","protected":false},"author":1,"featured_media":0,"comment_status":"closed","ping_status":"closed","sticky":false,"template":"","format":"standard","meta":{"_bbp_topic_count":0,"_bbp_reply_count":0,"_bbp_total_topic_count":0,"_bbp_total_reply_count":0,"_bbp_voice_count":0,"_bbp_anonymous_reply_count":0,"_bbp_topic_count_hidden":0,"_bbp_reply_count_hidden":0,"_bbp_forum_subforum_count":0,"site-sidebar-layout":"default","site-content-layout":"","ast-site-content-layout":"","site-content-style":"default","site-sidebar-style":"default","ast-global-header-display":"","ast-banner-title-visibility":"","ast-main-header-display":"","ast-hfb-above-header-display":"","ast-hfb-below-header-display":"","ast-hfb-mobile-header-display":"","site-post-title":"","ast-breadcrumbs-content":"","ast-featured-img":"","footer-sml-layout":"","theme-transparent-header-meta":"","adv-header-id-meta":"","stick-header-meta":"","header-above-stick-meta":"","header-main-stick-meta":"","header-below-stick-meta":"","astra-migrate-meta-layouts":"default","ast-page-background-enabled":"default","ast-page-background-meta":{"desktop":{"background-color":"var(--ast-global-color-4)","background-image":"","background-repeat":"repeat","background-position":"center center","background-size":"auto","background-attachment":"scroll","background-type":"","background-media":"","overlay-type":"","overlay-color":"","overlay-opacity":"","overlay-gradient":""},"tablet":{"background-color":"","background-image":"","background-repeat":"repeat","background-position":"center center","background-size":"auto","background-attachment":"scroll","background-type":"","background-media":"","overlay-type":"","overlay-color":"","overlay-opacity":"","overlay-gradient":""},"mobile":{"background-color":"","background-image":"","background-repeat":"repeat","background-position":"center center","background-size":"auto","background-attachment":"scroll","background-type":"","background-media":"","overlay-type":"","overlay-color":"","overlay-opacity":"","overlay-gradient":""}},"ast-content-background-meta":{"desktop":{"background-color":"var(--ast-global-color-5)","background-image":"","background-repeat":"repeat","background-position":"center center","background-size":"auto","background-attachment":"scroll","background-type":"","background-media":"","overlay-type":"","overlay-color":"","overlay-opacity":"","overlay-gradient":""},"tablet":{"background-color":"var(--ast-global-color-5)","background-image":"","background-repeat":"repeat","background-position":"center center","background-size":"auto","background-attachment":"scroll","background-type":"","background-media":"","overlay-type":"","overlay-color":"","overlay-opacity":"","overlay-gradient":""},"mobile":{"background-color":"var(--ast-global-color-5)","background-image":"","background-repeat":"repeat","background-position":"center center","background-size":"auto","background-attachment":"scroll","background-type":"","background-media":"","overlay-type":"","overlay-color":"","overlay-opacity":"","overlay-gradient":""}},"footnotes":""},"categories":[1,29],"tags":[],"class_list":["post-893","post","type-post","status-publish","format-standard","hentry","category-general","category-portada"],"post_mailing_queue_ids":[],"_links":{"self":[{"href":"https:\/\/agora.xtec.cat\/iesrafaelcampalans\/wp-json\/wp\/v2\/posts\/893","targetHints":{"allow":["GET"]}}],"collection":[{"href":"https:\/\/agora.xtec.cat\/iesrafaelcampalans\/wp-json\/wp\/v2\/posts"}],"about":[{"href":"https:\/\/agora.xtec.cat\/iesrafaelcampalans\/wp-json\/wp\/v2\/types\/post"}],"author":[{"embeddable":true,"href":"https:\/\/agora.xtec.cat\/iesrafaelcampalans\/wp-json\/wp\/v2\/users\/1"}],"replies":[{"embeddable":true,"href":"https:\/\/agora.xtec.cat\/iesrafaelcampalans\/wp-json\/wp\/v2\/comments?post=893"}],"version-history":[{"count":1,"href":"https:\/\/agora.xtec.cat\/iesrafaelcampalans\/wp-json\/wp\/v2\/posts\/893\/revisions"}],"predecessor-version":[{"id":1563,"href":"https:\/\/agora.xtec.cat\/iesrafaelcampalans\/wp-json\/wp\/v2\/posts\/893\/revisions\/1563"}],"wp:attachment":[{"href":"https:\/\/agora.xtec.cat\/iesrafaelcampalans\/wp-json\/wp\/v2\/media?parent=893"}],"wp:term":[{"taxonomy":"category","embeddable":true,"href":"https:\/\/agora.xtec.cat\/iesrafaelcampalans\/wp-json\/wp\/v2\/categories?post=893"},{"taxonomy":"post_tag","embeddable":true,"href":"https:\/\/agora.xtec.cat\/iesrafaelcampalans\/wp-json\/wp\/v2\/tags?post=893"}],"curies":[{"name":"wp","href":"https:\/\/api.w.org\/{rel}","templated":true}]}}