{"id":892,"date":"2016-06-02T15:58:00","date_gmt":"2016-06-02T13:58:00","guid":{"rendered":"http:\/\/agora.xtec.cat\/iesrafaelcampalans\/general\/premiat-el-bloc-recerca-del-patrimoni-industrial-dangles\/"},"modified":"2017-09-25T23:33:28","modified_gmt":"2017-09-25T21:33:28","slug":"premiat-el-bloc-recerca-del-patrimoni-industrial-dangles","status":"publish","type":"post","link":"https:\/\/agora.xtec.cat\/iesrafaelcampalans\/general\/premiat-el-bloc-recerca-del-patrimoni-industrial-dangles\/","title":{"rendered":"Premiat el bloc &#8220;Recerca del Patrimoni Industrial d&#8217;Angl\u00e8s&#8221;"},"content":{"rendered":"<div style=\"text-align: center;\"><\/div>\n<div style=\"clear: both; text-align: center;\"><a href=\"https:\/\/3.bp.blogspot.com\/-VbWZg7jk5k4\/V1A3-juBF5I\/AAAAAAAACAU\/E6E7S6LvVK09D240AYjrVZiz-JISSqqfACLcB\/s1600\/DSCF2729.JPG\" style=\"margin-left: 1em; margin-right: 1em;\"><img loading=\"lazy\" decoding=\"async\" border=\"0\" height=\"300\" src=\"https:\/\/3.bp.blogspot.com\/-VbWZg7jk5k4\/V1A3-juBF5I\/AAAAAAAACAU\/E6E7S6LvVK09D240AYjrVZiz-JISSqqfACLcB\/s400\/DSCF2729.JPG\" width=\"400\" \/><\/a><\/div>\n<div style=\"clear: both; text-align: justify;\"><\/div>\n<div style=\"clear: both; text-align: justify;\"><span style=\"font-family: &quot;arial&quot; , &quot;helvetica&quot; , sans-serif;\">Aquestes noies de la fotografia ja han fet la seva valenta contribuci\u00f3 a la divulgaci\u00f3 del Patrimoni Industrial d&#8217;Angl\u00e8s. Hi ha molta gent que no sap la import\u00e0ncia de la f\u00e0brica Bur\u00e9s. Encara hi ha, per\u00f2, molt\u00edssima gent que \u00e9s un testimoni directe del que va ser treballar a la f\u00e0brica i del que va representar aquesta ind\u00fastria per a tantes i tantes fam\u00edlies anglesenques.&nbsp;<\/span><\/div>\n<div style=\"clear: both; text-align: justify;\"><span style=\"font-family: &quot;arial&quot; , &quot;helvetica&quot; , sans-serif;\"><br \/><\/span><\/div>\n<div style=\"clear: both; text-align: justify;\"><span style=\"font-family: &quot;arial&quot; , &quot;helvetica&quot; , sans-serif;\"><\/span><\/div>\n<p><a name='more'><\/a><span style=\"font-family: &quot;arial&quot; , &quot;helvetica&quot; , sans-serif;\">L&#8217;Estel, l&#8217;Ariadna, la Manpreet, l&#8217;Aina i la Mar (del Grup +de8), coordinades per les professores Eva Becerra i Roser Sidera, han tingut curiositat per descobrir qu\u00e8 hi ha o qu\u00e8 hi havia darrere el que avui s\u00f3n les parets envellides i brutes d&#8217;una antiga ind\u00fastria, era &#8220;la f\u00e0brica&#8221;, per excel.l\u00e8ncia, tothom sabia de qu\u00e8 parlava i a quina f\u00e0brica es referia. Actualment hi ha gent que nom\u00e9s sap que hi havia el &#8220;Tuuut&#8221;, \u00e9s a dir, la sirena que indicava l&#8217;inici i el final dels torns. Per\u00f2 elles han descobert que hi ha i que hi havia molt m\u00e9s que aix\u00f2. Han recollit tamb\u00e9 el testimoni d&#8217;unes senyores que els han explicat els seus records.&nbsp;<\/span><\/p>\n<div style=\"clear: both; text-align: justify;\"><\/div>\n<div style=\"clear: both; text-align: center;\"><a href=\"https:\/\/4.bp.blogspot.com\/-ZB3nqoKOI7o\/V1A39L_JtfI\/AAAAAAAACAQ\/y2qjP25XAe8JUP8EBMRG5MZbRYDET_jWACLcB\/s1600\/DSCF2727.JPG\" style=\"margin-left: 1em; margin-right: 1em;\"><img loading=\"lazy\" decoding=\"async\" border=\"0\" height=\"300\" src=\"https:\/\/4.bp.blogspot.com\/-ZB3nqoKOI7o\/V1A39L_JtfI\/AAAAAAAACAQ\/y2qjP25XAe8JUP8EBMRG5MZbRYDET_jWACLcB\/s400\/DSCF2727.JPG\" width=\"400\" \/><\/a><\/div>\n<div style=\"clear: both; text-align: justify;\"><\/div>\n<div style=\"clear: both; text-align: justify;\"><span style=\"font-family: &quot;arial&quot; , &quot;helvetica&quot; , sans-serif;\">I tot aix\u00f2 ho han recollit en un format modernet, n&#8217;han fet un bloc, que \u00e9s una del\u00edcia, i per acabar-ho d&#8217;adobar aquest bloc ha estat premiat amb un premi extraordinari per <a href=\"http:\/\/www.esdelibro.es\/\" target=\"_blank\">www.esdelibro.es<\/a><\/span><span style=\"font-family: &quot;arial&quot; , &quot;helvetica&quot; , sans-serif;\">, de la qual cosa se senten i ens en sentim molt i molt orgulloses. <i>&#8220;El jurat del concurs ha decidit, per unanimitat, recon\u00e8ixer l&#8217;excel\u00b7lent qualitat del treball presentat, l&#8217;originalitat en els seus plantejaments i execuci\u00f3,&nbsp;<\/i><\/span><span style=\"font-family: &quot;arial&quot; , &quot;helvetica&quot; , sans-serif;\"><i>el respecte als drets de propietat intel.lectual i l&#8217;esfor\u00e7 investigador dut a terme per les seves autores.&#8221;<\/i><\/span><\/div>\n<div style=\"clear: both; text-align: justify;\"><span style=\"font-family: &quot;arial&quot; , &quot;helvetica&quot; , sans-serif;\"><br \/><\/span><\/div>\n<div style=\"clear: both; text-align: justify;\"><span style=\"font-family: &quot;arial&quot; , &quot;helvetica&quot; , sans-serif;\">Si voleu el podeu tafanejar <a href=\"http:\/\/mesdevuitbures.wix.com\/bures\" target=\"_blank\">aqu\u00ed<\/a>. Cliqueu.<\/span><\/div>\n<div style=\"clear: both; text-align: justify;\"><span style=\"font-family: &quot;arial&quot; , &quot;helvetica&quot; , sans-serif;\">Moltes felicitats!<\/span><\/div>\n<div style=\"clear: both; text-align: right;\"><span style=\"font-family: &quot;arial&quot; , &quot;helvetica&quot; , sans-serif;\"><i><span style=\"font-size: x-small;\">&#8220;Falc\u00f3 de not\u00edcies&#8221;, 2 de juny 2016<\/span><\/i><\/span><\/div>\n","protected":false},"excerpt":{"rendered":"<p>Aquestes noies de la fotografia ja han fet la seva valenta contribuci\u00f3 a la divulgaci\u00f3 del Patrimoni Industrial d&#8217;Angl\u00e8s. Hi ha molta gent que no sap la import\u00e0ncia de la f\u00e0brica Bur\u00e9s. Encara hi ha, per\u00f2, molt\u00edssima gent que \u00e9s un testimoni directe del que va ser treballar a la f\u00e0brica i del que va [&hellip;]<\/p>\n","protected":false},"author":1,"featured_media":0,"comment_status":"closed","ping_status":"closed","sticky":false,"template":"","format":"standard","meta":{"_bbp_topic_count":0,"_bbp_reply_count":0,"_bbp_total_topic_count":0,"_bbp_total_reply_count":0,"_bbp_voice_count":0,"_bbp_anonymous_reply_count":0,"_bbp_topic_count_hidden":0,"_bbp_reply_count_hidden":0,"_bbp_forum_subforum_count":0,"site-sidebar-layout":"default","site-content-layout":"","ast-site-content-layout":"","site-content-style":"default","site-sidebar-style":"default","ast-global-header-display":"","ast-banner-title-visibility":"","ast-main-header-display":"","ast-hfb-above-header-display":"","ast-hfb-below-header-display":"","ast-hfb-mobile-header-display":"","site-post-title":"","ast-breadcrumbs-content":"","ast-featured-img":"","footer-sml-layout":"","theme-transparent-header-meta":"","adv-header-id-meta":"","stick-header-meta":"","header-above-stick-meta":"","header-main-stick-meta":"","header-below-stick-meta":"","astra-migrate-meta-layouts":"default","ast-page-background-enabled":"default","ast-page-background-meta":{"desktop":{"background-color":"var(--ast-global-color-4)","background-image":"","background-repeat":"repeat","background-position":"center center","background-size":"auto","background-attachment":"scroll","background-type":"","background-media":"","overlay-type":"","overlay-color":"","overlay-opacity":"","overlay-gradient":""},"tablet":{"background-color":"","background-image":"","background-repeat":"repeat","background-position":"center center","background-size":"auto","background-attachment":"scroll","background-type":"","background-media":"","overlay-type":"","overlay-color":"","overlay-opacity":"","overlay-gradient":""},"mobile":{"background-color":"","background-image":"","background-repeat":"repeat","background-position":"center center","background-size":"auto","background-attachment":"scroll","background-type":"","background-media":"","overlay-type":"","overlay-color":"","overlay-opacity":"","overlay-gradient":""}},"ast-content-background-meta":{"desktop":{"background-color":"var(--ast-global-color-5)","background-image":"","background-repeat":"repeat","background-position":"center center","background-size":"auto","background-attachment":"scroll","background-type":"","background-media":"","overlay-type":"","overlay-color":"","overlay-opacity":"","overlay-gradient":""},"tablet":{"background-color":"var(--ast-global-color-5)","background-image":"","background-repeat":"repeat","background-position":"center center","background-size":"auto","background-attachment":"scroll","background-type":"","background-media":"","overlay-type":"","overlay-color":"","overlay-opacity":"","overlay-gradient":""},"mobile":{"background-color":"var(--ast-global-color-5)","background-image":"","background-repeat":"repeat","background-position":"center center","background-size":"auto","background-attachment":"scroll","background-type":"","background-media":"","overlay-type":"","overlay-color":"","overlay-opacity":"","overlay-gradient":""}},"footnotes":""},"categories":[1,29],"tags":[],"class_list":["post-892","post","type-post","status-publish","format-standard","hentry","category-general","category-portada"],"post_mailing_queue_ids":[],"_links":{"self":[{"href":"https:\/\/agora.xtec.cat\/iesrafaelcampalans\/wp-json\/wp\/v2\/posts\/892","targetHints":{"allow":["GET"]}}],"collection":[{"href":"https:\/\/agora.xtec.cat\/iesrafaelcampalans\/wp-json\/wp\/v2\/posts"}],"about":[{"href":"https:\/\/agora.xtec.cat\/iesrafaelcampalans\/wp-json\/wp\/v2\/types\/post"}],"author":[{"embeddable":true,"href":"https:\/\/agora.xtec.cat\/iesrafaelcampalans\/wp-json\/wp\/v2\/users\/1"}],"replies":[{"embeddable":true,"href":"https:\/\/agora.xtec.cat\/iesrafaelcampalans\/wp-json\/wp\/v2\/comments?post=892"}],"version-history":[{"count":1,"href":"https:\/\/agora.xtec.cat\/iesrafaelcampalans\/wp-json\/wp\/v2\/posts\/892\/revisions"}],"predecessor-version":[{"id":1562,"href":"https:\/\/agora.xtec.cat\/iesrafaelcampalans\/wp-json\/wp\/v2\/posts\/892\/revisions\/1562"}],"wp:attachment":[{"href":"https:\/\/agora.xtec.cat\/iesrafaelcampalans\/wp-json\/wp\/v2\/media?parent=892"}],"wp:term":[{"taxonomy":"category","embeddable":true,"href":"https:\/\/agora.xtec.cat\/iesrafaelcampalans\/wp-json\/wp\/v2\/categories?post=892"},{"taxonomy":"post_tag","embeddable":true,"href":"https:\/\/agora.xtec.cat\/iesrafaelcampalans\/wp-json\/wp\/v2\/tags?post=892"}],"curies":[{"name":"wp","href":"https:\/\/api.w.org\/{rel}","templated":true}]}}