{"id":891,"date":"2016-06-10T17:18:00","date_gmt":"2016-06-10T15:18:00","guid":{"rendered":"http:\/\/agora.xtec.cat\/iesrafaelcampalans\/general\/avui-estrena-delectra-a-tot-el-public\/"},"modified":"2017-09-25T23:33:28","modified_gmt":"2017-09-25T21:33:28","slug":"avui-estrena-delectra-a-tot-el-public","status":"publish","type":"post","link":"https:\/\/agora.xtec.cat\/iesrafaelcampalans\/general\/avui-estrena-delectra-a-tot-el-public\/","title":{"rendered":"Avui, estrena d&#8217;ELECTRA a tot el p\u00fablic"},"content":{"rendered":"<div style=\"clear: both; text-align: center;\"><a href=\"https:\/\/3.bp.blogspot.com\/-q2SfwJlFnRY\/V1rV3S34BnI\/AAAAAAAACAo\/ZgToK_rTA2c9KuGeP8KaioPmVKCsqC4gwCLcB\/s1600\/cartell.jpg\" style=\"margin-left: 1em; margin-right: 1em;\"><img loading=\"lazy\" decoding=\"async\" border=\"0\" height=\"640\" src=\"https:\/\/3.bp.blogspot.com\/-q2SfwJlFnRY\/V1rV3S34BnI\/AAAAAAAACAo\/ZgToK_rTA2c9KuGeP8KaioPmVKCsqC4gwCLcB\/s640\/cartell.jpg\" width=\"451\" \/><\/a><\/div>\n<div style=\"clear: both; text-align: center;\"><\/div>\n<div style=\"clear: both; text-align: justify;\"><span style=\"font-family: &quot;arial&quot; , &quot;helvetica&quot; , sans-serif;\">Benvolgudes fam\u00edlies, pares i mares, alumnes, amants del teatre&#8230;,&nbsp;<\/span><\/div>\n<div style=\"clear: both; text-align: justify;\"><span style=\"font-family: &quot;arial&quot; , &quot;helvetica&quot; , sans-serif;\"><br \/><\/span><\/div>\n<div style=\"clear: both; text-align: justify;\"><span style=\"font-family: &quot;arial&quot; , &quot;helvetica&quot; , sans-serif;\">Atenci\u00f3!, avui no us podeu perdre l&#8217;estrena al p\u00fablic en general de l&#8217;obra de teatre cl\u00e0ssic <i>Electra <\/i>de S\u00f2focles, en adaptaci\u00f3 de llu\u00eds Sol\u00e9 -professor de catal\u00e0 de l&#8217;institut- i dirigida per Albert Prat -professor de llat\u00ed i grec del nostre centre. <\/span><\/div>\n<p><a name='more'><\/a><\/p>\n<div style=\"text-align: justify;\"><span style=\"font-family: &quot;arial&quot; , &quot;helvetica&quot; , sans-serif;\">L&#8217;obra ser\u00e0 representada al teatre del Centre de la Cellera de Ter, a c\u00e0rrec de la companyia &#8220;In Albis Teatre&#8221; formada pels alumnes de cl\u00e0ssiques de 1r de batxillerat de l&#8217;institut Rafel Campalans, i la col.laboraci\u00f3 d&#8217;alumnes de 4t d&#8217;ESO. Es compta, a m\u00e9s, amb la col.laboraci\u00f3 com a t\u00e8cnics de llum i so de Guillem Bartrina i de Pau Bou. Cal destacar tamb\u00e9 la participaci\u00f3 generosa de l&#8217;Escola Vall dels \u00c0ngels d&#8217;Angl\u00e8s que ens han deixat molts dels elements d&#8217;<i>atrezzo<\/i> que s&#8217;utilitzaran a l&#8217;obra.<\/span><\/div>\n<div style=\"clear: both; text-align: justify;\"><span style=\"font-family: &quot;arial&quot; , &quot;helvetica&quot; , sans-serif;\">Si no teniu entrades anticipades, podreu adquirir-ne a la mateixa taquilla del teatre.&nbsp;<\/span><\/div>\n<div style=\"clear: both; text-align: justify;\"><span style=\"font-family: &quot;arial&quot; , &quot;helvetica&quot; , sans-serif;\">Us assegurem que val molt la pena, per aix\u00f2 i us instem a anar-la a veure i sobretot, sobretot no deixeu passar l&#8217;oportunitat de visionar-la sense &nbsp;filtres i en rigor\u00f3s directe.<\/span><\/div>\n<div style=\"clear: both; text-align: justify;\"><span style=\"font-family: &quot;arial&quot; , &quot;helvetica&quot; , sans-serif;\"><br \/><\/span><\/div>\n<div style=\"clear: both; text-align: right;\"><span style=\"font-family: &quot;arial&quot; , &quot;helvetica&quot; , sans-serif; font-size: x-small;\"><i>&#8220;Falc\u00f3 de not\u00edcies&#8221;, 10 de juny 2016<\/i><\/span><\/div>\n<p><\/p>\n","protected":false},"excerpt":{"rendered":"<p>Benvolgudes fam\u00edlies, pares i mares, alumnes, amants del teatre&#8230;,&nbsp; Atenci\u00f3!, avui no us podeu perdre l&#8217;estrena al p\u00fablic en general de l&#8217;obra de teatre cl\u00e0ssic Electra de S\u00f2focles, en adaptaci\u00f3 de llu\u00eds Sol\u00e9 -professor de catal\u00e0 de l&#8217;institut- i dirigida per Albert Prat -professor de llat\u00ed i grec del nostre centre. L&#8217;obra ser\u00e0 representada al [&hellip;]<\/p>\n","protected":false},"author":1,"featured_media":0,"comment_status":"closed","ping_status":"closed","sticky":false,"template":"","format":"standard","meta":{"_bbp_topic_count":0,"_bbp_reply_count":0,"_bbp_total_topic_count":0,"_bbp_total_reply_count":0,"_bbp_voice_count":0,"_bbp_anonymous_reply_count":0,"_bbp_topic_count_hidden":0,"_bbp_reply_count_hidden":0,"_bbp_forum_subforum_count":0,"site-sidebar-layout":"default","site-content-layout":"","ast-site-content-layout":"","site-content-style":"default","site-sidebar-style":"default","ast-global-header-display":"","ast-banner-title-visibility":"","ast-main-header-display":"","ast-hfb-above-header-display":"","ast-hfb-below-header-display":"","ast-hfb-mobile-header-display":"","site-post-title":"","ast-breadcrumbs-content":"","ast-featured-img":"","footer-sml-layout":"","theme-transparent-header-meta":"","adv-header-id-meta":"","stick-header-meta":"","header-above-stick-meta":"","header-main-stick-meta":"","header-below-stick-meta":"","astra-migrate-meta-layouts":"default","ast-page-background-enabled":"default","ast-page-background-meta":{"desktop":{"background-color":"var(--ast-global-color-4)","background-image":"","background-repeat":"repeat","background-position":"center center","background-size":"auto","background-attachment":"scroll","background-type":"","background-media":"","overlay-type":"","overlay-color":"","overlay-opacity":"","overlay-gradient":""},"tablet":{"background-color":"","background-image":"","background-repeat":"repeat","background-position":"center center","background-size":"auto","background-attachment":"scroll","background-type":"","background-media":"","overlay-type":"","overlay-color":"","overlay-opacity":"","overlay-gradient":""},"mobile":{"background-color":"","background-image":"","background-repeat":"repeat","background-position":"center center","background-size":"auto","background-attachment":"scroll","background-type":"","background-media":"","overlay-type":"","overlay-color":"","overlay-opacity":"","overlay-gradient":""}},"ast-content-background-meta":{"desktop":{"background-color":"var(--ast-global-color-5)","background-image":"","background-repeat":"repeat","background-position":"center center","background-size":"auto","background-attachment":"scroll","background-type":"","background-media":"","overlay-type":"","overlay-color":"","overlay-opacity":"","overlay-gradient":""},"tablet":{"background-color":"var(--ast-global-color-5)","background-image":"","background-repeat":"repeat","background-position":"center center","background-size":"auto","background-attachment":"scroll","background-type":"","background-media":"","overlay-type":"","overlay-color":"","overlay-opacity":"","overlay-gradient":""},"mobile":{"background-color":"var(--ast-global-color-5)","background-image":"","background-repeat":"repeat","background-position":"center center","background-size":"auto","background-attachment":"scroll","background-type":"","background-media":"","overlay-type":"","overlay-color":"","overlay-opacity":"","overlay-gradient":""}},"footnotes":""},"categories":[1,29],"tags":[],"class_list":["post-891","post","type-post","status-publish","format-standard","hentry","category-general","category-portada"],"post_mailing_queue_ids":[],"_links":{"self":[{"href":"https:\/\/agora.xtec.cat\/iesrafaelcampalans\/wp-json\/wp\/v2\/posts\/891","targetHints":{"allow":["GET"]}}],"collection":[{"href":"https:\/\/agora.xtec.cat\/iesrafaelcampalans\/wp-json\/wp\/v2\/posts"}],"about":[{"href":"https:\/\/agora.xtec.cat\/iesrafaelcampalans\/wp-json\/wp\/v2\/types\/post"}],"author":[{"embeddable":true,"href":"https:\/\/agora.xtec.cat\/iesrafaelcampalans\/wp-json\/wp\/v2\/users\/1"}],"replies":[{"embeddable":true,"href":"https:\/\/agora.xtec.cat\/iesrafaelcampalans\/wp-json\/wp\/v2\/comments?post=891"}],"version-history":[{"count":1,"href":"https:\/\/agora.xtec.cat\/iesrafaelcampalans\/wp-json\/wp\/v2\/posts\/891\/revisions"}],"predecessor-version":[{"id":1561,"href":"https:\/\/agora.xtec.cat\/iesrafaelcampalans\/wp-json\/wp\/v2\/posts\/891\/revisions\/1561"}],"wp:attachment":[{"href":"https:\/\/agora.xtec.cat\/iesrafaelcampalans\/wp-json\/wp\/v2\/media?parent=891"}],"wp:term":[{"taxonomy":"category","embeddable":true,"href":"https:\/\/agora.xtec.cat\/iesrafaelcampalans\/wp-json\/wp\/v2\/categories?post=891"},{"taxonomy":"post_tag","embeddable":true,"href":"https:\/\/agora.xtec.cat\/iesrafaelcampalans\/wp-json\/wp\/v2\/tags?post=891"}],"curies":[{"name":"wp","href":"https:\/\/api.w.org\/{rel}","templated":true}]}}