{"id":889,"date":"2016-06-15T21:49:00","date_gmt":"2016-06-15T19:49:00","guid":{"rendered":"http:\/\/agora.xtec.cat\/iesrafaelcampalans\/general\/es-tanca-la-campanya-de-recollida-daliments\/"},"modified":"2017-09-25T23:33:27","modified_gmt":"2017-09-25T21:33:27","slug":"es-tanca-la-campanya-de-recollida-daliments","status":"publish","type":"post","link":"https:\/\/agora.xtec.cat\/iesrafaelcampalans\/general\/es-tanca-la-campanya-de-recollida-daliments\/","title":{"rendered":"Es tanca la campanya de recollida d\u2019aliments"},"content":{"rendered":"<div style=\"clear: both; text-align: center;\"><\/div>\n<div style=\"clear: both; text-align: center;\"><a href=\"https:\/\/3.bp.blogspot.com\/-OU7VY28Bo8o\/V2GxHNPqMtI\/AAAAAAAACBg\/u_P5fYTLsX87jwQMWLZI1D-jAZxPqVS6QCLcB\/s1600\/ments.jpg\" style=\"margin-left: 1em; margin-right: 1em;\"><img loading=\"lazy\" decoding=\"async\" border=\"0\" height=\"240\" src=\"https:\/\/3.bp.blogspot.com\/-OU7VY28Bo8o\/V2GxHNPqMtI\/AAAAAAAACBg\/u_P5fYTLsX87jwQMWLZI1D-jAZxPqVS6QCLcB\/s320\/ments.jpg\" width=\"320\" \/><\/a><\/div>\n<p><\/p>\n<div style=\"clear: both; text-align: center;\"><a href=\"https:\/\/3.bp.blogspot.com\/-SEen4aFYl7U\/V2GxFKWWjFI\/AAAAAAAACBY\/H-IYmoGdDiQiYCEcBi9GEw3Skd3oa1VhgCLcB\/s1600\/ali.jpg\" style=\"margin-left: 1em; margin-right: 1em;\"><img loading=\"lazy\" decoding=\"async\" border=\"0\" height=\"240\" src=\"https:\/\/3.bp.blogspot.com\/-SEen4aFYl7U\/V2GxFKWWjFI\/AAAAAAAACBY\/H-IYmoGdDiQiYCEcBi9GEw3Skd3oa1VhgCLcB\/s320\/ali.jpg\" width=\"320\" \/><\/a><\/div>\n<div style=\"line-height: 150%; text-align: justify;\"><span style=\"font-family: &quot;arial&quot; , &quot;helvetica&quot; , sans-serif; line-height: 150%;\">El divendres 10 de juny es va donar per tancada la campanya de recollida d\u2019aliments que es va dur a terme en el nostre institut en benefici de l\u2019organitzaci\u00f3 <\/span><i style=\"font-family: Arial, Helvetica, sans-serif; line-height: 150%;\">Caritas. <\/i><span style=\"font-family: &quot;arial&quot; , &quot;helvetica&quot; , sans-serif; line-height: 150%;\">Els alumnes de tercer d\u2019ESO, impulsors d\u2019aquesta iniciativa que ha comptat amb la col\u00b7laboraci\u00f3 dels membres de <\/span><i style=\"font-family: Arial, Helvetica, sans-serif; line-height: 150%;\">Caritas-Angl\u00e8s<\/i><span style=\"font-family: &quot;arial&quot; , &quot;helvetica&quot; , sans-serif; line-height: 150%;\"> Miquel Tolosa i Albert Mitj\u00e0, volen expressar l\u2019agra\u00efment a les fam\u00edles, professorat i personal no docent que han contribu\u00eft a la recollida d\u2019una bona quantitat d\u2019aliments, que de ben segur ajudaran una colla de fam\u00edlies del nostre municipi amb pocs recursos.&nbsp;<\/span><\/div>\n<div style=\"line-height: 150%; text-align: justify;\"><span style=\"line-height: 150%;\"><span style=\"font-family: &quot;arial&quot; , &quot;helvetica&quot; , sans-serif;\">Gr\u00e0cies a tots per haver-nos perm\u00e8s dur a terme una experi\u00e8ncia tan enriquidora!<\/span><\/span><\/div>\n<div style=\"line-height: 150%; text-align: justify;\"><span style=\"font-family: &quot;arial&quot; , &quot;helvetica&quot; , sans-serif;\"><o:p><\/o:p><\/span><\/div>\n<p><\/p>\n<div style=\"line-height: 150%; text-align: right;\"><b><i><span style=\"font-family: &quot;arial&quot; , &quot;helvetica&quot; , sans-serif;\">Alumnes de 3r A i 3r B<\/span><\/i><o:p><\/o:p><\/b><\/div>\n","protected":false},"excerpt":{"rendered":"<p>El divendres 10 de juny es va donar per tancada la campanya de recollida d\u2019aliments que es va dur a terme en el nostre institut en benefici de l\u2019organitzaci\u00f3 Caritas. Els alumnes de tercer d\u2019ESO, impulsors d\u2019aquesta iniciativa que ha comptat amb la col\u00b7laboraci\u00f3 dels membres de Caritas-Angl\u00e8s Miquel Tolosa i Albert Mitj\u00e0, volen expressar [&hellip;]<\/p>\n","protected":false},"author":1,"featured_media":0,"comment_status":"closed","ping_status":"closed","sticky":false,"template":"","format":"standard","meta":{"_bbp_topic_count":0,"_bbp_reply_count":0,"_bbp_total_topic_count":0,"_bbp_total_reply_count":0,"_bbp_voice_count":0,"_bbp_anonymous_reply_count":0,"_bbp_topic_count_hidden":0,"_bbp_reply_count_hidden":0,"_bbp_forum_subforum_count":0,"site-sidebar-layout":"default","site-content-layout":"","ast-site-content-layout":"","site-content-style":"default","site-sidebar-style":"default","ast-global-header-display":"","ast-banner-title-visibility":"","ast-main-header-display":"","ast-hfb-above-header-display":"","ast-hfb-below-header-display":"","ast-hfb-mobile-header-display":"","site-post-title":"","ast-breadcrumbs-content":"","ast-featured-img":"","footer-sml-layout":"","theme-transparent-header-meta":"","adv-header-id-meta":"","stick-header-meta":"","header-above-stick-meta":"","header-main-stick-meta":"","header-below-stick-meta":"","astra-migrate-meta-layouts":"default","ast-page-background-enabled":"default","ast-page-background-meta":{"desktop":{"background-color":"var(--ast-global-color-4)","background-image":"","background-repeat":"repeat","background-position":"center center","background-size":"auto","background-attachment":"scroll","background-type":"","background-media":"","overlay-type":"","overlay-color":"","overlay-opacity":"","overlay-gradient":""},"tablet":{"background-color":"","background-image":"","background-repeat":"repeat","background-position":"center center","background-size":"auto","background-attachment":"scroll","background-type":"","background-media":"","overlay-type":"","overlay-color":"","overlay-opacity":"","overlay-gradient":""},"mobile":{"background-color":"","background-image":"","background-repeat":"repeat","background-position":"center center","background-size":"auto","background-attachment":"scroll","background-type":"","background-media":"","overlay-type":"","overlay-color":"","overlay-opacity":"","overlay-gradient":""}},"ast-content-background-meta":{"desktop":{"background-color":"var(--ast-global-color-5)","background-image":"","background-repeat":"repeat","background-position":"center center","background-size":"auto","background-attachment":"scroll","background-type":"","background-media":"","overlay-type":"","overlay-color":"","overlay-opacity":"","overlay-gradient":""},"tablet":{"background-color":"var(--ast-global-color-5)","background-image":"","background-repeat":"repeat","background-position":"center center","background-size":"auto","background-attachment":"scroll","background-type":"","background-media":"","overlay-type":"","overlay-color":"","overlay-opacity":"","overlay-gradient":""},"mobile":{"background-color":"var(--ast-global-color-5)","background-image":"","background-repeat":"repeat","background-position":"center center","background-size":"auto","background-attachment":"scroll","background-type":"","background-media":"","overlay-type":"","overlay-color":"","overlay-opacity":"","overlay-gradient":""}},"footnotes":""},"categories":[1,29],"tags":[],"class_list":["post-889","post","type-post","status-publish","format-standard","hentry","category-general","category-portada"],"post_mailing_queue_ids":[],"_links":{"self":[{"href":"https:\/\/agora.xtec.cat\/iesrafaelcampalans\/wp-json\/wp\/v2\/posts\/889","targetHints":{"allow":["GET"]}}],"collection":[{"href":"https:\/\/agora.xtec.cat\/iesrafaelcampalans\/wp-json\/wp\/v2\/posts"}],"about":[{"href":"https:\/\/agora.xtec.cat\/iesrafaelcampalans\/wp-json\/wp\/v2\/types\/post"}],"author":[{"embeddable":true,"href":"https:\/\/agora.xtec.cat\/iesrafaelcampalans\/wp-json\/wp\/v2\/users\/1"}],"replies":[{"embeddable":true,"href":"https:\/\/agora.xtec.cat\/iesrafaelcampalans\/wp-json\/wp\/v2\/comments?post=889"}],"version-history":[{"count":1,"href":"https:\/\/agora.xtec.cat\/iesrafaelcampalans\/wp-json\/wp\/v2\/posts\/889\/revisions"}],"predecessor-version":[{"id":1559,"href":"https:\/\/agora.xtec.cat\/iesrafaelcampalans\/wp-json\/wp\/v2\/posts\/889\/revisions\/1559"}],"wp:attachment":[{"href":"https:\/\/agora.xtec.cat\/iesrafaelcampalans\/wp-json\/wp\/v2\/media?parent=889"}],"wp:term":[{"taxonomy":"category","embeddable":true,"href":"https:\/\/agora.xtec.cat\/iesrafaelcampalans\/wp-json\/wp\/v2\/categories?post=889"},{"taxonomy":"post_tag","embeddable":true,"href":"https:\/\/agora.xtec.cat\/iesrafaelcampalans\/wp-json\/wp\/v2\/tags?post=889"}],"curies":[{"name":"wp","href":"https:\/\/api.w.org\/{rel}","templated":true}]}}