{"id":854,"date":"2016-10-20T12:20:00","date_gmt":"2016-10-20T10:20:00","guid":{"rendered":"http:\/\/agora.xtec.cat\/iesrafaelcampalans\/general\/curset-extraescolar-de-fotografia\/"},"modified":"2017-09-25T23:30:15","modified_gmt":"2017-09-25T21:30:15","slug":"curset-extraescolar-de-fotografia","status":"publish","type":"post","link":"https:\/\/agora.xtec.cat\/iesrafaelcampalans\/general\/curset-extraescolar-de-fotografia\/","title":{"rendered":"Curset extraescolar de fotografia"},"content":{"rendered":"<div style=\"background-color: white; color: #222222; font-family: arial, sans-serif; font-size: 12.8px;\">Ahir dimecres, 19 d&#8217;octubre va comen\u00e7ar el curs de fotografia per als alumnes de l&#8217;institut que s&#8217;hi hagin apuntat, a c\u00e0rrec de la S\u00edlvia Culubret.<\/div>\n<div style=\"background-color: white; color: #222222; font-family: arial, sans-serif; font-size: 12.8px;\"><\/div>\n<div style=\"clear: both; text-align: center;\"><a href=\"https:\/\/3.bp.blogspot.com\/-jF3q3fQpeoE\/WAiZ9ZX6TBI\/AAAAAAAACYs\/zJsNxnUoRlA5Z7WvenK2bVsoQJ2REZ1XQCLcB\/s1600\/images.jpg\" style=\"margin-left: 1em; margin-right: 1em;\"><img decoding=\"async\" border=\"0\" src=\"https:\/\/3.bp.blogspot.com\/-jF3q3fQpeoE\/WAiZ9ZX6TBI\/AAAAAAAACYs\/zJsNxnUoRlA5Z7WvenK2bVsoQJ2REZ1XQCLcB\/s1600\/images.jpg\" \/><\/a><\/div>\n<p><a name='more'><\/a><span style=\"background-color: white; color: #222222; font-family: &quot;arial&quot; , sans-serif; font-size: 12.8px; text-align: justify;\">Aquest curs promogut per l&#8217;AMPA est\u00e0 pensat per aquells alumnes que els faci feli\u00e7os fer bones fotografies i que van m\u00e9s enll\u00e0 de voler fer-se <\/span><i style=\"color: #222222; font-family: arial, sans-serif; font-size: 12.8px; text-align: justify;\">selfies<\/i><span style=\"background-color: white; color: #222222; font-family: &quot;arial&quot; , sans-serif; font-size: 12.8px; text-align: justify;\">. Des de l&#8217;institut pensem que estaria molt b\u00e9 que quan hi hagi alguna activitat de centre es pugui comptar amb aquests fot\u00f2grafs i que es puguin convertir en testimonis gr\u00e0fics de la vida de l&#8217;institut. D&#8217;aquesta manera ells podran dur a la pr\u00e0ctica tot el que aprenguin en el curset i al mateix temps participaran de forma activa en la vida de l&#8217;Institut Rafael Campalans, d&#8217;on s\u00f3n alumnes.<\/span><\/p>\n<div style=\"background-color: white; color: #222222; font-family: arial, sans-serif; font-size: 12.8px; text-align: justify;\"><\/div>\n<div style=\"background-color: white; color: #222222; font-family: arial, sans-serif; font-size: 12.8px; text-align: center;\"><a href=\"https:\/\/2.bp.blogspot.com\/-mcm0FEeGc9g\/WAiaEMXnVbI\/AAAAAAAACY4\/exUFXaz9YoUlNtZ-qvwq2xLQK1vjBW7IwCLcB\/s1600\/images%2B%25281%2529.jpg\" style=\"font-family: &quot;Times New Roman&quot;; font-size: medium; margin-left: 1em; margin-right: 1em;\"><img decoding=\"async\" border=\"0\" src=\"https:\/\/2.bp.blogspot.com\/-mcm0FEeGc9g\/WAiaEMXnVbI\/AAAAAAAACY4\/exUFXaz9YoUlNtZ-qvwq2xLQK1vjBW7IwCLcB\/s1600\/images%2B%25281%2529.jpg\" \/><\/a><\/div>\n<div style=\"background-color: white; color: #222222; font-family: arial, sans-serif; font-size: 12.8px; text-align: center;\"><\/div>\n<div style=\"background-color: white; color: #222222; font-family: arial, sans-serif; font-size: 12.8px; text-align: justify;\">Una dada curiosa: tots els participants al curset s\u00f3n noies! de deb\u00f2 no hi ha cap noi que l&#8217;interessi la fotografia? Nois, us ho haureu de fer mirar!<\/div>\n<div style=\"background-color: white; color: #222222; font-family: arial, sans-serif; font-size: 12.8px; text-align: justify;\"><\/div>\n<div style=\"background-color: white; color: #222222; font-family: arial, sans-serif; font-size: 12.8px; text-align: right;\"><i>&#8220;Falc\u00f3 de not\u00edcies&#8221;, 20 d&#8217;octubre &nbsp;2016<\/i><\/div>\n<div style=\"background-color: white; color: #222222; font-family: arial, sans-serif; font-size: 12.8px; text-align: justify;\"><\/div>\n<div style=\"background-color: white; color: #222222; font-family: arial, sans-serif; font-size: 12.8px; text-align: justify;\"><\/div>\n<div style=\"background-color: white; color: #222222; font-family: arial, sans-serif; font-size: 12.8px;\"><\/div>\n<div style=\"background-color: white; color: #222222; font-family: arial, sans-serif; font-size: 12.8px;\"><\/div>\n","protected":false},"excerpt":{"rendered":"<p>Ahir dimecres, 19 d&#8217;octubre va comen\u00e7ar el curs de fotografia per als alumnes de l&#8217;institut que s&#8217;hi hagin apuntat, a c\u00e0rrec de la S\u00edlvia Culubret. Aquest curs promogut per l&#8217;AMPA est\u00e0 pensat per aquells alumnes que els faci feli\u00e7os fer bones fotografies i que van m\u00e9s enll\u00e0 de voler fer-se selfies. Des de l&#8217;institut pensem [&hellip;]<\/p>\n","protected":false},"author":1,"featured_media":0,"comment_status":"closed","ping_status":"closed","sticky":false,"template":"","format":"standard","meta":{"_bbp_topic_count":0,"_bbp_reply_count":0,"_bbp_total_topic_count":0,"_bbp_total_reply_count":0,"_bbp_voice_count":0,"_bbp_anonymous_reply_count":0,"_bbp_topic_count_hidden":0,"_bbp_reply_count_hidden":0,"_bbp_forum_subforum_count":0,"site-sidebar-layout":"default","site-content-layout":"","ast-site-content-layout":"","site-content-style":"default","site-sidebar-style":"default","ast-global-header-display":"","ast-banner-title-visibility":"","ast-main-header-display":"","ast-hfb-above-header-display":"","ast-hfb-below-header-display":"","ast-hfb-mobile-header-display":"","site-post-title":"","ast-breadcrumbs-content":"","ast-featured-img":"","footer-sml-layout":"","theme-transparent-header-meta":"","adv-header-id-meta":"","stick-header-meta":"","header-above-stick-meta":"","header-main-stick-meta":"","header-below-stick-meta":"","astra-migrate-meta-layouts":"default","ast-page-background-enabled":"default","ast-page-background-meta":{"desktop":{"background-color":"var(--ast-global-color-4)","background-image":"","background-repeat":"repeat","background-position":"center center","background-size":"auto","background-attachment":"scroll","background-type":"","background-media":"","overlay-type":"","overlay-color":"","overlay-opacity":"","overlay-gradient":""},"tablet":{"background-color":"","background-image":"","background-repeat":"repeat","background-position":"center center","background-size":"auto","background-attachment":"scroll","background-type":"","background-media":"","overlay-type":"","overlay-color":"","overlay-opacity":"","overlay-gradient":""},"mobile":{"background-color":"","background-image":"","background-repeat":"repeat","background-position":"center center","background-size":"auto","background-attachment":"scroll","background-type":"","background-media":"","overlay-type":"","overlay-color":"","overlay-opacity":"","overlay-gradient":""}},"ast-content-background-meta":{"desktop":{"background-color":"var(--ast-global-color-5)","background-image":"","background-repeat":"repeat","background-position":"center center","background-size":"auto","background-attachment":"scroll","background-type":"","background-media":"","overlay-type":"","overlay-color":"","overlay-opacity":"","overlay-gradient":""},"tablet":{"background-color":"var(--ast-global-color-5)","background-image":"","background-repeat":"repeat","background-position":"center center","background-size":"auto","background-attachment":"scroll","background-type":"","background-media":"","overlay-type":"","overlay-color":"","overlay-opacity":"","overlay-gradient":""},"mobile":{"background-color":"var(--ast-global-color-5)","background-image":"","background-repeat":"repeat","background-position":"center center","background-size":"auto","background-attachment":"scroll","background-type":"","background-media":"","overlay-type":"","overlay-color":"","overlay-opacity":"","overlay-gradient":""}},"footnotes":""},"categories":[1,29],"tags":[],"class_list":["post-854","post","type-post","status-publish","format-standard","hentry","category-general","category-portada"],"post_mailing_queue_ids":[],"_links":{"self":[{"href":"https:\/\/agora.xtec.cat\/iesrafaelcampalans\/wp-json\/wp\/v2\/posts\/854","targetHints":{"allow":["GET"]}}],"collection":[{"href":"https:\/\/agora.xtec.cat\/iesrafaelcampalans\/wp-json\/wp\/v2\/posts"}],"about":[{"href":"https:\/\/agora.xtec.cat\/iesrafaelcampalans\/wp-json\/wp\/v2\/types\/post"}],"author":[{"embeddable":true,"href":"https:\/\/agora.xtec.cat\/iesrafaelcampalans\/wp-json\/wp\/v2\/users\/1"}],"replies":[{"embeddable":true,"href":"https:\/\/agora.xtec.cat\/iesrafaelcampalans\/wp-json\/wp\/v2\/comments?post=854"}],"version-history":[{"count":1,"href":"https:\/\/agora.xtec.cat\/iesrafaelcampalans\/wp-json\/wp\/v2\/posts\/854\/revisions"}],"predecessor-version":[{"id":1524,"href":"https:\/\/agora.xtec.cat\/iesrafaelcampalans\/wp-json\/wp\/v2\/posts\/854\/revisions\/1524"}],"wp:attachment":[{"href":"https:\/\/agora.xtec.cat\/iesrafaelcampalans\/wp-json\/wp\/v2\/media?parent=854"}],"wp:term":[{"taxonomy":"category","embeddable":true,"href":"https:\/\/agora.xtec.cat\/iesrafaelcampalans\/wp-json\/wp\/v2\/categories?post=854"},{"taxonomy":"post_tag","embeddable":true,"href":"https:\/\/agora.xtec.cat\/iesrafaelcampalans\/wp-json\/wp\/v2\/tags?post=854"}],"curies":[{"name":"wp","href":"https:\/\/api.w.org\/{rel}","templated":true}]}}