{"id":840,"date":"2016-11-22T18:55:00","date_gmt":"2016-11-22T17:55:00","guid":{"rendered":"http:\/\/agora.xtec.cat\/iesrafaelcampalans\/general\/ja-tenim-els-candidats-al-consell-escolar\/"},"modified":"2017-09-25T23:29:54","modified_gmt":"2017-09-25T21:29:54","slug":"ja-tenim-els-candidats-al-consell-escolar","status":"publish","type":"post","link":"https:\/\/agora.xtec.cat\/iesrafaelcampalans\/general\/ja-tenim-els-candidats-al-consell-escolar\/","title":{"rendered":"Ja tenim els candidats al Consell Escolar"},"content":{"rendered":"<div style=\"text-align: justify;\">Avui s&#8217;han publicat els candidats al Consell Escolar del sector de pares i mares i del sector de l&#8217;alumnat. Els candidats que s&#8217;han presentat s\u00f3n per al sector pares i mares: Anna Bordonada \u00c1lvarez, mare de Zion Jim\u00e9nez, Carme Noguer, mare de Roger Maqueda i Marta Rodr\u00edguez, mare d&#8217;Alex Tom\u00e0s.<\/p>\n<div style=\"clear: both; text-align: center;\"><a href=\"https:\/\/2.bp.blogspot.com\/-y7SQucuKq2Q\/WDR3d6u7HlI\/AAAAAAAACe4\/NNtbjHegoVgGO2pUhoYB2WG0BmmVa5L7ACLcB\/s1600\/candidats.jpg\" style=\"margin-left: 1em; margin-right: 1em;\"><img loading=\"lazy\" decoding=\"async\" border=\"0\" height=\"300\" src=\"https:\/\/2.bp.blogspot.com\/-y7SQucuKq2Q\/WDR3d6u7HlI\/AAAAAAAACe4\/NNtbjHegoVgGO2pUhoYB2WG0BmmVa5L7ACLcB\/s400\/candidats.jpg\" width=\"400\" \/><\/a><\/div>\n<div style=\"clear: both; text-align: center;\"><\/div>\n<p><a name='more'><\/a><br \/>Els candidats del sector dels alumnes s\u00f3n Ferran Clap\u00e9s (2n ESO), Roger Maqueda (2n ESO) i Cl\u00e0udia Soler (3r ESO). D&#8217;entre aquests tres candidats n&#8217;hauran de sortir dos que substituiran en Lluc Bosch (2n BAT) i Anna Vilarrubias (ja exalumna). El tercer quedar\u00e0 com a substitut.<\/div>\n<p><\/p>\n<div style=\"text-align: justify;\">En espera d&#8217;oferir-vos una foto dels candidats del sector pares i mares, us en mostrem una dels alumnes. A partir d&#8217;ara toca que facin difusi\u00f3 de la seva candidatura i del seu comprom\u00eds d&#8217;actuaci\u00f3.&nbsp;<\/div>\n<div style=\"text-align: justify;\"><\/div>\n<div style=\"text-align: justify;\"><\/div>\n<div style=\"text-align: right;\"><i>&#8220;Falc\u00f3 de not\u00edcies&#8221;, 22 de novembre de 2016<\/i><\/div>\n<div align=\"center\" style=\"text-align: center;\"><\/div>\n","protected":false},"excerpt":{"rendered":"<p>Avui s&#8217;han publicat els candidats al Consell Escolar del sector de pares i mares i del sector de l&#8217;alumnat. Els candidats que s&#8217;han presentat s\u00f3n per al sector pares i mares: Anna Bordonada \u00c1lvarez, mare de Zion Jim\u00e9nez, Carme Noguer, mare de Roger Maqueda i Marta Rodr\u00edguez, mare d&#8217;Alex Tom\u00e0s. Els candidats del sector dels [&hellip;]<\/p>\n","protected":false},"author":1,"featured_media":0,"comment_status":"closed","ping_status":"closed","sticky":false,"template":"","format":"standard","meta":{"_bbp_topic_count":0,"_bbp_reply_count":0,"_bbp_total_topic_count":0,"_bbp_total_reply_count":0,"_bbp_voice_count":0,"_bbp_anonymous_reply_count":0,"_bbp_topic_count_hidden":0,"_bbp_reply_count_hidden":0,"_bbp_forum_subforum_count":0,"site-sidebar-layout":"default","site-content-layout":"","ast-site-content-layout":"","site-content-style":"default","site-sidebar-style":"default","ast-global-header-display":"","ast-banner-title-visibility":"","ast-main-header-display":"","ast-hfb-above-header-display":"","ast-hfb-below-header-display":"","ast-hfb-mobile-header-display":"","site-post-title":"","ast-breadcrumbs-content":"","ast-featured-img":"","footer-sml-layout":"","theme-transparent-header-meta":"","adv-header-id-meta":"","stick-header-meta":"","header-above-stick-meta":"","header-main-stick-meta":"","header-below-stick-meta":"","astra-migrate-meta-layouts":"default","ast-page-background-enabled":"default","ast-page-background-meta":{"desktop":{"background-color":"var(--ast-global-color-4)","background-image":"","background-repeat":"repeat","background-position":"center center","background-size":"auto","background-attachment":"scroll","background-type":"","background-media":"","overlay-type":"","overlay-color":"","overlay-opacity":"","overlay-gradient":""},"tablet":{"background-color":"","background-image":"","background-repeat":"repeat","background-position":"center center","background-size":"auto","background-attachment":"scroll","background-type":"","background-media":"","overlay-type":"","overlay-color":"","overlay-opacity":"","overlay-gradient":""},"mobile":{"background-color":"","background-image":"","background-repeat":"repeat","background-position":"center center","background-size":"auto","background-attachment":"scroll","background-type":"","background-media":"","overlay-type":"","overlay-color":"","overlay-opacity":"","overlay-gradient":""}},"ast-content-background-meta":{"desktop":{"background-color":"var(--ast-global-color-5)","background-image":"","background-repeat":"repeat","background-position":"center center","background-size":"auto","background-attachment":"scroll","background-type":"","background-media":"","overlay-type":"","overlay-color":"","overlay-opacity":"","overlay-gradient":""},"tablet":{"background-color":"var(--ast-global-color-5)","background-image":"","background-repeat":"repeat","background-position":"center center","background-size":"auto","background-attachment":"scroll","background-type":"","background-media":"","overlay-type":"","overlay-color":"","overlay-opacity":"","overlay-gradient":""},"mobile":{"background-color":"var(--ast-global-color-5)","background-image":"","background-repeat":"repeat","background-position":"center center","background-size":"auto","background-attachment":"scroll","background-type":"","background-media":"","overlay-type":"","overlay-color":"","overlay-opacity":"","overlay-gradient":""}},"footnotes":""},"categories":[1,29],"tags":[],"class_list":["post-840","post","type-post","status-publish","format-standard","hentry","category-general","category-portada"],"post_mailing_queue_ids":[],"_links":{"self":[{"href":"https:\/\/agora.xtec.cat\/iesrafaelcampalans\/wp-json\/wp\/v2\/posts\/840","targetHints":{"allow":["GET"]}}],"collection":[{"href":"https:\/\/agora.xtec.cat\/iesrafaelcampalans\/wp-json\/wp\/v2\/posts"}],"about":[{"href":"https:\/\/agora.xtec.cat\/iesrafaelcampalans\/wp-json\/wp\/v2\/types\/post"}],"author":[{"embeddable":true,"href":"https:\/\/agora.xtec.cat\/iesrafaelcampalans\/wp-json\/wp\/v2\/users\/1"}],"replies":[{"embeddable":true,"href":"https:\/\/agora.xtec.cat\/iesrafaelcampalans\/wp-json\/wp\/v2\/comments?post=840"}],"version-history":[{"count":1,"href":"https:\/\/agora.xtec.cat\/iesrafaelcampalans\/wp-json\/wp\/v2\/posts\/840\/revisions"}],"predecessor-version":[{"id":1510,"href":"https:\/\/agora.xtec.cat\/iesrafaelcampalans\/wp-json\/wp\/v2\/posts\/840\/revisions\/1510"}],"wp:attachment":[{"href":"https:\/\/agora.xtec.cat\/iesrafaelcampalans\/wp-json\/wp\/v2\/media?parent=840"}],"wp:term":[{"taxonomy":"category","embeddable":true,"href":"https:\/\/agora.xtec.cat\/iesrafaelcampalans\/wp-json\/wp\/v2\/categories?post=840"},{"taxonomy":"post_tag","embeddable":true,"href":"https:\/\/agora.xtec.cat\/iesrafaelcampalans\/wp-json\/wp\/v2\/tags?post=840"}],"curies":[{"name":"wp","href":"https:\/\/api.w.org\/{rel}","templated":true}]}}